{"id":9953,"date":"2020-06-27T12:42:02","date_gmt":"2020-06-27T10:42:02","guid":{"rendered":"https:\/\/blog.caritas.barcelona\/?p=9953"},"modified":"2020-07-01T00:53:03","modified_gmt":"2020-06-30T22:53:03","slug":"caritas-y-el-ayuntamiento-de-barcelona-acuerdan-la-continuidad-del-centro-abierto-torre-baro","status":"publish","type":"post","link":"https:\/\/blog.caritas.barcelona\/es\/familia-e-infancia\/caritas-y-el-ayuntamiento-de-barcelona-acuerdan-la-continuidad-del-centro-abierto-torre-baro\/","title":{"rendered":"C\u00e1ritas y el Ayuntamiento de Barcelona acuerdan la continuidad del centro abierto Torre Bar\u00f3"},"content":{"rendered":"<p>Gracias al <strong>acuerdo entre C\u00e1ritas Diocesana de Barcelona y el Ayuntamiento de Barcelona<\/strong>, desde el 3 de junio el centro abierto Torre Bar\u00f3 ha reiniciado su actividad presencial<\/p>\n<ul>\n<li>Durante los meses de julio y agosto el centro abierto realizar\u00e1 actividades de campus de verano para que los ni\u00f1os y adolescentes disfruten de actividades de ocio que no han podido realizar durante el confinamiento<\/li>\n<\/ul>\n<p><strong>Desde el pasado 3 de junio, el centro abierto Torre Bar\u00f3 ha vuelto a abrir las puertas.<\/strong> Una vez finalizado el estado de alarma, el centro para ni\u00f1os y adolescentes retoma su actividad, con la voluntad de continuar acogiendo y acompa\u00f1ando a las familias en situaci\u00f3n de vulnerabilidad de Torre Bar\u00f3.<\/p>\n<p><img loading=\"lazy\" decoding=\"async\" class=\"alignnone size-large wp-image-9942\" src=\"https:\/\/blog.caritas.barcelona\/wp-content\/uploads\/sites\/2\/2020\/06\/20190715_TORRE_BARO%CC%81_EXCURSIO%CC%81_VALLVIDRERA-26-1024x768.jpg\" alt=\"\" width=\"1024\" height=\"768\" \/><\/p>\n<p><strong>Gracias al acuerdo de colaboraci\u00f3n entre C\u00e1ritas Diocesana de Barcelona y el Ayuntamiento de Barcelona, ya se han reanudado las entrevistas individuales con las familias y se han llevado a cabo actividades en grupos reducidos de un m\u00e1ximo de 5 ni\u00f1os.<\/strong> Con la fase de reanudaci\u00f3n iniciada por la Generalitat de Catalunya ya podr\u00e1n hacerse actividades grupales de hasta un m\u00e1ximo de 10 ni\u00f1os por grupo, siempre condicionadas a la normativa de protecci\u00f3n sanitaria.<\/p>\n<p><strong>Este acuerdo llega despu\u00e9s de casi medio a\u00f1o de trabajo conjunto entre el Instituto Municipal de Servicios Sociales, C\u00e1ritas y el distrito de Nou Barris para garantizar la continuidad del proyecto, en un contexto donde las necesidades se han visto agravadas por la crisis econ\u00f3mica generada por la COVID-19<\/strong> y donde la acci\u00f3n comunitaria que desarrollan centros como este juega un papel fundamental en el acompa\u00f1amiento a ni\u00f1os y familias. \u201cLos recursos que tenemos a nuestro alcance son limitados, y es dif\u00edcil tomar decisiones en estos momentos tan complejos. Durante el per\u00edodo de confinamiento, C\u00e1ritas Diocesana de Barcelona ha realizado seguimiento online de la situaci\u00f3n de los ni\u00f1os y las familias del centro. <strong>Ahora que el centro ha reactivado su actividad, queremos que las familias y los ni\u00f1os se reencuentren con los amigos y amigas, y que puedan disfrutar de los campus de verano y del nuevo curso que empezar\u00e1 en septiembre\u201d<\/strong>, ha indicado Eduard Sala, responsable de acci\u00f3n social de C\u00e1ritas Diocesana de Barcelona<\/p>\n<p>El concejal del distrito, Xavier Marc\u00e9, ha celebrado la continuidad del equipamiento y ha valorado muy positivamente el acuerdo: \u201cLos problemas derivados de la pandemia est\u00e1n aqu\u00ed y desgraciadamente obligan a mantener todos los servicios destinados a mejorar el apoyo social. <strong>La colaboraci\u00f3n con C\u00e1ritas es un excelente ejemplo de colaboraci\u00f3n con la sociedad civil y es imprescindible darle continuidad. Su tarea con ni\u00f1os y adolescentes garantiza un servicio necesario y muy apreciado en el barrio\u201d.<\/strong><\/p>\n<p><strong>Un centro con 30 a\u00f1os de historia<\/strong><\/p>\n<p><img loading=\"lazy\" decoding=\"async\" class=\"alignnone size-large wp-image-9950\" src=\"https:\/\/blog.caritas.barcelona\/wp-content\/uploads\/sites\/2\/2020\/06\/20190715_TORRE_BARO%CC%81_EXCURSIO%CC%81_VALLVIDRERA-19-1024x768.jpg\" alt=\"\" width=\"1024\" height=\"768\" \/><\/p>\n<p>El equipamiento vinculado al barrio de Torre Bar\u00f3, distrito de Nou Barris, desde hace 30 a\u00f1os ha visto crecer una gran multitud de ni\u00f1os y ni\u00f1as, pero la esencia se ha mantenido intacta: el proyecto atiende a ni\u00f1os y adolescentes en situaci\u00f3n de pobreza y exclusi\u00f3n social, <strong>con el objetivo de mejorar sus oportunidades y condiciones de vida<\/strong>. En un horario de lunes a viernes de 16h a 20h, los ni\u00f1os de entre 5 y 13 a\u00f1os que viven en los barrios de Vallbona, Ciutat Meridiana y Torre Bar\u00f3 tienen la oportunidad de dirigirse al centro abierto: all\u00ed realizan refuerzo escolar, talleres, manualidades, clases de inform\u00e1tica, actividades l\u00fadicas y otras acciones b\u00e1sicas que ayudan al crecimiento y desarrollo integral del ni\u00f1o.<\/p>\n<p><strong>Con plazas para 50 ni\u00f1os y adolescentes y la participaci\u00f3n de 35 familias, el centro Torre Bar\u00f3 cuenta con educadores\/as sociales, monitores\/as y voluntarios\/as que velan por garantizarles un desarrollo personal y educativo, organizan las actividades diarias y ofrecen una atenci\u00f3n personalizada con la promoci\u00f3n social como objetivo.<\/strong><\/p>\n<p><strong>Una tarea conjunta<\/strong><\/p>\n<p><img loading=\"lazy\" decoding=\"async\" class=\"alignnone size-large wp-image-9948\" src=\"https:\/\/blog.caritas.barcelona\/wp-content\/uploads\/sites\/2\/2020\/06\/20190715_TORRE_BARO%CC%81_EXCURSIO%CC%81_VALLVIDRERA-5-1024x768.jpg\" alt=\"\" width=\"1024\" height=\"768\" \/><\/p>\n<p>El acuerdo de continuidad <strong>ha sido posible gracias al reconocimiento que todos los agentes hacen del proyecto y de su aportaci\u00f3n a la comunidad.<\/strong> En este sentido la implicaci\u00f3n de las familias y del distrito ha sido fundamental.<\/p>\n<p>Adem\u00e1s de Torre Bar\u00f3, <strong>los otros 3 centros abiertos de ni\u00f1os y centros de adolescentes que C\u00e1ritas tiene situados en Barcelona tambi\u00e9n han reabierto a principios de junio: El casal de adolescentes Llops del Taga, el centro abierto Glamparetes y el casal de adolescentes de la Barceloneta.<\/strong><\/p>\n","protected":false},"excerpt":{"rendered":"<p>Gracias al acuerdo entre C\u00e1ritas Diocesana de Barcelona y el Ayuntamiento de Barcelona, desde el 3 de junio el centro abierto Torre Bar\u00f3 ha reiniciado su actividad presencial Durante los meses de julio y agosto el centro abierto realizar\u00e1 actividades de campus de verano para que los ni\u00f1os y adolescentes disfruten de actividades de ocio [&hellip;]<\/p>\n","protected":false},"author":8,"featured_media":9943,"comment_status":"open","ping_status":"open","sticky":false,"template":"","format":"standard","meta":{"footnotes":""},"categories":[28],"tags":[],"autor":[36],"class_list":["post-9953","post","type-post","status-publish","format-standard","has-post-thumbnail","hentry","category-familia-e-infancia","autor-caritas-diocesana-de-barcelona-es"],"aioseo_notices":[],"_links":{"self":[{"href":"https:\/\/blog.caritas.barcelona\/es\/wp-json\/wp\/v2\/posts\/9953","targetHints":{"allow":["GET"]}}],"collection":[{"href":"https:\/\/blog.caritas.barcelona\/es\/wp-json\/wp\/v2\/posts"}],"about":[{"href":"https:\/\/blog.caritas.barcelona\/es\/wp-json\/wp\/v2\/types\/post"}],"author":[{"embeddable":true,"href":"https:\/\/blog.caritas.barcelona\/es\/wp-json\/wp\/v2\/users\/8"}],"replies":[{"embeddable":true,"href":"https:\/\/blog.caritas.barcelona\/es\/wp-json\/wp\/v2\/comments?post=9953"}],"version-history":[{"count":1,"href":"https:\/\/blog.caritas.barcelona\/es\/wp-json\/wp\/v2\/posts\/9953\/revisions"}],"predecessor-version":[{"id":9954,"href":"https:\/\/blog.caritas.barcelona\/es\/wp-json\/wp\/v2\/posts\/9953\/revisions\/9954"}],"wp:featuredmedia":[{"embeddable":true,"href":"https:\/\/blog.caritas.barcelona\/es\/wp-json\/wp\/v2\/media\/9943"}],"wp:attachment":[{"href":"https:\/\/blog.caritas.barcelona\/es\/wp-json\/wp\/v2\/media?parent=9953"}],"wp:term":[{"taxonomy":"category","embeddable":true,"href":"https:\/\/blog.caritas.barcelona\/es\/wp-json\/wp\/v2\/categories?post=9953"},{"taxonomy":"post_tag","embeddable":true,"href":"https:\/\/blog.caritas.barcelona\/es\/wp-json\/wp\/v2\/tags?post=9953"},{"taxonomy":"autor","embeddable":true,"href":"https:\/\/blog.caritas.barcelona\/es\/wp-json\/wp\/v2\/autor?post=9953"}],"curies":[{"name":"wp","href":"https:\/\/api.w.org\/{rel}","templated":true}]}}