{"id":9664,"date":"2020-04-27T18:09:42","date_gmt":"2020-04-27T16:09:42","guid":{"rendered":"https:\/\/blog.caritas.barcelona\/?p=9664"},"modified":"2020-04-27T18:09:42","modified_gmt":"2020-04-27T16:09:42","slug":"el-covid19-y-el-acompanamiento-emocional-de-caritas-barcelona","status":"publish","type":"post","link":"https:\/\/blog.caritas.barcelona\/es\/acogida-y-acompanamiento\/el-covid19-y-el-acompanamiento-emocional-de-caritas-barcelona\/","title":{"rendered":"El COVID19 y el acompa\u00f1amiento emocional de C\u00e1ritas Barcelona"},"content":{"rendered":"<p>La pandemia del Coronavirus ha supuesto un verdadero trauma por la ciudadan\u00eda, despertando -l\u00f3gicamente-\u00a0<strong>todo tipo de miedos y mecanismos psicol\u00f3gicos<\/strong>\u00a0para defenderse de las consecuencias de esta situaci\u00f3n.<\/p>\n<p>Pero, si la ciudadan\u00eda en general se encuentra en estado de shock, las personas que est\u00e1n atendidas en C\u00e1ritas\u00a0<strong>todav\u00eda est\u00e1n en una situaci\u00f3n m\u00e1s cr\u00edtica dada su vulnerabilidad<\/strong>, la precariedad de sus trabajos, recursos econ\u00f3micos y condiciones de habitabilidad.<\/p>\n<p>Es por eso que el equipo de psic\u00f3logas de CDB ha trabajado, desde el primer d\u00eda que se decret\u00f3 el estado de alarma, con estrecha coordinaci\u00f3n con el resto de profesionales y voluntarios para poder\u00a0<strong>hacer un acompa\u00f1amiento emocional que creemos resulta tanto imprescindible como el acompa\u00f1amiento de recursos materiales<\/strong>: ayudas econ\u00f3micas, alimentarios, etc.<\/p>\n<p><img loading=\"lazy\" decoding=\"async\" class=\"size-full wp-image-9658 aligncenter\" src=\"https:\/\/blog.caritas.barcelona\/wp-content\/uploads\/sites\/2\/2020\/04\/WhatsApp-Image-2020-04-27-at-17.50.02.jpeg\" alt=\"\" width=\"1366\" height=\"768\" srcset=\"https:\/\/blog.caritas.barcelona\/wp-content\/uploads\/sites\/2\/2020\/04\/WhatsApp-Image-2020-04-27-at-17.50.02.jpeg 1366w, https:\/\/blog.caritas.barcelona\/wp-content\/uploads\/sites\/2\/2020\/04\/WhatsApp-Image-2020-04-27-at-17.50.02-300x169.jpeg 300w, https:\/\/blog.caritas.barcelona\/wp-content\/uploads\/sites\/2\/2020\/04\/WhatsApp-Image-2020-04-27-at-17.50.02-1024x576.jpeg 1024w, https:\/\/blog.caritas.barcelona\/wp-content\/uploads\/sites\/2\/2020\/04\/WhatsApp-Image-2020-04-27-at-17.50.02-768x432.jpeg 768w, https:\/\/blog.caritas.barcelona\/wp-content\/uploads\/sites\/2\/2020\/04\/WhatsApp-Image-2020-04-27-at-17.50.02-600x337.jpeg 600w\" sizes=\"auto, (max-width: 1366px) 100vw, 1366px\" \/><\/p>\n<p>La manera en que se est\u00e1 realizando este acompa\u00f1amiento es mediante las nuevas tecnolog\u00edas:\u00a0<strong>en algunos casos se ha hecho por video llamadas, en otros llamadas telef\u00f3nicas y tambi\u00e9n v\u00eda e-mails<\/strong>, en funci\u00f3n del tipo de acceso que pod\u00edan tener las personas de forma que nadie quedara al margen.<\/p>\n<p>En un primer momento se contact\u00f3 con las personas que ya ten\u00edan un seguimiento psicol\u00f3gico y\u00a0<strong>agradecieron mucho que pudiera establecerse esta nueva modalidad de seguimiento<\/strong>\u00a0y poder hablar de la situaci\u00f3n en que se encontraban: miedos, angustias, tristeza, dificultades con los hijos y\/o parejas, despidos\u2026 y, en funci\u00f3n de cada problem\u00e1tica, se han ido dando recursos y recomendaciones muy pr\u00e1cticas para gestionar de la mejor manera estos sentimientos.<\/p>\n<p>Hemos dado\u00a0<strong>especial atenci\u00f3n a las personas m\u00e1s vulnerables<\/strong>: familias monoparentales, situaciones de riesgo de violencia de g\u00e9nero, gente con trastornos mentales y gente mayor.<\/p>\n<p>En la medida que el confinamiento se ha ido alargando y\u00a0<strong>se han detectado nuevas situaciones por parte del resto de profesionales y voluntarios<\/strong>, hemos empezado a contactar con estas familias o personas para ofrecerlas tambi\u00e9n este acompa\u00f1amiento emocional y todo el mundo reconoce que se los est\u00e1 sirviendo de gran ayuda.<\/p>\n<p>Estas intervenciones de contenci\u00f3n y apoyo emocional tienen, a la vez, un cariz preventivo para poder\u00a0<strong>mitigar las situaciones de estr\u00e9s postraum\u00e1tico que surgir\u00e1n despu\u00e9s del confinamiento.<\/strong><\/p>\n<p>En paralelo, hemos ido\u00a0<strong>reforzando y dando herramientas de intervenci\u00f3n en los compa\u00f1eros que trabajan en recursos residenciales<\/strong>\u00a0puesto que si vivir en soledad esta situaci\u00f3n es muy delicada, consideramos que las din\u00e1micas que aparecen en estos espacios colectivos despu\u00e9s de muchos d\u00edas de estar cerrados\u00a0<strong>se tienen que contener de cerca para que no se conviertan en un problema<\/strong>\u00a0de convivencia importante.<\/p>\n<p>Queremos acabar dando un\u00a0<strong>mensaje positivo y de vitalidad<\/strong>\u00a0puesto que hemos encontrado una gran capacidad de resiliencia, lucha y de esperanza en pr\u00e1cticamente todas las situaciones que estamos acompa\u00f1ando y estamos seguros de que nos saldremos fortalecidos.<\/p>\n","protected":false},"excerpt":{"rendered":"<p>La pandemia del Coronavirus ha supuesto un verdadero trauma por la ciudadan\u00eda, despertando -l\u00f3gicamente-\u00a0todo tipo de miedos y mecanismos psicol\u00f3gicos\u00a0para defenderse de las consecuencias de esta situaci\u00f3n. Pero, si la ciudadan\u00eda en general se encuentra en estado de shock, las personas que est\u00e1n atendidas en C\u00e1ritas\u00a0todav\u00eda est\u00e1n en una situaci\u00f3n m\u00e1s cr\u00edtica dada su vulnerabilidad, [&hellip;]<\/p>\n","protected":false},"author":4,"featured_media":9658,"comment_status":"open","ping_status":"open","sticky":false,"template":"","format":"standard","meta":{"footnotes":""},"categories":[31],"tags":[],"autor":[2051],"class_list":["post-9664","post","type-post","status-publish","format-standard","has-post-thumbnail","hentry","category-acogida-y-acompanamiento","autor-joan-bas-2"],"aioseo_notices":[],"_links":{"self":[{"href":"https:\/\/blog.caritas.barcelona\/es\/wp-json\/wp\/v2\/posts\/9664","targetHints":{"allow":["GET"]}}],"collection":[{"href":"https:\/\/blog.caritas.barcelona\/es\/wp-json\/wp\/v2\/posts"}],"about":[{"href":"https:\/\/blog.caritas.barcelona\/es\/wp-json\/wp\/v2\/types\/post"}],"author":[{"embeddable":true,"href":"https:\/\/blog.caritas.barcelona\/es\/wp-json\/wp\/v2\/users\/4"}],"replies":[{"embeddable":true,"href":"https:\/\/blog.caritas.barcelona\/es\/wp-json\/wp\/v2\/comments?post=9664"}],"version-history":[{"count":1,"href":"https:\/\/blog.caritas.barcelona\/es\/wp-json\/wp\/v2\/posts\/9664\/revisions"}],"predecessor-version":[{"id":9665,"href":"https:\/\/blog.caritas.barcelona\/es\/wp-json\/wp\/v2\/posts\/9664\/revisions\/9665"}],"wp:featuredmedia":[{"embeddable":true,"href":"https:\/\/blog.caritas.barcelona\/es\/wp-json\/wp\/v2\/media\/9658"}],"wp:attachment":[{"href":"https:\/\/blog.caritas.barcelona\/es\/wp-json\/wp\/v2\/media?parent=9664"}],"wp:term":[{"taxonomy":"category","embeddable":true,"href":"https:\/\/blog.caritas.barcelona\/es\/wp-json\/wp\/v2\/categories?post=9664"},{"taxonomy":"post_tag","embeddable":true,"href":"https:\/\/blog.caritas.barcelona\/es\/wp-json\/wp\/v2\/tags?post=9664"},{"taxonomy":"autor","embeddable":true,"href":"https:\/\/blog.caritas.barcelona\/es\/wp-json\/wp\/v2\/autor?post=9664"}],"curies":[{"name":"wp","href":"https:\/\/api.w.org\/{rel}","templated":true}]}}