{"id":9578,"date":"2020-04-19T10:48:36","date_gmt":"2020-04-19T08:48:36","guid":{"rendered":"https:\/\/blog.caritas.barcelona\/?p=9578"},"modified":"2020-04-19T10:48:36","modified_gmt":"2020-04-19T08:48:36","slug":"familias-en-confinamiento","status":"publish","type":"post","link":"https:\/\/blog.caritas.barcelona\/es\/familia-e-infancia\/familias-en-confinamiento\/","title":{"rendered":"Familias en confinamiento"},"content":{"rendered":"<p>Estos d\u00edas (semanas) est\u00e1n\u202fsiendo\u202fexcepcionales, nos hemos tenido que adaptar a una situaci\u00f3n nueva. Nueva para todo el mundo.<\/p>\n<p>En los <strong>refuerzos educativos que hacemos desde C\u00e0ritas Barcelona a familias vulnerables<\/strong>, hemos pasado de estar frente a frente con los ni\u00f1os y ni\u00f1as, trabajando con y por ellos, a tener que hacer un <strong>seguimiento telef\u00f3nico<\/strong>.<\/p>\n<p>Hablamos con las familias y ni\u00f1os sobre las tareas escolares y sobre su estado emocional. La mayor\u00eda de los m\u00e1s peque\u00f1os de casa est\u00e1n tranquilos, hacen los deberes que se los env\u00eda la escuela, adaptados en el momento y situaci\u00f3n que nos ha tocado vivir. Pero esto es <strong>gracias al trabajo de\u202fmuchos\u202fh\u00e9roes olvidados estos d\u00edas: los padres.<\/strong> Est\u00e1n haciendo un trabajo enorme. Est\u00e1n haciendo de profesores, de dinamizadores, de monitores de deporte, de expertos en relajaci\u00f3n\u2026 Adem\u00e1s de los oficios de casa habituales de los padres: cocineros, jueces, cuentacuentos\u2026 Ni ellos sab\u00edan\u202fde qu\u00e9\u202feran capaces! Pasar 24 horas con los hijos, entretenerlos, entreteni\u00e9ndose a ellos mismos y saliendo vivos!<\/p>\n<p>Uno de los casos con el que nos hemos topado es la de <strong>una gran familia viviendo juntos: 9 personas en total, de las cuales 4 son ni\u00f1os y uno es un beb\u00e9.<\/strong> La cuesti\u00f3n es que los adultos notaban que los m\u00e1s peque\u00f1os estaban exaltados, muy movidos, se los costaba dormir y concentrarse. Necesitaban moverse, gritar, bailar\u2026 Necesitaban actuar como ni\u00f1os. El Mar, madre de dos de ellos, decidi\u00f3 que cada d\u00eda a mediod\u00eda har\u00edan \u201cla hora\u202floca\u201c, una din\u00e1mica donde la \u00fanica condici\u00f3n seria que no habr\u00eda condiciones. Una hora para desfogarse c\u00f3mo ellos prefirieran. El primer d\u00eda de llevarla a cabo todos se sorprendieron de los grandes cambios beneficiosos que hubo!<\/p>\n<p>\u201cSe los est\u00e1 funcionando s\u00faper bien, ha habido alg\u00fan d\u00eda no lo han podido hacer y se han mostrado muy inquietos, incluso han tenido dificultades para seguir con las rutinas habituales\u201d explica. Por eso <strong>lo estamos recomendando\u202fa las al resto de\u202ffamilias, y muchas de ellas ya lo han puesto en marcha<\/strong>, notando muchos cambios positivos en sus hijos e hijas.<\/p>\n<p><img loading=\"lazy\" decoding=\"async\" class=\"alignleft size-full wp-image-9576\" src=\"https:\/\/blog.caritas.barcelona\/wp-content\/uploads\/sites\/2\/2020\/04\/IMG-20200326-WA0009.jpg\" alt=\"\" width=\"876\" height=\"478\" srcset=\"https:\/\/blog.caritas.barcelona\/wp-content\/uploads\/sites\/2\/2020\/04\/IMG-20200326-WA0009.jpg 876w, https:\/\/blog.caritas.barcelona\/wp-content\/uploads\/sites\/2\/2020\/04\/IMG-20200326-WA0009-300x164.jpg 300w, https:\/\/blog.caritas.barcelona\/wp-content\/uploads\/sites\/2\/2020\/04\/IMG-20200326-WA0009-768x419.jpg 768w, https:\/\/blog.caritas.barcelona\/wp-content\/uploads\/sites\/2\/2020\/04\/IMG-20200326-WA0009-600x327.jpg 600w\" sizes=\"auto, (max-width: 876px) 100vw, 876px\" \/><\/p>\n<p>La misma madre nos explica que \u201cest\u00e1n jugando a muchos juegos conjuntamente pero solo se \u202fvale jugar y aprender\u201d. Lo hace de este modo porque alguno de ellos es muy competitivo y solo quiere participar\u202fa cualquier\u202fdin\u00e1mica si puede ganar. El que se les quiere transmitir con esto es que <strong>en la vida se gana y se pierde continuamente, y la esencia de cada cual no es ni mejor ni peor por haber ganado<\/strong> o haber perdido: ha aprendido con cada sacudida y con cada recompensa. Lo ha hecho mejor persona.<\/p>\n<p>En general, todas las familias atendidas han sabido gestionar muy bien la situaci\u00f3n: <strong>ninguno de los 22 ni\u00f1os entre los Refuerzos de Argentona y Vilassar de Mar ha pasado ning\u00fan episodio de miedo ni angustia.<\/strong> Desde el primer momento las madres y padres han explicado qu\u00e9 est\u00e1 pasando, el porqu\u00e9 del confinamiento, las medidas a adoptar estos d\u00edas\u2026 Han sabido tranquilizarlos y animarlos.<\/p>\n<p>En definitiva, estamos pasando una \u00e9poca extra\u00f1a por todo el mundo, y dura para muchos. Pero el que ha quedado claro es que <strong>cada uno de los padres y madres han sabido sacar el mejor de ellos y de sus hijos<\/strong>. Han aprendido, jugado, cocinado, bailado, re\u00eddo, han hecho deporte y se han divertido. Y todo esto, juntos. Creo que ahora las familias son m\u00e1s \u201cfamilia\u201d que nunca.<\/p>\n","protected":false},"excerpt":{"rendered":"<p>Estos d\u00edas (semanas) est\u00e1n\u202fsiendo\u202fexcepcionales, nos hemos tenido que adaptar a una situaci\u00f3n nueva. Nueva para todo el mundo. En los refuerzos educativos que hacemos desde C\u00e0ritas Barcelona a familias vulnerables, hemos pasado de estar frente a frente con los ni\u00f1os y ni\u00f1as, trabajando con y por ellos, a tener que hacer un seguimiento telef\u00f3nico. Hablamos [&hellip;]<\/p>\n","protected":false},"author":4,"featured_media":9574,"comment_status":"open","ping_status":"open","sticky":false,"template":"","format":"standard","meta":{"footnotes":""},"categories":[28],"tags":[],"autor":[2049],"class_list":["post-9578","post","type-post","status-publish","format-standard","has-post-thumbnail","hentry","category-familia-e-infancia","autor-anna-mata-2"],"aioseo_notices":[],"_links":{"self":[{"href":"https:\/\/blog.caritas.barcelona\/es\/wp-json\/wp\/v2\/posts\/9578","targetHints":{"allow":["GET"]}}],"collection":[{"href":"https:\/\/blog.caritas.barcelona\/es\/wp-json\/wp\/v2\/posts"}],"about":[{"href":"https:\/\/blog.caritas.barcelona\/es\/wp-json\/wp\/v2\/types\/post"}],"author":[{"embeddable":true,"href":"https:\/\/blog.caritas.barcelona\/es\/wp-json\/wp\/v2\/users\/4"}],"replies":[{"embeddable":true,"href":"https:\/\/blog.caritas.barcelona\/es\/wp-json\/wp\/v2\/comments?post=9578"}],"version-history":[{"count":1,"href":"https:\/\/blog.caritas.barcelona\/es\/wp-json\/wp\/v2\/posts\/9578\/revisions"}],"predecessor-version":[{"id":9579,"href":"https:\/\/blog.caritas.barcelona\/es\/wp-json\/wp\/v2\/posts\/9578\/revisions\/9579"}],"wp:featuredmedia":[{"embeddable":true,"href":"https:\/\/blog.caritas.barcelona\/es\/wp-json\/wp\/v2\/media\/9574"}],"wp:attachment":[{"href":"https:\/\/blog.caritas.barcelona\/es\/wp-json\/wp\/v2\/media?parent=9578"}],"wp:term":[{"taxonomy":"category","embeddable":true,"href":"https:\/\/blog.caritas.barcelona\/es\/wp-json\/wp\/v2\/categories?post=9578"},{"taxonomy":"post_tag","embeddable":true,"href":"https:\/\/blog.caritas.barcelona\/es\/wp-json\/wp\/v2\/tags?post=9578"},{"taxonomy":"autor","embeddable":true,"href":"https:\/\/blog.caritas.barcelona\/es\/wp-json\/wp\/v2\/autor?post=9578"}],"curies":[{"name":"wp","href":"https:\/\/api.w.org\/{rel}","templated":true}]}}