{"id":9528,"date":"2020-04-04T13:53:28","date_gmt":"2020-04-04T11:53:28","guid":{"rendered":"https:\/\/blog.caritas.barcelona\/?p=9528"},"modified":"2020-04-08T13:54:11","modified_gmt":"2020-04-08T11:54:11","slug":"caritas-cataluna-participa-en-un-encuentro-virtual-con-el-presidente-torra","status":"publish","type":"post","link":"https:\/\/blog.caritas.barcelona\/es\/institucional-es\/caritas-cataluna-participa-en-un-encuentro-virtual-con-el-presidente-torra\/","title":{"rendered":"C\u00e1ritas Catalu\u00f1a participa en un encuentro virtual con el presidente Torra"},"content":{"rendered":"<ul>\n<li>C\u00e1ritas Catalu\u00f1a cree <strong>el gobierno de la Generalidad ha de apostar por unos presupuestos que prioricen la acci\u00f3n social<\/strong> y si conviene la creaci\u00f3n de un fondo especial de ayuda.<\/li>\n<li>Hay que encontrar <strong>una salida de equilibrio social y concienciaci\u00f3n urbana<\/strong> para evitar que hagan fuera de sus viviendas a las personas m\u00e1s vulnerables que no pueden hacer frente al pago del alquiler o del realquiler y queden desamparados.<\/li>\n<li><strong>Aumentan las situaciones de angustia y de estr\u00e9s<\/strong> en muchas de las personas atendidas confinadas.<\/li>\n<\/ul>\n<p>&nbsp;<\/p>\n<p>El pasado 3 de abril por la ma\u00f1ana tuvo lugar <strong>un encuentro virtual del presidente de la Generalidad de Catalu\u00f1a, Joaquim Torra, con una destacada representaci\u00f3n de entidades del Tercer Sector Social<\/strong> de Catalu\u00f1a. A esta reuni\u00f3n asistieron Amics de la Gent Gran, Banc d\u2019Aliments, C\u00e1ritas Catalu\u00f1a, Casal d\u2019Infants, Cruz Roja en Catalu\u00f1a, Federaci\u00f3n Catalana de Voluntariado Social, Fundaci\u00f3 Arrels, Fundacin Pere Tarr\u00e9s, Fundesplai, Taula d\u2019entitats del Tercer Sector social de Catalu\u00f1a y Tel\u00e8fon de l\u2019esperanza. En representaci\u00f3n de C\u00e1ritas Catalu\u00f1a particip\u00f3 su presidente, Francesc Roig Queralt.<\/p>\n<p>El presidente de la Generalidad de Catalu\u00f1a estuvo acompa\u00f1ado por Chakir el Homrani, consejero de Trabajo, Asuntos Sociales y Familias, y por Bernat Valls, director general de Acci\u00f3n C\u00edvica y Comunitaria. Este encuentro <strong>se enmarca en un conjunto de acciones de intercambio de informaci\u00f3n con diferentes agentes sociales de Catalu\u00f1a<\/strong> promovidas por Torra.<\/p>\n<p>Tras dar la bienvenida a los presentes, <strong>Torra reconoci\u00f3 y agradeci\u00f3 la extraordinaria labor que est\u00e1n efectuando las entidades<\/strong> convocadas a esta reuni\u00f3n y, por extensi\u00f3n, la de todo el Tercer Sector Social catal\u00e1n.<\/p>\n<p>Los temas comunes a las entidades que se comentaron <strong>se centraron en la problem\u00e1tica de la vivienda, el incremento de las ayudas para poder hacer frente a la postemergencia<\/strong>, la vulnerabilidad de los ni\u00f1os entre los 0 y los 6 a\u00f1os que tienen los padres afectados por COVID-19 y la necesidad de un plan de choque para paliar la necesidad de alimentos de las familias m\u00e1s vulnerables.<\/p>\n<p>El presidente de C\u00e1ritas Catalu\u00f1a, <strong>Francesc Roig<\/strong>, inform\u00f3 a los presentes que <strong>actualmente est\u00e1n en activo 494 trabajadores<\/strong> (el 80,6% del total) buena parte de los que est\u00e1n haciendo trabajo a distancia ya sea a trav\u00e9s del teletrabajo o de conexiones telef\u00f3nicas). En cuanto a los voluntarios, est\u00e1n en activo 1.660 personas en todo el pa\u00eds, lo que supone el 13% del total habitual.<\/p>\n<p>En estos momentos <strong>el 55% de los proyectos y de los servicios de C\u00e1ritas en Catalu\u00f1a quedan abiertos con diferencias porcentuales normales entre las diferentes C\u00e1ritas diocesanas<\/strong>. Buena parte de todos estos proyectos y servicios que contin\u00faan abiertos (comedores sociales, Servicio de distribuci\u00f3n de alimentos, instalaciones residenciales, Servicio de asistencia en el hogar, etc.) se siguen realizando con atenci\u00f3n presencial. En otros proyectos el servicio se realiza telef\u00f3nicamente o telem\u00e1ticamente, ya sea para asesorar y acompa\u00f1ar a personas en situaci\u00f3n de riesgo de exclusi\u00f3n social o darles apoyo psicol\u00f3gico.<\/p>\n<p>Francisco Roig tambi\u00e9n explic\u00f3 que <strong>algunas C\u00e1ritas diocesanas han puesto a disposici\u00f3n de los ayuntamientos las infraestructuras que se han tenido que cerrar<\/strong>. Otros han previsto un dotaciones presupuestarias excepcionales para hacer frente a las necesidades de atenci\u00f3n urgente.<\/p>\n<p>Pr\u00e1cticamente todas <strong>las C\u00e1ritas diocesanas y parroquiales est\u00e1n coordinadas con los ayuntamientos<\/strong>. Esta coordinaci\u00f3n tambi\u00e9n incluye a menudo la cooperaci\u00f3n con otras entidades sociales de proximidad.<\/p>\n<p><strong>Problem\u00e1ticas detectadas por las C\u00e1ritas diocesanas<\/strong><\/p>\n<p>Uno de los problemas m\u00e1s importantes que estamos detectando es el de la vivienda, especialmente en aquellas personas o familias que viven en habitaciones de alquiler o pisos de realquiler y que <strong>no pueden pagar para que sus miembros activos trabajan en la econom\u00eda sumergida<\/strong> y ahora, debido al cierre de muchos negocios y comercios, no tienen trabajo y, por tanto, ning\u00fan derecho a prestaci\u00f3n social ni recursos econ\u00f3micos.<\/p>\n<p>Francesc Roig incidi\u00f3 en que \u00ab<strong>hay que encontrar una salida de equilibrio social y concienciaci\u00f3n urbana para evitar que los echen de sus viviendas y queden desamparados<\/strong>\u00bb.<\/p>\n<p>Unos de los colectivos atendidos por C\u00e1ritas que est\u00e1 sufriendo especialmente esta crisis es el de <strong>las personas que trabajan en el servicio dom\u00e9stico y en el cuidado de personas mayores<\/strong>, la mayor\u00eda de las que trabajan sin contrataci\u00f3n laboral. Debido a la crisis, actualmente est\u00e1n viviendo sin ning\u00fan ingreso.<\/p>\n<p>Las C\u00e1ritas diocesanas catalanas tambi\u00e9n ponen de manifiesto que <strong>aumentan las situaciones de angustia y de estr\u00e9s en muchas de las personas atendidas confinadas<\/strong>. Se las est\u00e1 intentando de ayudar a trav\u00e9s de acompa\u00f1amiento psicol\u00f3gico.<\/p>\n<p><strong>Propuestas dirigidas al gobierno de la Generalidad de Catalu\u00f1a<\/strong><\/p>\n<p>Al final de su intervenci\u00f3n, <strong>el presidente de C\u00e1ritas Catalu\u00f1a incidi\u00f3 en toda una serie de propuestas en diferentes \u00e1mbitos<\/strong>, tales como: vivienda, ingresos m\u00ednimos, alimentaci\u00f3n, inmigraci\u00f3n, suministros b\u00e1sicos, acogida y acompa\u00f1amiento, entre otros.<\/p>\n<p>Finalmente, y coincidiendo en el resto de representantes de las entidades sociales que participaron en el encuentro, se cree que el gobierno de la Generalitat <strong>ha de apostar por unos presupuestos que prioricen la acci\u00f3n social<\/strong> y si conviene la creaci\u00f3n de un fondo especial de ayuda.<\/p>\n<p>Es del todo evidente que \u00abla crisis del COVID-19 acabar\u00e1<strong> impactando de forma m\u00e1s intensa en los colectivos de personas en situaci\u00f3n de exclusi\u00f3n social<\/strong>\u00bb concluy\u00f3 Roig.<\/p>\n","protected":false},"excerpt":{"rendered":"<p>C\u00e1ritas Catalu\u00f1a cree el gobierno de la Generalidad ha de apostar por unos presupuestos que prioricen la acci\u00f3n social y si conviene la creaci\u00f3n de un fondo especial de ayuda. Hay que encontrar una salida de equilibrio social y concienciaci\u00f3n urbana para evitar que hagan fuera de sus viviendas a las personas m\u00e1s vulnerables que [&hellip;]<\/p>\n","protected":false},"author":4,"featured_media":9371,"comment_status":"open","ping_status":"open","sticky":false,"template":"","format":"standard","meta":{"footnotes":""},"categories":[21],"tags":[],"autor":[36],"class_list":["post-9528","post","type-post","status-publish","format-standard","has-post-thumbnail","hentry","category-institucional-es","autor-caritas-diocesana-de-barcelona-es"],"aioseo_notices":[],"_links":{"self":[{"href":"https:\/\/blog.caritas.barcelona\/es\/wp-json\/wp\/v2\/posts\/9528","targetHints":{"allow":["GET"]}}],"collection":[{"href":"https:\/\/blog.caritas.barcelona\/es\/wp-json\/wp\/v2\/posts"}],"about":[{"href":"https:\/\/blog.caritas.barcelona\/es\/wp-json\/wp\/v2\/types\/post"}],"author":[{"embeddable":true,"href":"https:\/\/blog.caritas.barcelona\/es\/wp-json\/wp\/v2\/users\/4"}],"replies":[{"embeddable":true,"href":"https:\/\/blog.caritas.barcelona\/es\/wp-json\/wp\/v2\/comments?post=9528"}],"version-history":[{"count":1,"href":"https:\/\/blog.caritas.barcelona\/es\/wp-json\/wp\/v2\/posts\/9528\/revisions"}],"predecessor-version":[{"id":9529,"href":"https:\/\/blog.caritas.barcelona\/es\/wp-json\/wp\/v2\/posts\/9528\/revisions\/9529"}],"wp:featuredmedia":[{"embeddable":true,"href":"https:\/\/blog.caritas.barcelona\/es\/wp-json\/wp\/v2\/media\/9371"}],"wp:attachment":[{"href":"https:\/\/blog.caritas.barcelona\/es\/wp-json\/wp\/v2\/media?parent=9528"}],"wp:term":[{"taxonomy":"category","embeddable":true,"href":"https:\/\/blog.caritas.barcelona\/es\/wp-json\/wp\/v2\/categories?post=9528"},{"taxonomy":"post_tag","embeddable":true,"href":"https:\/\/blog.caritas.barcelona\/es\/wp-json\/wp\/v2\/tags?post=9528"},{"taxonomy":"autor","embeddable":true,"href":"https:\/\/blog.caritas.barcelona\/es\/wp-json\/wp\/v2\/autor?post=9528"}],"curies":[{"name":"wp","href":"https:\/\/api.w.org\/{rel}","templated":true}]}}