{"id":9426,"date":"2020-03-26T13:18:44","date_gmt":"2020-03-26T12:18:44","guid":{"rendered":"https:\/\/blog.caritas.barcelona\/?p=9426"},"modified":"2020-03-26T13:18:44","modified_gmt":"2020-03-26T12:18:44","slug":"hacerse-compania-en-momentos-dificiles","status":"publish","type":"post","link":"https:\/\/blog.caritas.barcelona\/es\/ayuda-a-necesidades-basicas\/hacerse-compania-en-momentos-dificiles\/","title":{"rendered":"Hacerse compa\u00f1\u00eda en momentos dif\u00edciles"},"content":{"rendered":"<p>Isabella y su pareja viven en una habitaci\u00f3n de realquiler. Desde hace casi tres semanas no han podido trabajar debido al COVID-19, cosa que provoca que no cuenten con ingresos para cubrir sus necesidades m\u00e1s b\u00e1sicas.<\/p>\n<p style=\"text-align: center\"><img loading=\"lazy\" decoding=\"async\" class=\"size-full wp-image-9419 aligncenter\" src=\"https:\/\/blog.caritas.barcelona\/wp-content\/uploads\/sites\/2\/2020\/03\/Acollida-Atenci\u00f3-psicol\u00f2gica-scaled-e1585224096250.jpg\" alt=\"\" width=\"768\" height=\"512\" \/><\/p>\n<p><strong>&#8220;Hace tres semanas que no podemos trabajar. En una situaci\u00f3n normal, limpi\u00e1bamos tres casas los martes, mi\u00e9rcoles y viernes, pero ahora no podemos hacer nada&#8221;<\/strong>, explica Isabella. Tanto ella como su pareja realquilan una habitaci\u00f3n a la se\u00f1ora Hortensia, una persona de 88 a\u00f1os que tambi\u00e9n se encuentra con dificultades durante estos d\u00edas de confinamiento.<\/p>\n<p><strong>&#8220;La se\u00f1ora Hortensia es muy amable, ella tambi\u00e9n pas\u00f3 dificultades durante la infancia, sobre todo en la Guerra Civil, y al menos nos hacemos compa\u00f1\u00eda&#8221;<\/strong>, nos comenta. Tanto ella como la se\u00f1ora Hortensia son colectivo de riesgo, la una porque tiene una enfermedad cr\u00f3nica, y la otra porque es mayor de 65 a\u00f1os. Teniendo en cuenta la situaci\u00f3n, toman todas las precauciones posibles, e intentan salir de casa lo menos posible.<\/p>\n<p><strong>&#8220;Cuando tengo que ir a hacer la compra, utilizo la tarjeta monedero que C\u00e1ritas me ha proporcionado. Con ella, puedo ir a cualquier supermercado y comprar lo que quiero, aunque debo organizarme y racionar la compra&#8221;<\/strong>, nos dice la Isabella. Gracias a esta ayuda, Isabella y su pareja pueden salir adelante, y <strong>se muestran muy agradecidas por el apoyo recibido<\/strong>. &#8220;Sandra es nuestra trabajadora social, y tengo que decir que se ha portado muy bien con nosotras&#8221;.<\/p>\n<p style=\"text-align: center\"><img loading=\"lazy\" decoding=\"async\" class=\"size-full wp-image-9421 aligncenter\" src=\"https:\/\/blog.caritas.barcelona\/wp-content\/uploads\/sites\/2\/2020\/03\/Ajuda-necessitats-b\u00e0siques-Ajuda-econ\u00f2mica-e1585224133472.jpg\" alt=\"\" width=\"768\" height=\"429\" \/><\/p>\n<p>Cuando les preguntamos c\u00f3mo se las arreglan para pasar el d\u00eda, nos comentan que son muy de estar en casa, y que desgraciadamente, ya hab\u00edan sufrido situaciones similares cuando estuvieron viviendo en Estados Unidos. &#8220;Los huracanes y los desastres naturales son muy comunes all\u00ed, y con m\u00e1s o menos paralelismos, ya hab\u00edamos pasado situaciones similares&#8221;, admite. Sin embargo, <strong>intentan distraerse mirando las noticias, estudiando catal\u00e1n, jugando al parch\u00eds o hablando por tel\u00e9fono.<\/strong><\/p>\n<p>&#8220;Creo que hasta mayo o junio todav\u00eda lo tendremos dif\u00edcil. Sin embargo, nos estamos mentalizando para afrontar la situaci\u00f3n con tranquilidad&#8221;, concluye.<\/p>\n<p style=\"text-align: center\"><img loading=\"lazy\" decoding=\"async\" class=\"wp-image-9423 aligncenter\" src=\"https:\/\/blog.caritas.barcelona\/wp-content\/uploads\/sites\/2\/2020\/03\/PLANXA-5432-e1585224674434.jpg\" alt=\"\" width=\"768\" height=\"512\" \/><\/p>\n","protected":false},"excerpt":{"rendered":"<p>Isabella y su pareja viven en una habitaci\u00f3n de realquiler. Desde hace casi tres semanas no han podido trabajar debido al COVID-19, cosa que provoca que no cuenten con ingresos para cubrir sus necesidades m\u00e1s b\u00e1sicas. &#8220;Hace tres semanas que no podemos trabajar. En una situaci\u00f3n normal, limpi\u00e1bamos tres casas los martes, mi\u00e9rcoles y viernes, [&hellip;]<\/p>\n","protected":false},"author":4,"featured_media":9424,"comment_status":"open","ping_status":"open","sticky":false,"template":"","format":"standard","meta":{"footnotes":""},"categories":[29],"tags":[1920,1224,1986,2036,2035,2034,1584,1819,945],"autor":[1212],"class_list":["post-9426","post","type-post","status-publish","format-standard","has-post-thumbnail","hentry","category-ayuda-a-necesidades-basicas","tag-alimentos-es","tag-caritas-es","tag-caritas-diocesana-de-barcelona-es","tag-coronavirus-es","tag-covid-19-es","tag-emergencia","tag-necesidades-basicas","tag-tarjeta-monedero","tag-trabajo","autor-jordi-julia-es"],"aioseo_notices":[],"_links":{"self":[{"href":"https:\/\/blog.caritas.barcelona\/es\/wp-json\/wp\/v2\/posts\/9426","targetHints":{"allow":["GET"]}}],"collection":[{"href":"https:\/\/blog.caritas.barcelona\/es\/wp-json\/wp\/v2\/posts"}],"about":[{"href":"https:\/\/blog.caritas.barcelona\/es\/wp-json\/wp\/v2\/types\/post"}],"author":[{"embeddable":true,"href":"https:\/\/blog.caritas.barcelona\/es\/wp-json\/wp\/v2\/users\/4"}],"replies":[{"embeddable":true,"href":"https:\/\/blog.caritas.barcelona\/es\/wp-json\/wp\/v2\/comments?post=9426"}],"version-history":[{"count":2,"href":"https:\/\/blog.caritas.barcelona\/es\/wp-json\/wp\/v2\/posts\/9426\/revisions"}],"predecessor-version":[{"id":9428,"href":"https:\/\/blog.caritas.barcelona\/es\/wp-json\/wp\/v2\/posts\/9426\/revisions\/9428"}],"wp:featuredmedia":[{"embeddable":true,"href":"https:\/\/blog.caritas.barcelona\/es\/wp-json\/wp\/v2\/media\/9424"}],"wp:attachment":[{"href":"https:\/\/blog.caritas.barcelona\/es\/wp-json\/wp\/v2\/media?parent=9426"}],"wp:term":[{"taxonomy":"category","embeddable":true,"href":"https:\/\/blog.caritas.barcelona\/es\/wp-json\/wp\/v2\/categories?post=9426"},{"taxonomy":"post_tag","embeddable":true,"href":"https:\/\/blog.caritas.barcelona\/es\/wp-json\/wp\/v2\/tags?post=9426"},{"taxonomy":"autor","embeddable":true,"href":"https:\/\/blog.caritas.barcelona\/es\/wp-json\/wp\/v2\/autor?post=9426"}],"curies":[{"name":"wp","href":"https:\/\/api.w.org\/{rel}","templated":true}]}}