{"id":9394,"date":"2020-03-23T13:05:51","date_gmt":"2020-03-23T12:05:51","guid":{"rendered":"https:\/\/blog.caritas.barcelona\/?p=9394"},"modified":"2020-03-23T16:07:09","modified_gmt":"2020-03-23T15:07:09","slug":"4-formas-de-ayudar-durante-el-confinamiento-del-covid-19","status":"publish","type":"post","link":"https:\/\/blog.caritas.barcelona\/es\/voluntariado\/4-formas-de-ayudar-durante-el-confinamiento-del-covid-19\/","title":{"rendered":"4 formas de ayudar durante el confinamiento del COVID-19"},"content":{"rendered":"<p>Estos d\u00edas de incertidumbre generada por el\u00a0COVID-19\u00a0<strong>muchas y muchos de vosotros nos est\u00e1is preguntando como nos pod\u00e9is ayudar<\/strong> para que este periodo de confinamiento sea m\u00e1s f\u00e1cil para las personas que atendemos, puesto que la crisis sanitaria les afecta doblemente (antes de que todo estallara, tampoco lo ten\u00edan nada f\u00e1cil).<\/p>\n<p>Estamos hablando de colectivos muy vulnerables como <strong>gente mayor, personas sin hogar, personas con situaci\u00f3n de precariedad laboral o personas que no tienen ni las necesidades m\u00e1s b\u00e1sicas cubiertas.<\/strong> La solidaridad, ahora m\u00e1s que nunca, es muy necesaria, porque solo ayud\u00e1ndonos entre todas y todos podremos superarlo.<\/p>\n<p>Durante este periodo, nuestra red de voluntariado, debido a las medidas de precauci\u00f3n adoptadas, no podr\u00e1 funcionar con normalidad. Es por eso que <strong>os invitamos a hacer un voluntariado solidario con las personas que ten\u00e9is alrededor<\/strong>, siempre tomando todas las precauciones necesarias por vuestra salud y la de los otros.<\/p>\n<p>1. <strong>\u00a1DETECTA NECESIDADES CERCA DE TI!<\/strong><\/p>\n<p>En nuestra escalera de vecinos o en nuestra calle hay personas vulnerables que necesitan una mano ahora que sus familiares directos, voluntarios o cuidadores no pueden visitarlos. <strong>Ofr\u00e9cete a hacerles la compra o a bajarles la basura,<\/strong> es un gesto peque\u00f1o que puede mejorar mucho su calidad de vida durante estos d\u00edas. Si tienen mascota, ofr\u00e9cete a pasearla, la gente mayor es un colectivo de riesgo que hay que proteger.<\/p>\n<p>2. <strong>CONECTA A TRAV\u00c9S DE LA TECNOLOG\u00cdA<\/strong><\/p>\n<p>Las nuevas tecnolog\u00edas nos permiten acercar aquellas personas que est\u00e1n lejos o que no podemos visitar. Es un buen momento para llamar al abuelo, la abuela, <strong>preguntarnos c\u00f3mo estamos y acompa\u00f1arnos<\/strong>. El aislamiento puede ser muy duro en una situaci\u00f3n como la que estamos viviendo, como tambi\u00e9n puede serlo la ansiedad que comporta. Estate cerca de los tuyos tanto como sea posible para que no se sientan solos.<\/p>\n<p>3. <strong>COMPRA CON RESPONSABILIDAD<\/strong><\/p>\n<p>En un momento como este, <strong>la responsabilidad social y conciencia colectiva es b\u00e1sica para una buena convivencia<\/strong> y el abastecimiento de los supermercados se puede ver afectado. Compra todo aquello que necesites pensando en los otros y en que esta situaci\u00f3n nos pone a todos en un mismo plano. Antes de hacer ninguna compra online, piensa en todas las personas que se exponen a hacerte llegar productos a casa y empatiza.<\/p>\n<p>4. \u00a1<strong>NO COLAPSEMOS LA SANIDAD P\u00daBLICA!<\/strong><\/p>\n<p>Esta crisis sanitaria nos afecta a todas y todos, pero doblemente a las personas que est\u00e1n dentro de los colectivos de riesgo y personas que tienen fuertes dolencias y que necesitan atenci\u00f3n sanitaria. Si todos nos dirigimos a los hospitales, corremos el riesgo que estos se colapsen y que gente que tiene patolog\u00edas serias no pueda ser atendida como es debido. <strong>Seguimos los consejos del departamento de Salud de la Generalitat de\u00a0Cataunya.<\/strong><\/p>\n<p>Frenamos la curva entre todos, <strong>#YoMeQuedoEnCasa<\/strong>\u00a0y expando el <strong>#VirusDeLaSolidarid<\/strong><strong>ad<\/strong>!<\/p>\n","protected":false},"excerpt":{"rendered":"<p>Estos d\u00edas de incertidumbre generada por el\u00a0COVID-19\u00a0muchas y muchos de vosotros nos est\u00e1is preguntando como nos pod\u00e9is ayudar para que este periodo de confinamiento sea m\u00e1s f\u00e1cil para las personas que atendemos, puesto que la crisis sanitaria les afecta doblemente (antes de que todo estallara, tampoco lo ten\u00edan nada f\u00e1cil). Estamos hablando de colectivos muy [&hellip;]<\/p>\n","protected":false},"author":4,"featured_media":9395,"comment_status":"open","ping_status":"open","sticky":false,"template":"","format":"standard","meta":{"footnotes":""},"categories":[23],"tags":[],"autor":[2030],"class_list":["post-9394","post","type-post","status-publish","format-standard","has-post-thumbnail","hentry","category-voluntariado","autor-aida-boladeres"],"aioseo_notices":[],"_links":{"self":[{"href":"https:\/\/blog.caritas.barcelona\/es\/wp-json\/wp\/v2\/posts\/9394","targetHints":{"allow":["GET"]}}],"collection":[{"href":"https:\/\/blog.caritas.barcelona\/es\/wp-json\/wp\/v2\/posts"}],"about":[{"href":"https:\/\/blog.caritas.barcelona\/es\/wp-json\/wp\/v2\/types\/post"}],"author":[{"embeddable":true,"href":"https:\/\/blog.caritas.barcelona\/es\/wp-json\/wp\/v2\/users\/4"}],"replies":[{"embeddable":true,"href":"https:\/\/blog.caritas.barcelona\/es\/wp-json\/wp\/v2\/comments?post=9394"}],"version-history":[{"count":5,"href":"https:\/\/blog.caritas.barcelona\/es\/wp-json\/wp\/v2\/posts\/9394\/revisions"}],"predecessor-version":[{"id":9405,"href":"https:\/\/blog.caritas.barcelona\/es\/wp-json\/wp\/v2\/posts\/9394\/revisions\/9405"}],"wp:featuredmedia":[{"embeddable":true,"href":"https:\/\/blog.caritas.barcelona\/es\/wp-json\/wp\/v2\/media\/9395"}],"wp:attachment":[{"href":"https:\/\/blog.caritas.barcelona\/es\/wp-json\/wp\/v2\/media?parent=9394"}],"wp:term":[{"taxonomy":"category","embeddable":true,"href":"https:\/\/blog.caritas.barcelona\/es\/wp-json\/wp\/v2\/categories?post=9394"},{"taxonomy":"post_tag","embeddable":true,"href":"https:\/\/blog.caritas.barcelona\/es\/wp-json\/wp\/v2\/tags?post=9394"},{"taxonomy":"autor","embeddable":true,"href":"https:\/\/blog.caritas.barcelona\/es\/wp-json\/wp\/v2\/autor?post=9394"}],"curies":[{"name":"wp","href":"https:\/\/api.w.org\/{rel}","templated":true}]}}