{"id":9306,"date":"2017-02-12T12:06:15","date_gmt":"2017-02-12T11:06:15","guid":{"rendered":"https:\/\/blog.caritas.barcelona\/acollida-i-acompanyament\/receta-facil-solidaria-y-para-compartir\/"},"modified":"2020-03-10T17:13:03","modified_gmt":"2020-03-10T16:13:03","slug":"diadelpadre","status":"publish","type":"post","link":"https:\/\/blog.caritas.barcelona\/es\/familia-e-infancia\/diadelpadre\/","title":{"rendered":"Celebra el D\u00eda del Padre de una forma solidaria"},"content":{"rendered":"<p>Haz click <a href=\"https:\/\/blog.caritas.barcelona\/wp-content\/uploads\/sites\/2\/2020\/03\/D\u00cdA-DEL-PADRE.pdf?utm_source=LEADS&amp;utm_medium=FB%20ADS&amp;utm_campaign=DIA%20DEL%20PARE\">AQU\u00cd <\/a>y descarga la felicitaci\u00f3n de C\u00e1ritas para el D\u00eda del Padre.<\/p>\n","protected":false},"excerpt":{"rendered":"<p>Haz click AQU\u00cd y descarga la felicitaci\u00f3n de C\u00e1ritas para el D\u00eda del Padre.<\/p>\n","protected":false},"author":4,"featured_media":9315,"comment_status":"open","ping_status":"open","sticky":false,"template":"","format":"standard","meta":{"footnotes":""},"categories":[28],"tags":[],"autor":[36],"class_list":["post-9306","post","type-post","status-publish","format-standard","has-post-thumbnail","hentry","category-familia-e-infancia","autor-caritas-diocesana-de-barcelona-es"],"aioseo_notices":[],"_links":{"self":[{"href":"https:\/\/blog.caritas.barcelona\/es\/wp-json\/wp\/v2\/posts\/9306","targetHints":{"allow":["GET"]}}],"collection":[{"href":"https:\/\/blog.caritas.barcelona\/es\/wp-json\/wp\/v2\/posts"}],"about":[{"href":"https:\/\/blog.caritas.barcelona\/es\/wp-json\/wp\/v2\/types\/post"}],"author":[{"embeddable":true,"href":"https:\/\/blog.caritas.barcelona\/es\/wp-json\/wp\/v2\/users\/4"}],"replies":[{"embeddable":true,"href":"https:\/\/blog.caritas.barcelona\/es\/wp-json\/wp\/v2\/comments?post=9306"}],"version-history":[{"count":1,"href":"https:\/\/blog.caritas.barcelona\/es\/wp-json\/wp\/v2\/posts\/9306\/revisions"}],"predecessor-version":[{"id":9317,"href":"https:\/\/blog.caritas.barcelona\/es\/wp-json\/wp\/v2\/posts\/9306\/revisions\/9317"}],"wp:featuredmedia":[{"embeddable":true,"href":"https:\/\/blog.caritas.barcelona\/es\/wp-json\/wp\/v2\/media\/9315"}],"wp:attachment":[{"href":"https:\/\/blog.caritas.barcelona\/es\/wp-json\/wp\/v2\/media?parent=9306"}],"wp:term":[{"taxonomy":"category","embeddable":true,"href":"https:\/\/blog.caritas.barcelona\/es\/wp-json\/wp\/v2\/categories?post=9306"},{"taxonomy":"post_tag","embeddable":true,"href":"https:\/\/blog.caritas.barcelona\/es\/wp-json\/wp\/v2\/tags?post=9306"},{"taxonomy":"autor","embeddable":true,"href":"https:\/\/blog.caritas.barcelona\/es\/wp-json\/wp\/v2\/autor?post=9306"}],"curies":[{"name":"wp","href":"https:\/\/api.w.org\/{rel}","templated":true}]}}