{"id":9275,"date":"2020-02-25T13:37:50","date_gmt":"2020-02-25T12:37:50","guid":{"rendered":"https:\/\/blog.caritas.barcelona\/?p=9275"},"modified":"2020-03-02T13:38:17","modified_gmt":"2020-03-02T12:38:17","slug":"como-entendemos-la-participacion-en-caritas","status":"publish","type":"post","link":"https:\/\/blog.caritas.barcelona\/es\/opinion\/como-entendemos-la-participacion-en-caritas\/","title":{"rendered":"\u00bfC\u00f3mo entendemos la participaci\u00f3n en C\u00e1ritas?"},"content":{"rendered":"<p>Las personas de C\u00e1ritas que intervenimos en la acci\u00f3n social (ya seamos contratadas o voluntarias) pensamos que la participaci\u00f3n depende de nosotros, como si fuera algo que \u201cconcedemos\u201d. Sin embargo, <strong>la vida se empe\u00f1a en repetirnos que la participaci\u00f3n es inevitable<\/strong>, y que esta sucede en terrazas, patios, parroquias o en las redes sociales. En fin, en cualquier \u00e1mbito donde haya comunicaci\u00f3n.<\/p>\n<p><img loading=\"lazy\" decoding=\"async\" class=\"size-full wp-image-9265 aligncenter\" src=\"https:\/\/blog.caritas.barcelona\/wp-content\/uploads\/sites\/2\/2020\/02\/20200210_MIREM_ENDAVANT_\u00a9Dani_Codina-25-scaled-e1582546375710.jpg\" alt=\"\" width=\"768\" height=\"576\" \/><\/p>\n<p style=\"text-align: center\"><em>Proyecto &#8220;Mirem endavant&#8221; en Bon Pastor, Barcelona<\/em><\/p>\n<p><strong>Canalizar esta participaci\u00f3n de forma positiva, aprovecharla como oportunidad es, sin duda, uno de los retos que tenemos las personas que acompa\u00f1amos estos procesos<\/strong>. A partir de las experiencias con los grupos de personas que acogemos y acompa\u00f1amos, caemos en la cuenta de criterios, orientaciones y aprendizajes que iluminan la pr\u00e1ctica. Estos son algunos puntos que quiero resaltar:<\/p>\n<p><strong>No estamos ante una moda<\/strong>: Cuando explicamos c\u00f3mo es nuestro modelo de acci\u00f3n social, cu\u00e1l es nuestro rol en relaci\u00f3n con las personas en situaci\u00f3n de vulnerabilidad o exclusi\u00f3n, decimos que <strong>las personas son protagonistas de su vida, de sus procesos<\/strong>. Nuestro rol es acompa\u00f1arlas, partiendo de su situaci\u00f3n y de sus capacidades (que no carencias). Trabajar con personas a las que asignamos un rol m\u00e1s parecido al de \u201cbeneficiarias\u201d, \u201cusuarias\u201d o receptoras de unos recursos de los que nosotros disponemos, puede ser la resultante de inercias hist\u00f3ricas diversas, <strong>pero no es el tipo de acci\u00f3n en la que creemos y a la que somos llamados<\/strong>.<\/p>\n<p><img loading=\"lazy\" decoding=\"async\" class=\"size-full wp-image-9267 aligncenter\" src=\"https:\/\/blog.caritas.barcelona\/wp-content\/uploads\/sites\/2\/2020\/02\/20200210_MIREM_ENDAVANT_\u00a9Dani_Codina-32-scaled-e1582546438588.jpg\" alt=\"\" width=\"768\" height=\"576\" \/><\/p>\n<p><strong>Hablamos de participaci\u00f3n si perdemos el miedo a perder el control:<\/strong> No hay participaci\u00f3n si no cedo poder, si no favorezco el empoderamiento, si no me genera inseguridad. Asumir el riesgo de que te \u201cmuevan los papeles\u201d.<\/p>\n<p><strong>Trabajar el reconocimiento mutuo<\/strong>: Trabajar \u201cdesde las capacidades\u201d no basta. Es preciso hacer sentir al otro que lo reconozco y me aporta.<\/p>\n<p><strong>Paciencia y respeto a los ritmos personales:<\/strong> Tenemos diversidad de \u201cmochilas vitales\u201d y diversidad de \u201ctiempos\u201d.<\/p>\n<p><strong>Doy confianza:<\/strong> Y no se puede dar lo que no se tiene. \u00bfNos damos confianza y seguridad en nuestros equipos?<\/p>\n<p><strong>Pero tambi\u00e9n requiere<\/strong> <strong>apuestas y decisiones institucionales<\/strong>: Crear espacios y oportunidades para la escucha. Nuevos, diferentes a los que ya tenemos, para crear puentes, v\u00ednculos.<\/p>\n<p><strong>Flexibilizar nuestras estructuras, superar el miedo, la resistencia e inercia ante las cosas nuevas y cambios:<\/strong> Implica explorar y practicar nuevas experiencias, asumiendo con responsabilidad el riesgo que conllevan, pero tambi\u00e9n la apuesta de poder descubrir, aprender, crecer.<\/p>\n<p><strong>Hacer crecer las capacidades:<\/strong> La formaci\u00f3n para fortalecer las capacidades de los agentes; aportando la seguridad y confianza necesaria para emprender procesos participativos.<\/p>\n<p><strong>Con todo ello, \u00bfEstamos dispuestos a escuchar a quienes acompa\u00f1amos?<\/strong><\/p>\n<p><img loading=\"lazy\" decoding=\"async\" class=\"size-full wp-image-9269 aligncenter\" src=\"https:\/\/blog.caritas.barcelona\/wp-content\/uploads\/sites\/2\/2020\/02\/20200210_MIREM_ENDAVANT_\u00a9Dani_Codina-44-scaled-e1582546516578.jpg\" alt=\"\" width=\"768\" height=\"576\" \/><\/p>\n","protected":false},"excerpt":{"rendered":"<p>Las personas de C\u00e1ritas que intervenimos en la acci\u00f3n social (ya seamos contratadas o voluntarias) pensamos que la participaci\u00f3n depende de nosotros, como si fuera algo que \u201cconcedemos\u201d. Sin embargo, la vida se empe\u00f1a en repetirnos que la participaci\u00f3n es inevitable, y que esta sucede en terrazas, patios, parroquias o en las redes sociales. En [&hellip;]<\/p>\n","protected":false},"author":4,"featured_media":9266,"comment_status":"open","ping_status":"open","sticky":false,"template":"","format":"standard","meta":{"footnotes":""},"categories":[31,19],"tags":[2026,2001,1903,1224],"autor":[2025],"class_list":["post-9275","post","type-post","status-publish","format-standard","has-post-thumbnail","hentry","category-acogida-y-acompanamiento","category-opinion","tag-acollida-es","tag-acollida-i-acompanyament-es","tag-barcelona-es","tag-caritas-es","autor-paco-aperador-es"],"aioseo_notices":[],"_links":{"self":[{"href":"https:\/\/blog.caritas.barcelona\/es\/wp-json\/wp\/v2\/posts\/9275","targetHints":{"allow":["GET"]}}],"collection":[{"href":"https:\/\/blog.caritas.barcelona\/es\/wp-json\/wp\/v2\/posts"}],"about":[{"href":"https:\/\/blog.caritas.barcelona\/es\/wp-json\/wp\/v2\/types\/post"}],"author":[{"embeddable":true,"href":"https:\/\/blog.caritas.barcelona\/es\/wp-json\/wp\/v2\/users\/4"}],"replies":[{"embeddable":true,"href":"https:\/\/blog.caritas.barcelona\/es\/wp-json\/wp\/v2\/comments?post=9275"}],"version-history":[{"count":2,"href":"https:\/\/blog.caritas.barcelona\/es\/wp-json\/wp\/v2\/posts\/9275\/revisions"}],"predecessor-version":[{"id":9277,"href":"https:\/\/blog.caritas.barcelona\/es\/wp-json\/wp\/v2\/posts\/9275\/revisions\/9277"}],"wp:featuredmedia":[{"embeddable":true,"href":"https:\/\/blog.caritas.barcelona\/es\/wp-json\/wp\/v2\/media\/9266"}],"wp:attachment":[{"href":"https:\/\/blog.caritas.barcelona\/es\/wp-json\/wp\/v2\/media?parent=9275"}],"wp:term":[{"taxonomy":"category","embeddable":true,"href":"https:\/\/blog.caritas.barcelona\/es\/wp-json\/wp\/v2\/categories?post=9275"},{"taxonomy":"post_tag","embeddable":true,"href":"https:\/\/blog.caritas.barcelona\/es\/wp-json\/wp\/v2\/tags?post=9275"},{"taxonomy":"autor","embeddable":true,"href":"https:\/\/blog.caritas.barcelona\/es\/wp-json\/wp\/v2\/autor?post=9275"}],"curies":[{"name":"wp","href":"https:\/\/api.w.org\/{rel}","templated":true}]}}