{"id":8569,"date":"2019-10-25T13:58:02","date_gmt":"2019-10-25T11:58:02","guid":{"rendered":"https:\/\/blog.caritas.barcelona\/?p=8569"},"modified":"2019-10-30T08:47:27","modified_gmt":"2019-10-30T07:47:27","slug":"eduard-sala-hay-que-trabajar-por-el-bien-comun-a-todos-los-niveles","status":"publish","type":"post","link":"https:\/\/blog.caritas.barcelona\/es\/institucional-es\/eduard-sala-hay-que-trabajar-por-el-bien-comun-a-todos-los-niveles\/","title":{"rendered":"Eduard Sala: &#8220;Hay que trabajar por el bien com\u00fan a todos los niveles&#8221;"},"content":{"rendered":"<p>Eduard Sala, responsable de acci\u00f3n social de C\u00e1ritas Barcelona, \u200b\u200bgana la 5\u00aa edici\u00f3n del premio Feel Good<\/p>\n<figure id=\"attachment_8558\" aria-describedby=\"caption-attachment-8558\" style=\"width: 768px\" class=\"wp-caption aligncenter\"><img loading=\"lazy\" decoding=\"async\" class=\"wp-image-8558 size-full\" src=\"https:\/\/blog.caritas.barcelona\/wp-content\/uploads\/sites\/2\/2019\/10\/20191025_RdP_PREMI_FEEL_GOOD_@MARC_BARTOMEUS-3-e1572003887215.jpg\" alt=\"\" width=\"768\" height=\"512\" \/><figcaption id=\"caption-attachment-8558\" class=\"wp-caption-text\">De izquierda a derecha: Jordi Nadal, editor y fundador de Plataforma Editorial, Eduard Sala, responsable de acci\u00f3n social de C\u00e1ritas Diocesana de Barcelona, Jaume Gir\u00f3, director general de la Fundaci\u00f3n Bancaria &#8220;la Caixa&#8221; y Salvador Busquets, director de C\u00e1ritas Diocesana de Barcelona, durante la Rueda de Premsa donde se ha hecho p\u00fablico el veredicto de la 5\u00aa edici\u00f3n del premio FEEL GOOD<\/figcaption><\/figure>\n<p>Esta ma\u00f1ana se ha hecho p\u00fablico el veredicto de la 5\u00aa edici\u00f3n del premio FEEL GOOD, <strong>resultando ganador Eduard Sala, responsable de acci\u00f3n social de C\u00e1ritas Barcelona, <\/strong><strong>\u200b\u200b<\/strong><strong>con el libro <em>Va de vida<\/em><\/strong>. El libro, que podr\u00e1 encontrarse en las librer\u00edas a partir del 11 de noviembre, trata sobre <strong>los aprendizajes y las preguntas que surgen cuando acompa\u00f1amos a personas en situaci\u00f3n de extrema vulnerabilidad.<\/strong><\/p>\n<p>El premio FEEL GOOD es un certamen literario que tiene la finalidad de <strong>impulsar el optimismo entre escritores y lectores a partir de historias que transmitan autenticidad, alegr\u00eda y bienestar<\/strong>. El director de Plataforma Editorial, Jordi Nadal, ha destacado que el libro Va de vida <strong>&#8220;transmite la honestidad de su autor, su compromiso con unos principios en el desarrollo de su actividad a C\u00e1ritas<\/strong>, da voz a personas que no suelen hacerlo, y plantea muchas preguntas que nos interpelan y nos invitan a interrogarnos por las cosas que son realmente esenciales en la vida\u201d.<\/p>\n<p style=\"text-align: center\"><img loading=\"lazy\" decoding=\"async\" class=\"size-full wp-image-8560 aligncenter\" src=\"https:\/\/blog.caritas.barcelona\/wp-content\/uploads\/sites\/2\/2019\/10\/20191025_RdP_PREMI_FEEL_GOOD_@MARC_BARTOMEUS-5-e1572003944263.jpg\" alt=\"\" width=\"768\" height=\"512\" \/><\/p>\n<p><strong>Eduard Sala, premiado con el FEEL GOOD, ha destacado que el libro es una fant\u00e1stica oportunidad para compartir preguntas, aprendizajes y valores que viven los profesionales que acompa\u00f1an a personas en situaci\u00f3n de extrema vulnerabilidad<\/strong>. Sala tambi\u00e9n ha remarcado que el premio coincide con los 75 a\u00f1os de C\u00e1ritas Diocesana de Barcelona, \u200b\u200by ha afirmado que <strong>&#8220;el premio es un regalo que va m\u00e1s all\u00e1 de una persona, y est\u00e1 dedicado a todos los que diariamente ayudan a construir un mundo de esperanza&#8221;.<\/strong><\/p>\n<p>Finalmente, el director de C\u00e1ritas Diocesana de Barcelona, \u200b\u200bSalvador Busquets, felicit\u00f3 al premiado, y ha hecho valer la labor de los trabajadores sociales de C\u00e1ritas, remarcando que <strong>acoger y acompa\u00f1ar no es ponerse delante de la persona, sino a su lado<\/strong>. &#8220;La Iglesia y C\u00e1ritas deben ser sin\u00f3nimo de estar al lado de los que m\u00e1s sufren, y la tarea de Eduard Sala, como educador social y como <em>coach<\/em>, siempre se ha caracterizado por tratar a las personas de ti a ti, desde la igualdad y sin prejuicios &#8220;, ha expresado Busquets.<\/p>\n<p><img loading=\"lazy\" decoding=\"async\" class=\"size-full wp-image-8562 aligncenter\" src=\"https:\/\/blog.caritas.barcelona\/wp-content\/uploads\/sites\/2\/2019\/10\/20191025_RdP_PREMI_FEEL_GOOD_@MARC_BARTOMEUS-2-e1572003987472.jpg\" alt=\"\" width=\"768\" height=\"512\" \/><\/p>\n","protected":false},"excerpt":{"rendered":"<p>Eduard Sala, responsable de acci\u00f3n social de C\u00e1ritas Barcelona, \u200b\u200bgana la 5\u00aa edici\u00f3n del premio Feel Good Esta ma\u00f1ana se ha hecho p\u00fablico el veredicto de la 5\u00aa edici\u00f3n del premio FEEL GOOD, resultando ganador Eduard Sala, responsable de acci\u00f3n social de C\u00e1ritas Barcelona, \u200b\u200bcon el libro Va de vida. El libro, que podr\u00e1 encontrarse [&hellip;]<\/p>\n","protected":false},"author":4,"featured_media":8567,"comment_status":"open","ping_status":"open","sticky":false,"template":"","format":"standard","meta":{"footnotes":""},"categories":[21],"tags":[1224,1986,1987,1988,1990,1989],"autor":[1212],"class_list":["post-8569","post","type-post","status-publish","format-standard","has-post-thumbnail","hentry","category-institucional-es","tag-caritas-es","tag-caritas-diocesana-de-barcelona-es","tag-eduard-sala-es","tag-feel-good-es","tag-premi-es","tag-va-de-vida-es","autor-jordi-julia-es"],"aioseo_notices":[],"_links":{"self":[{"href":"https:\/\/blog.caritas.barcelona\/es\/wp-json\/wp\/v2\/posts\/8569","targetHints":{"allow":["GET"]}}],"collection":[{"href":"https:\/\/blog.caritas.barcelona\/es\/wp-json\/wp\/v2\/posts"}],"about":[{"href":"https:\/\/blog.caritas.barcelona\/es\/wp-json\/wp\/v2\/types\/post"}],"author":[{"embeddable":true,"href":"https:\/\/blog.caritas.barcelona\/es\/wp-json\/wp\/v2\/users\/4"}],"replies":[{"embeddable":true,"href":"https:\/\/blog.caritas.barcelona\/es\/wp-json\/wp\/v2\/comments?post=8569"}],"version-history":[{"count":5,"href":"https:\/\/blog.caritas.barcelona\/es\/wp-json\/wp\/v2\/posts\/8569\/revisions"}],"predecessor-version":[{"id":8604,"href":"https:\/\/blog.caritas.barcelona\/es\/wp-json\/wp\/v2\/posts\/8569\/revisions\/8604"}],"wp:featuredmedia":[{"embeddable":true,"href":"https:\/\/blog.caritas.barcelona\/es\/wp-json\/wp\/v2\/media\/8567"}],"wp:attachment":[{"href":"https:\/\/blog.caritas.barcelona\/es\/wp-json\/wp\/v2\/media?parent=8569"}],"wp:term":[{"taxonomy":"category","embeddable":true,"href":"https:\/\/blog.caritas.barcelona\/es\/wp-json\/wp\/v2\/categories?post=8569"},{"taxonomy":"post_tag","embeddable":true,"href":"https:\/\/blog.caritas.barcelona\/es\/wp-json\/wp\/v2\/tags?post=8569"},{"taxonomy":"autor","embeddable":true,"href":"https:\/\/blog.caritas.barcelona\/es\/wp-json\/wp\/v2\/autor?post=8569"}],"curies":[{"name":"wp","href":"https:\/\/api.w.org\/{rel}","templated":true}]}}