{"id":8544,"date":"2019-10-21T12:38:54","date_gmt":"2019-10-21T10:38:54","guid":{"rendered":"https:\/\/blog.caritas.barcelona\/?p=8544"},"modified":"2019-10-21T12:39:28","modified_gmt":"2019-10-21T10:39:28","slug":"las-personas-mayores-las-grandes-olvidadas-de-nuestra-sociedad","status":"publish","type":"post","link":"https:\/\/blog.caritas.barcelona\/es\/personas-mayores\/las-personas-mayores-las-grandes-olvidadas-de-nuestra-sociedad\/","title":{"rendered":"Las personas mayores, las grandes olvidadas de nuestra sociedad"},"content":{"rendered":"<p>La vejez se ha convertido en un tema tab\u00fa pero todos llegaremos a esa etapa de la vida. Por eso tenemos que velar por las personas mayores y acompa\u00f1arlas en su fragilidad<\/p>\n<figure id=\"attachment_8201\" aria-describedby=\"caption-attachment-8201\" style=\"width: 680px\" class=\"wp-caption aligncenter\"><img loading=\"lazy\" decoding=\"async\" class=\"size-full wp-image-8201\" src=\"https:\/\/blog.caritas.barcelona\/wp-content\/uploads\/sites\/2\/2019\/05\/gent_gran_caritas_barcelona.jpg\" alt=\"gent_gran_caritas_barcelona\" width=\"680\" height=\"510\" srcset=\"https:\/\/blog.caritas.barcelona\/wp-content\/uploads\/sites\/2\/2019\/05\/gent_gran_caritas_barcelona.jpg 680w, https:\/\/blog.caritas.barcelona\/wp-content\/uploads\/sites\/2\/2019\/05\/gent_gran_caritas_barcelona-300x225.jpg 300w, https:\/\/blog.caritas.barcelona\/wp-content\/uploads\/sites\/2\/2019\/05\/gent_gran_caritas_barcelona-600x450.jpg 600w\" sizes=\"auto, (max-width: 680px) 100vw, 680px\" \/><figcaption id=\"caption-attachment-8201\" class=\"wp-caption-text\">Foto: Dani Codina<\/figcaption><\/figure>\n<p>Si preguntamos a nuestro entorno, a todo el mundo le gustar\u00eda llegar a mayor con salud y estimaci\u00f3n. A lo largo de la vida todos vamos llenando una mochila llena de vivencias, algunas buenas, otras no tan buenas y algunas malas, pero todas ellas nos han ido forjando como personas y nos han hecho lo que somos, personas \u00fanicas con una larga experiencia de vida y capaces de aportar a\u00fan muchas cosas a la sociedad.<\/p>\n<p>Pero <strong>a la mayor\u00eda de personas no les gusta hablar de la vejez<\/strong>. Pensamos que cuando llegue ya lo veremos, ya nos lo encontraremos. Todas las generaciones lo han superado, dicen&#8230; Sin embargo, en los \u00faltimos a\u00f1os, con los avances de la medicina, el control de la alimentaci\u00f3n, las facilidades de la vida diaria con muchos aparatos dom\u00e9sticos, las mejores condiciones higi\u00e9nicas y de otros factores est\u00e1n alargando la esperanza de vida&#8230; y se alargar\u00e1 mucho m\u00e1s seg\u00fan las previsiones de los dem\u00f3grafos. Hace unos a\u00f1os (no mucho, \u00a1en 1966!) la esperanza de vida en el momento de la jubilaci\u00f3n (65 a\u00f1os) era de 6 a\u00f1os (71 a\u00f1os) y actualmente ya estamos a 21 a\u00f1os (86), y va en aumento. Un cambio trascendental. Ante este hecho, est\u00e1 claro que <strong>hay que prepararse para este periodo de la vida<\/strong>. Un periodo que si la salud, la econom\u00eda y la red familiar y social nos acompa\u00f1a puede ser muy rico y gratificante.<\/p>\n<p><strong>Hacia una sociedad m\u00e1s humana<\/strong><\/p>\n<p>La vida se alarga, pero nuestra sociedad de hoy est\u00e1 llena de contradicciones y nuevos retos. Actualmente nos encontramos ante una sociedad global con un gran movimiento de personas en todo el mundo, nuevas estructuras familiares, lejos de las familias extensas que viv\u00edan todas bajo el mismo techo o de las familias nucleares que viv\u00edan cerca de los padres y se ayudaban las unas a las otras. No sabemos hacia qu\u00e9 sociedad vamos, pero si observamos los pa\u00edses dedos m\u00e1s desarrollados, <strong>nos asusta la magnitud que est\u00e1 tomando la soledad (no deseada) de las personas,<\/strong> y deben avergonzarnos las noticias que llegan de personas que han muerto solas en casa y no las encuentran hasta al cabo de unos d\u00edas o meses. <strong>Deber\u00edamos cambiar esta sociedad, debemos velar por nuestro entorno m\u00e1s cercano<\/strong>, por los vecinos, por el barrio, por la comunidad parroquial. Debemos tener los ojos bien abiertos ante lo que pasa a nuestro alrededor, hablar, interesarnos por las personas mayores que tal vez tienen la familia lejos o ya est\u00e1n solas. <strong>De esta manera haremos una sociedad m\u00e1s humana y amable<\/strong>.<\/p>\n<p>Por otra parte, la persona mayor y\/o falta de salud puede <strong>encontrarse fr\u00e1gil, sola y desprotegida en una sociedad donde todo el mundo va con prisa<\/strong>, donde lo m\u00e1s valorado es la juventud, la belleza y donde las personas mayores no siempre reciben el buen trato del que son merecedoras por parte de su familia y de la sociedad. No es extra\u00f1o encontrar abusos econ\u00f3micos, desatenci\u00f3n, edadismo disfrazado de atenci\u00f3n: seamos conscientes y luchemos contra ello.<\/p>\n<p><strong>\u00bfQu\u00e9 pedimos para la gente mayor?<\/strong><\/p>\n<p>En C\u00e1ritas Diocesana de Barcelona, \u200b\u200blas <a href=\"https:\/\/caritas.barcelona\/es\/personas-mayores\/\" target=\"_blank\" rel=\"noopener noreferrer\">personas mayores que atendemos<\/a> presentan todas una situaci\u00f3n econ\u00f3mica precaria, la mayor\u00eda cobran la Pensi\u00f3n No Contributiva (538 euros) o incluso hay personas que no tienen ingresos. La mayor\u00eda tienen muy poca o nula red social y\/o familiar, problemas de vivienda o salud precaria. Estas caracter\u00edsticas, sumadas a las anteriores, hace que vivir la etapa de la vejez con plenitud no siempre sea f\u00e1cil y por eso desde C\u00e1ritas, entendiendo como tal las comunidades parroquiales, los voluntarios y las personas remuneradas- queremos acoger a las personas m\u00e1s vulnerables, darles voz. Queremos sensibilizar a la sociedad y queremos denunciar situaciones injustas.<\/p>\n<p><iframe loading=\"lazy\" title=\"Ver la vida de forma positiva\" width=\"500\" height=\"281\" src=\"https:\/\/www.youtube.com\/embed\/kLDXTtUvFlA?feature=oembed\" frameborder=\"0\" allow=\"accelerometer; autoplay; clipboard-write; encrypted-media; gyroscope; picture-in-picture; web-share\" referrerpolicy=\"strict-origin-when-cross-origin\" allowfullscreen><\/iframe><\/p>\n<p>&nbsp;<\/p>\n<p>No queremos terminar sin <strong>reivindicar un mayor despliegue de la Ley de la Dependencia<\/strong>, que se ha quedado corta en muchos aspectos. Y en concreto hay una mirada m\u00e1s amplia en la valoraci\u00f3n del grado de dependencia en aquellas personas con una grave vulnerabilidad socioecon\u00f3mica. Y <strong>hay que incluir en la cartera de servicios p\u00fablicos los pisos compartidos o aumentar las viviendas con servicios<\/strong> para aquellas personas vulnerables con situaciones de falta de vivienda. Los retos de la vejez son muchos y desde C\u00e1ritas llevamos a cabo una acci\u00f3n decisiva en la atenci\u00f3n a los colectivos m\u00e1s vulnerables. Pero es necesaria tambi\u00e9n una cobertura legal y econ\u00f3mica desde el sector p\u00fablico ante estos retos, quiz\u00e1s uno de los m\u00e1s decisivos de nuestra sociedad y a\u00fan m\u00e1s del futuro.<\/p>\n<p>Y t\u00fa, \u00bfnos ayudas a conseguirlo?<\/p>\n","protected":false},"excerpt":{"rendered":"<p>La vejez se ha convertido en un tema tab\u00fa pero todos llegaremos a esa etapa de la vida. Por eso tenemos que velar por las personas mayores y acompa\u00f1arlas en su fragilidad Si preguntamos a nuestro entorno, a todo el mundo le gustar\u00eda llegar a mayor con salud y estimaci\u00f3n. A lo largo de la [&hellip;]<\/p>\n","protected":false},"author":1,"featured_media":8202,"comment_status":"open","ping_status":"open","sticky":false,"template":"","format":"standard","meta":{"footnotes":""},"categories":[26],"tags":[891,1474],"autor":[1657],"class_list":["post-8544","post","type-post","status-publish","format-standard","has-post-thumbnail","hentry","category-personas-mayores","tag-personas-mayores","tag-soledad","autor-carme-gargallo-es"],"aioseo_notices":[],"_links":{"self":[{"href":"https:\/\/blog.caritas.barcelona\/es\/wp-json\/wp\/v2\/posts\/8544","targetHints":{"allow":["GET"]}}],"collection":[{"href":"https:\/\/blog.caritas.barcelona\/es\/wp-json\/wp\/v2\/posts"}],"about":[{"href":"https:\/\/blog.caritas.barcelona\/es\/wp-json\/wp\/v2\/types\/post"}],"author":[{"embeddable":true,"href":"https:\/\/blog.caritas.barcelona\/es\/wp-json\/wp\/v2\/users\/1"}],"replies":[{"embeddable":true,"href":"https:\/\/blog.caritas.barcelona\/es\/wp-json\/wp\/v2\/comments?post=8544"}],"version-history":[{"count":1,"href":"https:\/\/blog.caritas.barcelona\/es\/wp-json\/wp\/v2\/posts\/8544\/revisions"}],"predecessor-version":[{"id":8545,"href":"https:\/\/blog.caritas.barcelona\/es\/wp-json\/wp\/v2\/posts\/8544\/revisions\/8545"}],"wp:featuredmedia":[{"embeddable":true,"href":"https:\/\/blog.caritas.barcelona\/es\/wp-json\/wp\/v2\/media\/8202"}],"wp:attachment":[{"href":"https:\/\/blog.caritas.barcelona\/es\/wp-json\/wp\/v2\/media?parent=8544"}],"wp:term":[{"taxonomy":"category","embeddable":true,"href":"https:\/\/blog.caritas.barcelona\/es\/wp-json\/wp\/v2\/categories?post=8544"},{"taxonomy":"post_tag","embeddable":true,"href":"https:\/\/blog.caritas.barcelona\/es\/wp-json\/wp\/v2\/tags?post=8544"},{"taxonomy":"autor","embeddable":true,"href":"https:\/\/blog.caritas.barcelona\/es\/wp-json\/wp\/v2\/autor?post=8544"}],"curies":[{"name":"wp","href":"https:\/\/api.w.org\/{rel}","templated":true}]}}