{"id":8399,"date":"2019-08-24T14:01:47","date_gmt":"2019-08-24T12:01:47","guid":{"rendered":"https:\/\/blog.caritas.barcelona\/?p=8399"},"modified":"2019-08-30T14:28:58","modified_gmt":"2019-08-30T12:28:58","slug":"aprender-al-ritmo-de-la-musica","status":"publish","type":"post","link":"https:\/\/blog.caritas.barcelona\/es\/entidades-con-corazon\/aprender-al-ritmo-de-la-musica\/","title":{"rendered":"Aprender al ritmo de la m\u00fasica"},"content":{"rendered":"<p>El centro abierto Glamparetes ha introducido la m\u00fasica en sus actividades regulares de modo que los m\u00e1s peque\u00f1os puedan expresar con el cuerpo lo que en palabras a\u00fan no saben verbalizar<\/p>\n<p><img loading=\"lazy\" decoding=\"async\" class=\"size-full wp-image-8396 aligncenter\" src=\"https:\/\/blog.caritas.barcelona\/wp-content\/uploads\/sites\/2\/2019\/08\/20190719_GLAMPARETES_INSTRUMENTS-47.jpg\" alt=\"classes-de-musica-glamparetes-nens-caritas-barcelona\" width=\"680\" height=\"453\" srcset=\"https:\/\/blog.caritas.barcelona\/wp-content\/uploads\/sites\/2\/2019\/08\/20190719_GLAMPARETES_INSTRUMENTS-47.jpg 680w, https:\/\/blog.caritas.barcelona\/wp-content\/uploads\/sites\/2\/2019\/08\/20190719_GLAMPARETES_INSTRUMENTS-47-300x200.jpg 300w, https:\/\/blog.caritas.barcelona\/wp-content\/uploads\/sites\/2\/2019\/08\/20190719_GLAMPARETES_INSTRUMENTS-47-600x400.jpg 600w\" sizes=\"auto, (max-width: 680px) 100vw, 680px\" \/><\/p>\n<p>El a\u00f1o 1877, el fil\u00f3sofo y poeta Friedrich Nietzsche afirm\u00f3 que sin m\u00fasica, la vida ser\u00eda un error. En el centro abierto Glamparetes de C\u00e1ritas Diocesana de Barcelona trabajan con esta filosof\u00eda, y <strong>este curso han implementado el uso de la m\u00fasica y los instrumentos en muchas de las actividades de ocio<\/strong>. Para conocer la importancia de los instrumentos, hemos preguntado a los ni\u00f1os de 5 a 7 a\u00f1os c\u00f3mo participan en las actividades musicales que los profesionales les preparan diariamente.<\/p>\n<p>Nat\u00e0lia Alonso, educadora social del centro abierto Glamparetes, explica que este es el primer curso en el cual han utilizado la m\u00fasica como m\u00e9todo de aprendizaje, y que normalmente llevan a cabo esta din\u00e1mica antes de merienda. <strong>\u201cIntentamos que la m\u00fasica acompa\u00f1e a muchas de las actividades que realizamos. La acci\u00f3n de lavarse los dientes o abrocharse los zapatos va acompa\u00f1ada de una canci\u00f3n, y es bueno que relacionen estas rutinas con la m\u00fasica\u201d<\/strong>, explica Nat\u00e0lia. Sobre los beneficios de la m\u00fasica, la educadora afirma que <strong>es un est\u00edmulo para los ni\u00f1os, y que gracias a estas actividades se fomenta la calma, y que los m\u00e1s peque\u00f1os puedan expresar con el cuerpo aquello que en palabras todav\u00eda no saben verbalizar<\/strong>. Adem\u00e1s la actividad siempre se realiza en grupo, cosa que fomenta el compa\u00f1erismo entre los ni\u00f1os.<\/p>\n<p><strong>\u201cDe mayor me gustar\u00eda ser cantante\u201d<\/strong><\/p>\n<p><img loading=\"lazy\" decoding=\"async\" class=\"size-full wp-image-8392 aligncenter\" src=\"https:\/\/blog.caritas.barcelona\/wp-content\/uploads\/sites\/2\/2019\/08\/20190719_GLAMPARETES_INSTRUMENTS-33.jpg\" alt=\"instruments_glamparetes_classes_musica_caritas_barcelona\" width=\"680\" height=\"453\" srcset=\"https:\/\/blog.caritas.barcelona\/wp-content\/uploads\/sites\/2\/2019\/08\/20190719_GLAMPARETES_INSTRUMENTS-33.jpg 680w, https:\/\/blog.caritas.barcelona\/wp-content\/uploads\/sites\/2\/2019\/08\/20190719_GLAMPARETES_INSTRUMENTS-33-300x200.jpg 300w, https:\/\/blog.caritas.barcelona\/wp-content\/uploads\/sites\/2\/2019\/08\/20190719_GLAMPARETES_INSTRUMENTS-33-600x400.jpg 600w\" sizes=\"auto, (max-width: 680px) 100vw, 680px\" \/><\/p>\n<p>Hajar, de cinco a\u00f1os, nos explica que este curso ha sido el primero en que ha tocado un instrumento, y que el sonido que m\u00e1s le gusta es el de la madera que suena como una rana. Hajar se refiere al g\u00fciro, que es uno de los m\u00faltiples instrumentos que la empresa <a href=\"https:\/\/www.unionmusical.es\/\" target=\"_blank\" rel=\"noopener noreferrer\">UME Uni\u00f3n Musical<\/a> ha dado a C\u00e1ritas Diocesana de Barcelona para que los ni\u00f1os puedan desarrollar las capacidades art\u00edsticas y creativas y que se acerquen a la cultura por medio de la m\u00fasica.<\/p>\n<p>Durante este curso, han recibido doce instrumentos, y seg\u00fan en Llu\u00eds Anglada, voluntario de Empresas con coraz\u00f3n, \u201clos bongos, las cajas de sonido y los ukeleles no solo son instrumentos, sino que son el acceso a una actividad que ayudar\u00e1 a estos j\u00f3venes a tener un futuro prometedor y alejarse del riesgo de exclusi\u00f3n social\u201d.<\/p>\n<p>Neire, de siete a\u00f1os, dice que el instrumento que m\u00e1s le ha gustado son los platillos, y Rihard dice que a \u00e9l le gustar\u00eda ser cantante. Tocando los instrumentos, los ni\u00f1os han hecho volar su imaginaci\u00f3n, y Malakh, de cinco a\u00f1os, ha dicho que de mayor quiere ser mayor. La inocencia de los ni\u00f1os hace que hayan respuestas ingeniosas como esta, pero Malakh ha asegurado que cuando sea mayor har\u00e1 una fiesta donde invitar\u00e1 a todo el mundo, y donde se escuchar\u00e1n canciones de Frozen.<\/p>\n<p><img loading=\"lazy\" decoding=\"async\" class=\"size-full wp-image-8394 aligncenter\" src=\"https:\/\/blog.caritas.barcelona\/wp-content\/uploads\/sites\/2\/2019\/08\/20190719_GLAMPARETES_INSTRUMENTS-84.jpg\" alt=\"classes_musica_glamparetes_caritas_barcelona\" width=\"680\" height=\"453\" srcset=\"https:\/\/blog.caritas.barcelona\/wp-content\/uploads\/sites\/2\/2019\/08\/20190719_GLAMPARETES_INSTRUMENTS-84.jpg 680w, https:\/\/blog.caritas.barcelona\/wp-content\/uploads\/sites\/2\/2019\/08\/20190719_GLAMPARETES_INSTRUMENTS-84-300x200.jpg 300w, https:\/\/blog.caritas.barcelona\/wp-content\/uploads\/sites\/2\/2019\/08\/20190719_GLAMPARETES_INSTRUMENTS-84-600x400.jpg 600w\" sizes=\"auto, (max-width: 680px) 100vw, 680px\" \/><\/p>\n<p><strong>\u201cEn estas actividades no solo\u00a0 participan los ni\u00f1os, sino que queremos que los padres y madres tambi\u00e9n se involucren en su educaci\u00f3n<\/strong>\u201d, explica Nat\u00e0lia. Gracias a la m\u00fasica, las familias muestran los ritmos propios de sus pa\u00edses de origen, de tal manera que en Glamparetes se mezclan costumbres, cultura musical y ritmos de todo el mundo.<\/p>\n<p>Desde UME *Uni\u00f3n Musical se han mostrado<strong> muy satisfechos con el uso que se ha hecho de esta donaci\u00f3n, y desean que la m\u00fasica abra nuevas oportunidades a los j\u00f3venes y sea un incentivo para desarrollar su talento creativo.<\/strong><\/p>\n","protected":false},"excerpt":{"rendered":"<p>El centro abierto Glamparetes ha introducido la m\u00fasica en sus actividades regulares de modo que los m\u00e1s peque\u00f1os puedan expresar con el cuerpo lo que en palabras a\u00fan no saben verbalizar El a\u00f1o 1877, el fil\u00f3sofo y poeta Friedrich Nietzsche afirm\u00f3 que sin m\u00fasica, la vida ser\u00eda un error. En el centro abierto Glamparetes de [&hellip;]<\/p>\n","protected":false},"author":4,"featured_media":8395,"comment_status":"open","ping_status":"open","sticky":false,"template":"","format":"standard","meta":{"footnotes":""},"categories":[22],"tags":[1945,816,1947,1944,1946],"autor":[1212],"class_list":["post-8399","post","type-post","status-publish","format-standard","has-post-thumbnail","hentry","category-entidades-con-corazon","tag-clases-de-musica","tag-cultura-con-corazon","tag-glamparetes-es","tag-instrumentos","tag-musica-es","autor-jordi-julia-es"],"aioseo_notices":[],"_links":{"self":[{"href":"https:\/\/blog.caritas.barcelona\/es\/wp-json\/wp\/v2\/posts\/8399","targetHints":{"allow":["GET"]}}],"collection":[{"href":"https:\/\/blog.caritas.barcelona\/es\/wp-json\/wp\/v2\/posts"}],"about":[{"href":"https:\/\/blog.caritas.barcelona\/es\/wp-json\/wp\/v2\/types\/post"}],"author":[{"embeddable":true,"href":"https:\/\/blog.caritas.barcelona\/es\/wp-json\/wp\/v2\/users\/4"}],"replies":[{"embeddable":true,"href":"https:\/\/blog.caritas.barcelona\/es\/wp-json\/wp\/v2\/comments?post=8399"}],"version-history":[{"count":2,"href":"https:\/\/blog.caritas.barcelona\/es\/wp-json\/wp\/v2\/posts\/8399\/revisions"}],"predecessor-version":[{"id":8401,"href":"https:\/\/blog.caritas.barcelona\/es\/wp-json\/wp\/v2\/posts\/8399\/revisions\/8401"}],"wp:featuredmedia":[{"embeddable":true,"href":"https:\/\/blog.caritas.barcelona\/es\/wp-json\/wp\/v2\/media\/8395"}],"wp:attachment":[{"href":"https:\/\/blog.caritas.barcelona\/es\/wp-json\/wp\/v2\/media?parent=8399"}],"wp:term":[{"taxonomy":"category","embeddable":true,"href":"https:\/\/blog.caritas.barcelona\/es\/wp-json\/wp\/v2\/categories?post=8399"},{"taxonomy":"post_tag","embeddable":true,"href":"https:\/\/blog.caritas.barcelona\/es\/wp-json\/wp\/v2\/tags?post=8399"},{"taxonomy":"autor","embeddable":true,"href":"https:\/\/blog.caritas.barcelona\/es\/wp-json\/wp\/v2\/autor?post=8399"}],"curies":[{"name":"wp","href":"https:\/\/api.w.org\/{rel}","templated":true}]}}