{"id":8337,"date":"2019-07-08T10:33:55","date_gmt":"2019-07-08T08:33:55","guid":{"rendered":"https:\/\/blog.caritas.barcelona\/?p=8337"},"modified":"2019-07-15T08:38:41","modified_gmt":"2019-07-15T06:38:41","slug":"cambiar-la-politica-para-cerrar-la-herida","status":"publish","type":"post","link":"https:\/\/blog.caritas.barcelona\/es\/institucional-es\/cambiar-la-politica-para-cerrar-la-herida\/","title":{"rendered":"Cambiar la pol\u00edtica para cerrar la herida"},"content":{"rendered":"<p>Es el momento de realizar nuevas pol\u00edticas. Por ello, hacemos 4 propuestas sociales para los gobiernos municipales. S\u00f3lo as\u00ed podremos conseguir cicatrizar la herida de la desigualdad.<\/p>\n<figure id=\"attachment_8334\" aria-describedby=\"caption-attachment-8334\" style=\"width: 680px\" class=\"wp-caption aligncenter\"><img loading=\"lazy\" decoding=\"async\" class=\"wp-image-8334\" src=\"https:\/\/blog.caritas.barcelona\/wp-content\/uploads\/sites\/2\/2019\/07\/joakim-honkasalo-parliament.jpg\" alt=\"Parlament buit propostes pol\u00edtiques\" width=\"680\" height=\"506\" srcset=\"https:\/\/blog.caritas.barcelona\/wp-content\/uploads\/sites\/2\/2019\/07\/joakim-honkasalo-parliament.jpg 1452w, https:\/\/blog.caritas.barcelona\/wp-content\/uploads\/sites\/2\/2019\/07\/joakim-honkasalo-parliament-300x223.jpg 300w, https:\/\/blog.caritas.barcelona\/wp-content\/uploads\/sites\/2\/2019\/07\/joakim-honkasalo-parliament-768x571.jpg 768w, https:\/\/blog.caritas.barcelona\/wp-content\/uploads\/sites\/2\/2019\/07\/joakim-honkasalo-parliament-1024x762.jpg 1024w, https:\/\/blog.caritas.barcelona\/wp-content\/uploads\/sites\/2\/2019\/07\/joakim-honkasalo-parliament-1320x982.jpg 1320w\" sizes=\"auto, (max-width: 680px) 100vw, 680px\" \/><figcaption id=\"caption-attachment-8334\" class=\"wp-caption-text\">Foto: Joakim Honkasalo \/ Unsplash<\/figcaption><\/figure>\n<p>Mes tras mes, a\u00f1o tras a\u00f1o, y ya van muchos, vemos que los datos de la recuperaci\u00f3n econ\u00f3mica no van acompa\u00f1adas de una mejora en las condiciones de vida de las personas que sufren exclusi\u00f3n social. Como sociedad, miramos hacia atr\u00e1s para ver c\u00f3mo est\u00e1bamos &#8220;antes de la crisis&#8221; y nos fijamos los objetivos para llegar a recuperar aquellas situaciones, porque si la econom\u00eda se recobra, tambi\u00e9n deber\u00edan hacerlo los indicadores de pobreza. Pero olvidamos f\u00e1cilmente que la crisis tambi\u00e9n provoc\u00f3 cambios estructurales y que, ahora, necesitamos de un mayor esfuerzo colectivo para generar las condiciones que ayuden a las personas a salir de las situaciones de pobreza y exclusi\u00f3n sociales en las que se encuentran desde hace a\u00f1os. <strong>Ahora, por tanto, es el momento de realizar nuevas pol\u00edticas, y de hacerlas con un esfuerzo mucho m\u00e1s intenso que el que a menudo tenemos en mente<\/strong>.<\/p>\n<p>En C\u00e1ritas pensamos que es necesario que todos los niveles administrativos empiecen un giro que las haga desarrollar pol\u00edticas alineadas y coherentes entre ellas. Por eso iniciamos, los \u00faltimos meses, un proceso participativo con personas trabajadoras, voluntarias y participantes de nuestros proyectos. Fruto de este proceso, pudimos desplegar una serie de prioridades que, a nivel local, pensamos que son indispensables <a href=\"https:\/\/blog.caritas.barcelona\/es\/institucional-es\/una-herida-abierta-y-profunda\/\" target=\"_blank\" rel=\"noopener noreferrer\">para cerrar la herida<\/a>.<\/p>\n<ul>\n<li><strong>Servicios Sociales<\/strong><\/li>\n<\/ul>\n<p>Nuestras sociedades necesitan un Servicios Sociales m\u00e1s y mejor desplegados. Esta deber\u00eda ser una prioridad para todos los gobiernos locales que inician ahora su mandato. Pero tambi\u00e9n para toda la oposici\u00f3n pol\u00edtica, ya que se necesita generar un consenso sobre este tema que vaya mucho m\u00e1s all\u00e1 de una legislatura, que sea un acuerdo de ciudad que permita mantener, sostenidamente y de manera abierta en la sociedad civil, una pol\u00edtica social en salida. <strong>Los Servicios Sociales que necesitamos actualmente deben estar mejor financiados, deben tener m\u00e1s recursos humanos y deben\u00a0 tener la capacidad de realizar m\u00e1s ayudas y m\u00e1s intensos<\/strong>.<\/p>\n<ul>\n<li><strong>Vivienda<\/strong><\/li>\n<\/ul>\n<p>El problema de la vivienda es com\u00fan en toda la di\u00f3cesis. El 36% de las personas que viven sufren exclusi\u00f3n residencial. Necesitamos pol\u00edticas de vivienda que den respuesta a las emergencias de hoy, pero que tambi\u00e9n apuesten por un dise\u00f1o estructural a lo largo del tiempo. Las pol\u00edticas de vivienda de hoy garantizan el derecho a la vivienda de ma\u00f1ana. Por este motivo <strong>hay que generar un consenso en cada ciudad para incrementar los esfuerzos en pol\u00edtica de vivienda<\/strong>, con un marcado acento social y, por encima de todo, destinadas a incrementar el parque p\u00fablico de alquiler social, as\u00ed como el asequible.<\/p>\n<ul>\n<li><strong>Inserci\u00f3n laboral<\/strong><\/li>\n<\/ul>\n<p>La inserci\u00f3n laboral que hacemos en C\u00e1ritas con el <a href=\"https:\/\/caritas.barcelona\/es\/formacion-e-insercion-laboral\/feina-amb-cor\/\" target=\"_blank\" rel=\"noopener noreferrer\">proyecto Feina amb Cor<\/a>, basado en el acompa\u00f1amiento intensivo de las personas en situaci\u00f3n de paro, est\u00e1 dando sus frutos. En 5 a\u00f1os ha logrado insertar a m\u00e1s de 4.000 personas en el mercado laboral. Pensamos que es un proyecto que se puede replicar desde la Administraci\u00f3n, haciendo de los servicios de empleo verdaderos espacios de recuperaci\u00f3n de las personas, herramientas que ayuden a salir de las situaciones de extrema precariedad laboral.<\/p>\n<ul>\n<li><strong>Ciudadan\u00eda<\/strong><\/li>\n<\/ul>\n<p>Por \u00faltimo, hay que hacer extensivo el derecho de ciudadan\u00eda a tantas y tantas personas que viven entre nosotros siendo invisibles y con casi todos sus derechos vulnerados. Hoy en d\u00eda, el padr\u00f3n es la puerta de acceso a muchos derechos como la educaci\u00f3n, la sanidad o ser atendido por los servicios sociales municipales. Y mucha gente no se puede empadronar porque muchos municipios hacen una interpretaci\u00f3n restrictiva del empadronamiento. <strong>Hay que permitir a todos empadronarse all\u00ed donde viven, independientemente de si tienen contrato de alquiler o no<\/strong>. De este modo, muchas personas volver\u00e1n a ser ciudadanos en sus ciudades.<\/p>\n","protected":false},"excerpt":{"rendered":"<p>Es el momento de realizar nuevas pol\u00edticas. Por ello, hacemos 4 propuestas sociales para los gobiernos municipales. S\u00f3lo as\u00ed podremos conseguir cicatrizar la herida de la desigualdad. Mes tras mes, a\u00f1o tras a\u00f1o, y ya van muchos, vemos que los datos de la recuperaci\u00f3n econ\u00f3mica no van acompa\u00f1adas de una mejora en las condiciones de [&hellip;]<\/p>\n","protected":false},"author":4,"featured_media":8335,"comment_status":"open","ping_status":"open","sticky":false,"template":"","format":"standard","meta":{"footnotes":""},"categories":[21],"tags":[1914,1912,1913,1828],"autor":[1185],"class_list":["post-8337","post","type-post","status-publish","format-standard","has-post-thumbnail","hentry","category-institucional-es","tag-campana-caritas-herida","tag-cerremos-la-herida","tag-gobiernos-municipales","tag-propuestas-politicas","autor-fernando-diaz-es"],"aioseo_notices":[],"_links":{"self":[{"href":"https:\/\/blog.caritas.barcelona\/es\/wp-json\/wp\/v2\/posts\/8337","targetHints":{"allow":["GET"]}}],"collection":[{"href":"https:\/\/blog.caritas.barcelona\/es\/wp-json\/wp\/v2\/posts"}],"about":[{"href":"https:\/\/blog.caritas.barcelona\/es\/wp-json\/wp\/v2\/types\/post"}],"author":[{"embeddable":true,"href":"https:\/\/blog.caritas.barcelona\/es\/wp-json\/wp\/v2\/users\/4"}],"replies":[{"embeddable":true,"href":"https:\/\/blog.caritas.barcelona\/es\/wp-json\/wp\/v2\/comments?post=8337"}],"version-history":[{"count":2,"href":"https:\/\/blog.caritas.barcelona\/es\/wp-json\/wp\/v2\/posts\/8337\/revisions"}],"predecessor-version":[{"id":8339,"href":"https:\/\/blog.caritas.barcelona\/es\/wp-json\/wp\/v2\/posts\/8337\/revisions\/8339"}],"wp:featuredmedia":[{"embeddable":true,"href":"https:\/\/blog.caritas.barcelona\/es\/wp-json\/wp\/v2\/media\/8335"}],"wp:attachment":[{"href":"https:\/\/blog.caritas.barcelona\/es\/wp-json\/wp\/v2\/media?parent=8337"}],"wp:term":[{"taxonomy":"category","embeddable":true,"href":"https:\/\/blog.caritas.barcelona\/es\/wp-json\/wp\/v2\/categories?post=8337"},{"taxonomy":"post_tag","embeddable":true,"href":"https:\/\/blog.caritas.barcelona\/es\/wp-json\/wp\/v2\/tags?post=8337"},{"taxonomy":"autor","embeddable":true,"href":"https:\/\/blog.caritas.barcelona\/es\/wp-json\/wp\/v2\/autor?post=8337"}],"curies":[{"name":"wp","href":"https:\/\/api.w.org\/{rel}","templated":true}]}}