{"id":8317,"date":"2019-07-01T14:02:31","date_gmt":"2019-07-01T12:02:31","guid":{"rendered":"https:\/\/blog.caritas.barcelona\/?p=8317"},"modified":"2019-07-01T14:02:31","modified_gmt":"2019-07-01T12:02:31","slug":"el-despertar-la-fase-final-de-la-crisis","status":"publish","type":"post","link":"https:\/\/blog.caritas.barcelona\/es\/formacion-e-insercion-laboral\/el-despertar-la-fase-final-de-la-crisis\/","title":{"rendered":"El despertar, la fase final de la crisis"},"content":{"rendered":"<div class=\"tlid-input input\">\n<div class=\"source-wrap\">\n<div class=\"input-full-height-wrapper tlid-input-full-height-wrapper\">\n<div class=\"source-input\">\n<div class=\"source-footer-wrap source-or-target-footer\">\n<div class=\"character-count tlid-character-count\"><\/div>\n<\/div>\n<\/div>\n<\/div>\n<\/div>\n<\/div>\n<div class=\"tlid-results-container results-container\">\n<div class=\"tlid-result result-dict-wrapper\">\n<div class=\"result tlid-copy-target\">\n<div class=\"result-header\">\n<div class=\"starbutton jfk-button-flat jfk-button unstarred\" role=\"button\" aria-label=\"Desa la traducci\u00f3\" data-tooltip=\"Desa la traducci\u00f3\" data-tooltip-align=\"t,c\">\n<div class=\"jfk-button-img\"><span class=\"\" title=\"\">El economista<\/span> <span class=\"\" title=\"\">Santiago Ni\u00f1o<\/span> <span title=\"\">Becerra<\/span> <span title=\"\">escribe<\/span> <span title=\"\">en nuestro blog<\/span> <span title=\"\">y apunta<\/span> <span title=\"\">que estamos en<\/span> <span class=\"\" title=\"\">la tercera<\/span> <span class=\"\" title=\"\">fase<\/span> <span title=\"\">de una<\/span> <span title=\"\">crisis<\/span> <span title=\"\">que comenz\u00f3<\/span> <span title=\"\">en 2007,<\/span> <span class=\"\" title=\"\">un periodo<\/span> <span class=\"\" title=\"\">en el que mantener<\/span> <span title=\"\">la paz<\/span> <span class=\"\" title=\"\">social<\/span> <span class=\"\" title=\"\">ya no ser\u00e1<\/span> <span title=\"\">un objetivo<\/span><\/div>\n<div><\/div>\n<\/div>\n<\/div>\n<\/div>\n<\/div>\n<\/div>\n<figure id=\"attachment_8314\" aria-describedby=\"caption-attachment-8314\" style=\"width: 680px\" class=\"wp-caption aligncenter\"><img loading=\"lazy\" decoding=\"async\" class=\"size-full wp-image-8314\" src=\"https:\/\/blog.caritas.barcelona\/wp-content\/uploads\/sites\/2\/2019\/07\/julian-hochgesang-despertar-unsplash.jpg\" alt=\"julian-hochgesang-despertar-unsplash\" width=\"680\" height=\"453\" srcset=\"https:\/\/blog.caritas.barcelona\/wp-content\/uploads\/sites\/2\/2019\/07\/julian-hochgesang-despertar-unsplash.jpg 680w, https:\/\/blog.caritas.barcelona\/wp-content\/uploads\/sites\/2\/2019\/07\/julian-hochgesang-despertar-unsplash-300x200.jpg 300w\" sizes=\"auto, (max-width: 680px) 100vw, 680px\" \/><figcaption id=\"caption-attachment-8314\" class=\"wp-caption-text\">Foto: Julian Hochgesang &#8211; Unsplash<\/figcaption><\/figure>\n<p>En 2007 el modelo econ\u00f3mico y social que hab\u00eda estado vigente desde la posguerra de la 2a guerra mundial se agot\u00f3. No fue algo excepcional: en los \u00faltimos 2.000 a\u00f1os el agotamiento del modelo en uso se ha dado en varias ocasiones, la \u00faltima en 1929; y siempre que esto ha sucedido, los a\u00f1os que siguen son duros, inciertos y carentes de expectativas, en principio hasta que un nuevo modelo es dise\u00f1ado e implementado.<\/p>\n<p>Hoy <strong>nos encontramos en el lapso de tiempo que media entre el agotamiento del modelo antiguo y la implementaci\u00f3n del nuevo, un lapso de tiempo que es una crisis sist\u00e9mica<\/strong>. Tal como detallo en mi libro recientemente publicado <em>El Crash. Tercera Fase<\/em> (Rocaediciones, Marzo 2019) nos encontramos en el inicio de su tercera fase y que comenz\u00f3 a manifestarse a mediados de 2018.<\/p>\n<p><strong>\u00bfTercera fase? S\u00ed<\/strong><\/p>\n<p>En 2007 se manifiesta la crisis y se inicia una<strong> fase 0: la de las &#8216;ilusiones ilusorias&#8217;<\/strong>. Cuando los gobiernos pensaron que poniendo fuerza en un gasto p\u00fablico desaforado se podr\u00eda recuperar el empleo, la renta y el crecimiento. El resultado fue un aumento brutal del d\u00e9ficit p\u00fablico y el aumento de las primas de riesgo de las deudas p\u00fablicas, sobre todo en algunos pa\u00edses, como Espa\u00f1a.<\/p>\n<p>En 2010 se inicia la <strong>fase 1, la de &#8216;la austeridad&#8217;<\/strong>. Instituciones y Gobiernos vieron que el aumento del gasto p\u00fablico no resolv\u00eda nada y se entr\u00f3 en una fase de recortes de gasto que tuvieron efectos devastadores sobre la renta de las familias. (Estados Unidos, apoyado en la preponderancia del d\u00f3lar, continu\u00f3 con sus est\u00edmulos, y China y Jap\u00f3n, aunque con bases diferentes, tambi\u00e9n).<\/p>\n<p>Llegado el a\u00f1o 2012, <strong>la fase 2, la de &#8216;las anfetas&#8217;<\/strong>. El Banco Central Europeo comenz\u00f3 con las inyecciones masivas de dinero gratis -&#8220;anfetaminas&#8221;- que supusieron la aparente recuperaci\u00f3n de la actividad y la confianza, hasta que a mediados de 2018 se demostr\u00f3 que esta v\u00eda se encontraba agotada; pero hab\u00eda ganado tiempo para dise\u00f1ar el nuevo modelo.<\/p>\n<p><strong>La fase 3 &#8216;el despertar&#8217;<\/strong> ser\u00e1 la fase final de esta crisis. <strong>Se demostrar\u00e1 que la deuda es impagable<\/strong>, se utilizar\u00e1 la guerra comercial como arma defensiva, se manipular\u00e1n los tipos de cambio con el fin de ara\u00f1ar algo de competitividad, ser\u00e1 el momento de limpiar los balances de las entidades bancarias,&#8230;<\/p>\n<p><strong>\u00bfQu\u00e9 significa la tercera fase?<\/strong><\/p>\n<p>Dos a\u00f1os de implementaci\u00f3n del nuevo modelo: el aterrizaje, la desconfianza, el cambio en la conceptualizaci\u00f3n financiera, en la valoraci\u00f3n de lo que tiene valor (recursos, alimentaci\u00f3n, &#8230;), la crisis de la deuda, la crisis tecnol\u00f3gica, la constataci\u00f3n de que el trabajo cada vez vale menos&#8230; <strong>la percepci\u00f3n de que ya no hay marcha atr\u00e1s<\/strong>.<\/p>\n<p>Cuando se cumplan dos a\u00f1os de aplicaci\u00f3n ser\u00e1 cuando &#8216;la calle&#8217; se entere de lo que significa este <strong>nuevo modelo: paro estructural, subempleo, aplicaci\u00f3n de la Inteligencia Artificial, robotizaci\u00f3n, concentraciones de compa\u00f1\u00edas, recortes en el Modelo de protecci\u00f3n social, delimitaci\u00f3n de zonas viables, polarizaci\u00f3n social, implementaci\u00f3n de la Renta B\u00e1sica (RB)<\/strong> o estudios en profundidad para su puesta en marcha ante el aumento de desigualdad&#8230;<\/p>\n<p>Y a los dos a\u00f1os de imposici\u00f3n <strong>ya no ser\u00e1 un objetivo mantener la paz social<\/strong>: &#8216;que cada uno cargue el muerto&#8217;, puesta en marcha definitiva de la renta b\u00e1sica, oligopolizaci\u00f3n de actividades&#8230;<\/p>\n<p><strong>\u00bfY despu\u00e9s, qu\u00e9?<\/strong><\/p>\n<p>Despu\u00e9s la estabilidad, el fin de la volatilidad y la consecuci\u00f3n de una &#8216;Nueva Normalidad&#8217; en que &#8216;lo normal&#8217; ha cambiado: no todo el mundo es necesario para generar PIB ni todo sucede en unos nos llamados Estados a trav\u00e9s de personas concretas. Lo normal pasa a ser la <strong>concentraci\u00f3n de poder econ\u00f3mico en muy pocas manos, el establecimiento de \u00e1reas viables, y el beneficio a partir del concepto de &#8216;grupo<\/strong>&#8216;.<\/p>\n<p><strong>Y la consolidaci\u00f3n de la desigualdad<\/strong>: hoy en Estados Unidos, el 1% m\u00e1s rico de la poblaci\u00f3n controla el 24% de la riqueza, el mismo porcentaje que en 1924; en Espa\u00f1a el 20% m\u00e1s rico de la poblaci\u00f3n ostenta la propiedad del 69% de la riqueza mientras que el 20% m\u00e1s pobre s\u00f3lo es propietario del 0,1%. Esto deja a la renta b\u00e1sica y a las organizaciones caritativas la tarea de mitigar la pobreza de una parte de la poblaci\u00f3n cada vez m\u00e1s -en t\u00e9rminos econ\u00f3micos- no necesaria.<\/p>\n","protected":false},"excerpt":{"rendered":"<p>El economista Santiago Ni\u00f1o Becerra escribe en nuestro blog y apunta que estamos en la tercera fase de una crisis que comenz\u00f3 en 2007, un periodo en el que mantener la paz social ya no ser\u00e1 un objetivo En 2007 el modelo econ\u00f3mico y social que hab\u00eda estado vigente desde la posguerra de la 2a [&hellip;]<\/p>\n","protected":false},"author":4,"featured_media":8315,"comment_status":"open","ping_status":"open","sticky":false,"template":"","format":"standard","meta":{"footnotes":""},"categories":[27],"tags":[1436,1404],"autor":[1906],"class_list":["post-8317","post","type-post","status-publish","format-standard","has-post-thumbnail","hentry","category-formacion-e-insercion-laboral","tag-crisis","tag-crisis-economica","autor-santiago-nino-es"],"aioseo_notices":[],"_links":{"self":[{"href":"https:\/\/blog.caritas.barcelona\/es\/wp-json\/wp\/v2\/posts\/8317","targetHints":{"allow":["GET"]}}],"collection":[{"href":"https:\/\/blog.caritas.barcelona\/es\/wp-json\/wp\/v2\/posts"}],"about":[{"href":"https:\/\/blog.caritas.barcelona\/es\/wp-json\/wp\/v2\/types\/post"}],"author":[{"embeddable":true,"href":"https:\/\/blog.caritas.barcelona\/es\/wp-json\/wp\/v2\/users\/4"}],"replies":[{"embeddable":true,"href":"https:\/\/blog.caritas.barcelona\/es\/wp-json\/wp\/v2\/comments?post=8317"}],"version-history":[{"count":2,"href":"https:\/\/blog.caritas.barcelona\/es\/wp-json\/wp\/v2\/posts\/8317\/revisions"}],"predecessor-version":[{"id":8319,"href":"https:\/\/blog.caritas.barcelona\/es\/wp-json\/wp\/v2\/posts\/8317\/revisions\/8319"}],"wp:featuredmedia":[{"embeddable":true,"href":"https:\/\/blog.caritas.barcelona\/es\/wp-json\/wp\/v2\/media\/8315"}],"wp:attachment":[{"href":"https:\/\/blog.caritas.barcelona\/es\/wp-json\/wp\/v2\/media?parent=8317"}],"wp:term":[{"taxonomy":"category","embeddable":true,"href":"https:\/\/blog.caritas.barcelona\/es\/wp-json\/wp\/v2\/categories?post=8317"},{"taxonomy":"post_tag","embeddable":true,"href":"https:\/\/blog.caritas.barcelona\/es\/wp-json\/wp\/v2\/tags?post=8317"},{"taxonomy":"autor","embeddable":true,"href":"https:\/\/blog.caritas.barcelona\/es\/wp-json\/wp\/v2\/autor?post=8317"}],"curies":[{"name":"wp","href":"https:\/\/api.w.org\/{rel}","templated":true}]}}