{"id":8294,"date":"2019-06-25T10:09:05","date_gmt":"2019-06-25T08:09:05","guid":{"rendered":"https:\/\/blog.caritas.barcelona\/?p=8294"},"modified":"2019-06-25T11:30:24","modified_gmt":"2019-06-25T09:30:24","slug":"la-generacion-silenciada","status":"publish","type":"post","link":"https:\/\/blog.caritas.barcelona\/es\/personas-mayores\/la-generacion-silenciada\/","title":{"rendered":"La generaci\u00f3n silenciada"},"content":{"rendered":"<p>Victoria es la protagonista de esta historia. Nacida en Badalona hace 65 a\u00f1os, hace tres que se mud\u00f3 a un piso compartido de C\u00e1ritas Diocesana de Barcelona situado en el barrio del Raval. Posteriormente, ha ido a vivir en una unidad de convivencia de la misma entidad en el centro de Barcelona. Le gusta invertir su tiempo a pasear por las calles y participar en los Tramats de vida de C\u00e1ritas una vez a la semana.<\/p>\n<p>&nbsp;<\/p>\n<p style=\"text-align: center\"><img loading=\"lazy\" decoding=\"async\" class=\"size-full wp-image-8287\" src=\"https:\/\/blog.caritas.barcelona\/wp-content\/uploads\/sites\/2\/2019\/06\/20190513_VICTORIA_UNITATS_RONDA_@CLARA_SOTO-3-e1561449488840.jpg\" alt=\"\" width=\"768\" height=\"513\" \/><\/p>\n<p>&nbsp;<\/p>\n<p><strong>Victoria pertenece a uno de los colectivos m\u00e1s vulnerables de nuestra sociedad: la gente mayor<\/strong>. Este grupo est\u00e1 formado por 1.400.000 personas que tienen 65 a\u00f1os o m\u00e1s en Catalunya, de las que un 21% viven solas. Pero, de esta cifra, \u00bfcu\u00e1ntas viven en primera persona la soledad no deseada? <strong>En Catalunya hay 294.000 personas que viven solas y de estas hay un 60% que no quieren vivir de esta manera<\/strong>. La soledad no deseada es aquella que afecta mayoritariamente a mujeres que han perdido su pareja, que nadie contacta con ellas o que no tienen ninguna red familiar.<\/p>\n<p>La poblaci\u00f3n catalana de 65 a\u00f1os o m\u00e1s ha aumentado de manera progresiva y constante en las \u00faltimas d\u00e9cadas. Este aumento ha ido ligado con el incremento del porcentaje de personas mayores que se encuentra en el umbral de la pobreza o exclusi\u00f3n social. Aunque en 2017 el n\u00famero disminuy\u00f3, no ha sido gracias a la mejora de la situaci\u00f3n de las personas mayores, sino que ha sido el empobrecimiento general de la poblaci\u00f3n.<\/p>\n<p>&nbsp;<\/p>\n<p style=\"text-align: center\"><img loading=\"lazy\" decoding=\"async\" class=\"size-full wp-image-8289\" src=\"https:\/\/blog.caritas.barcelona\/wp-content\/uploads\/sites\/2\/2019\/06\/20190513_VICTORIA_UNITATS_RONDA_@CLARA_SOTO-4-e1561449523932.jpg\" alt=\"\" width=\"768\" height=\"514\" \/><\/p>\n<p>&nbsp;<\/p>\n<p><strong>La pobreza tiene rostro femenino<\/strong><\/p>\n<p>Las pensiones que perciben las mujeres son m\u00e1s bajas que las de los hombres, en su mayor\u00eda por no haber cotizado o haber tenido trayectorias laborales m\u00e1s cortas, intermitentes y con salarios m\u00e1s bajos. Este es el caso de Victoria.<\/p>\n<p>Victoria dedic\u00f3 los \u00faltimos diez a\u00f1os laborables de su vida a cuidar de sus padres y su hermana enferma. Antes hab\u00eda trabajado en todo lo que le iba saliendo, la mayor\u00eda trabajos precarios. Durante este tiempo nadie cotiz\u00f3 por ella. <strong>Actualmente percibe unos 500 \u20ac de la Renta Garantizada de Ciudadan\u00eda, pero la pensi\u00f3n que recibe no es suficiente para cubrir sus necesidades b\u00e1sicas<\/strong>. Esta fue la raz\u00f3n por la que acudi\u00f3 a C\u00e1ritas hace tres a\u00f1os. Dice que no est\u00e1 a su alcance pagar una habitaci\u00f3n, y menos un piso en Barcelona. <strong>Tambi\u00e9n explica que est\u00e1 inscrita en la oficina de vivienda del Ayuntamiento de Barcelona y que est\u00e1 a la espera de un piso de alquiler social, pero sin esperanza.<\/strong> &#8220;Lo veo muy dif\u00edcil, hay personas que han esperado m\u00e1s de diez a\u00f1os&#8221;, dice.<\/p>\n<p>Seg\u00fan la Encuesta de Condiciones de Vida del IDESCAT publicada en 2017, en Catalunya un 15,5% de las personas mayores est\u00e1 en riesgo de pobreza. Las mujeres son las peor paradas como herencia de una estructura social que dejaba la mujer mayoritariamente en el \u00e1mbito privado, teniendo cuidado del hogar y los hijos. De hecho, solo el 44% de mujeres reciben una pensi\u00f3n contra 79% de los hombres. La vejez est\u00e1 lejos de ser digna para todos, seg\u00fan el Informe INSOCAT de 2016, un 34% de los ancianos no pueden hacerse cargo de los gastos imprevistos.<\/p>\n<p><strong>Desde C\u00e1ritas, se reclaman m\u00e1s viviendas para las personas mayores, y que estas sean a precios asequibles, es decir, que los inquilinos puedan asumir un coste econ\u00f3mico a partir de la pensi\u00f3n que cobren.<\/strong> La entidad trabaja para que la gente mayor no se sienta sola, por lo que se impulsan proyectos de acompa\u00f1amiento como los Tramados de vida, que consisten en diferentes grupos parroquiales que semanalmente realizan actividades conjuntas para la gente mayor.<\/p>\n<p style=\"text-align: center\"><img loading=\"lazy\" decoding=\"async\" class=\"size-full wp-image-8291 aligncenter\" src=\"https:\/\/blog.caritas.barcelona\/wp-content\/uploads\/sites\/2\/2019\/06\/20190513_VICTORIA_UNITATS_RONDA_@CLARA_SOTO-2-e1561449556204.jpg\" alt=\"\" width=\"768\" height=\"511\" \/><\/p>\n","protected":false},"excerpt":{"rendered":"<p>Victoria es la protagonista de esta historia. Nacida en Badalona hace 65 a\u00f1os, hace tres que se mud\u00f3 a un piso compartido de C\u00e1ritas Diocesana de Barcelona situado en el barrio del Raval. Posteriormente, ha ido a vivir en una unidad de convivencia de la misma entidad en el centro de Barcelona. Le gusta invertir [&hellip;]<\/p>\n","protected":false},"author":4,"featured_media":8288,"comment_status":"closed","ping_status":"closed","sticky":false,"template":"","format":"standard","meta":{"footnotes":""},"categories":[26],"tags":[1903,1224,1904,891,1038,1474],"autor":[1902],"class_list":["post-8294","post","type-post","status-publish","format-standard","has-post-thumbnail","hentry","category-personas-mayores","tag-barcelona-es","tag-caritas-es","tag-pensiones-es","tag-personas-mayores","tag-pobreza","tag-soledad","autor-clara-soto-es"],"aioseo_notices":[],"_links":{"self":[{"href":"https:\/\/blog.caritas.barcelona\/es\/wp-json\/wp\/v2\/posts\/8294","targetHints":{"allow":["GET"]}}],"collection":[{"href":"https:\/\/blog.caritas.barcelona\/es\/wp-json\/wp\/v2\/posts"}],"about":[{"href":"https:\/\/blog.caritas.barcelona\/es\/wp-json\/wp\/v2\/types\/post"}],"author":[{"embeddable":true,"href":"https:\/\/blog.caritas.barcelona\/es\/wp-json\/wp\/v2\/users\/4"}],"replies":[{"embeddable":true,"href":"https:\/\/blog.caritas.barcelona\/es\/wp-json\/wp\/v2\/comments?post=8294"}],"version-history":[{"count":5,"href":"https:\/\/blog.caritas.barcelona\/es\/wp-json\/wp\/v2\/posts\/8294\/revisions"}],"predecessor-version":[{"id":8308,"href":"https:\/\/blog.caritas.barcelona\/es\/wp-json\/wp\/v2\/posts\/8294\/revisions\/8308"}],"wp:featuredmedia":[{"embeddable":true,"href":"https:\/\/blog.caritas.barcelona\/es\/wp-json\/wp\/v2\/media\/8288"}],"wp:attachment":[{"href":"https:\/\/blog.caritas.barcelona\/es\/wp-json\/wp\/v2\/media?parent=8294"}],"wp:term":[{"taxonomy":"category","embeddable":true,"href":"https:\/\/blog.caritas.barcelona\/es\/wp-json\/wp\/v2\/categories?post=8294"},{"taxonomy":"post_tag","embeddable":true,"href":"https:\/\/blog.caritas.barcelona\/es\/wp-json\/wp\/v2\/tags?post=8294"},{"taxonomy":"autor","embeddable":true,"href":"https:\/\/blog.caritas.barcelona\/es\/wp-json\/wp\/v2\/autor?post=8294"}],"curies":[{"name":"wp","href":"https:\/\/api.w.org\/{rel}","templated":true}]}}