{"id":7878,"date":"2019-03-08T15:11:18","date_gmt":"2019-03-08T14:11:18","guid":{"rendered":"https:\/\/blog.caritas.barcelona\/?p=7878"},"modified":"2019-03-18T15:26:04","modified_gmt":"2019-03-18T14:26:04","slug":"un-acompanamiento-que-viene-de-lejos","status":"publish","type":"post","link":"https:\/\/blog.caritas.barcelona\/es\/familia-e-infancia\/un-acompanamiento-que-viene-de-lejos\/","title":{"rendered":"Un acompa\u00f1amiento que viene de lejos"},"content":{"rendered":"<p>Desde 1983, C\u00e1ritas pone el foco en las mujeres monoparentales o familias con hijos que no tienen un hogar creando los centros de acogida familiar<\/p>\n<figure id=\"attachment_7873\" aria-describedby=\"caption-attachment-7873\" style=\"width: 680px\" class=\"wp-caption aligncenter\"><img loading=\"lazy\" decoding=\"async\" class=\"size-full wp-image-7873\" src=\"https:\/\/blog.caritas.barcelona\/wp-content\/uploads\/sites\/2\/2019\/03\/casa-acollida-families-caritas-barcelona-1983.jpg\" alt=\"casa-acollida-families-caritas-barcelona-1983\" width=\"680\" height=\"451\" srcset=\"https:\/\/blog.caritas.barcelona\/wp-content\/uploads\/sites\/2\/2019\/03\/casa-acollida-families-caritas-barcelona-1983.jpg 680w, https:\/\/blog.caritas.barcelona\/wp-content\/uploads\/sites\/2\/2019\/03\/casa-acollida-families-caritas-barcelona-1983-300x199.jpg 300w, https:\/\/blog.caritas.barcelona\/wp-content\/uploads\/sites\/2\/2019\/03\/casa-acollida-families-caritas-barcelona-1983-600x398.jpg 600w\" sizes=\"auto, (max-width: 680px) 100vw, 680px\" \/><figcaption id=\"caption-attachment-7873\" class=\"wp-caption-text\">Foto: Archivo C\u00e0ritas<\/figcaption><\/figure>\n<p>Corr\u00eda el a\u00f1o 1983. Los centros de servicios sociales hac\u00eda unos a\u00f1os que ya caminaban y, desde C\u00e1ritas, no se quer\u00eda duplicar su labor social. Es entonces cuando la entidad pone el foco en un nuevo colectivo que est\u00e1 sufriendo con m\u00e1s fuerza situaciones de pobreza: los ni\u00f1os y sus familias.<\/p>\n<p>Y lo hace con las <strong>casas de acogida, residencias que proporcionan entornos seguros y estables<\/strong> donde poder acompa\u00f1ar los procesos de recuperaci\u00f3n de sectores vulnerables. Desde entonces, la realidad cambiante ha hecho que hayan tenido varias tipolog\u00edas de personas atendidas respondiendo a las urgencias de cada momento hist\u00f3rico.<\/p>\n<p><strong>Dos pisos dedicados a familias<\/strong><\/p>\n<p>En enero de <strong>1983 se abre un centro en Poble Nou<\/strong>\u00a0con la firma de un nuevo convenio con la parroquia del Sagrado Coraz\u00f3n. Este centro ya se hab\u00eda destinado previamente (1976) a una &#8220;Residencia de transe\u00fantes y extranjeros&#8221; pero la falta de condiciones adecuadas del espacio obligaron a su cierre. Con la reapertura, se menciona el objetivo de instalar &#8220;una residencia para familias en proceso de reinserci\u00f3n social&#8221;.<\/p>\n<p>Este planteamiento coincid\u00eda con la reflexi\u00f3n del <strong>nuevo programa de Infancia y Familia, que desde el primer momento plante\u00f3 que la atenci\u00f3n a los ni\u00f1os deb\u00eda abordarse de forma integral<\/strong> relacionada con sus familias. La manera m\u00e1s eficiente de ayudarles era ayudar a todo su entorno. De esta manera el centro de Poble Nou entr\u00f3 en este circuito de residencias de emergencia temporal y se fijaba la concepci\u00f3n de casas de acogida familiar.<\/p>\n<p>En esta l\u00ednea, en 1984 se abri\u00f3 una nueva casa con el mismo objetivo en la calle Pujades del mismo barrio y en 1987 se sustituir\u00eda la de\u00a0Poble Nou por una en la calle Sotstinent Navarro, en el G\u00f3tico.<\/p>\n<figure id=\"attachment_7875\" aria-describedby=\"caption-attachment-7875\" style=\"width: 680px\" class=\"wp-caption aligncenter\"><img loading=\"lazy\" decoding=\"async\" class=\"wp-image-7875 size-full\" src=\"https:\/\/blog.caritas.barcelona\/wp-content\/uploads\/sites\/2\/2019\/03\/casa_acollida_familiar_caritas_barcelona_1984.png\" alt=\"casa_acollida_familiar_caritas_barcelona_1984\" width=\"680\" height=\"452\" srcset=\"https:\/\/blog.caritas.barcelona\/wp-content\/uploads\/sites\/2\/2019\/03\/casa_acollida_familiar_caritas_barcelona_1984.png 680w, https:\/\/blog.caritas.barcelona\/wp-content\/uploads\/sites\/2\/2019\/03\/casa_acollida_familiar_caritas_barcelona_1984-300x199.png 300w, https:\/\/blog.caritas.barcelona\/wp-content\/uploads\/sites\/2\/2019\/03\/casa_acollida_familiar_caritas_barcelona_1984-600x399.png 600w\" sizes=\"auto, (max-width: 680px) 100vw, 680px\" \/><figcaption id=\"caption-attachment-7875\" class=\"wp-caption-text\">Foto: Archivo C\u00e0ritas<\/figcaption><\/figure>\n<p><strong>Datos para avanzar<\/strong><\/p>\n<p>La memoria de las dos casas del curso 85-86 mencionaba que de 19 familias acogidas &#8220;18 han sido madres solas con ni\u00f1os&#8221;. <strong>Estos datos fueron definitorios para llegar a las <a href=\"https:\/\/caritas.barcelona\/es\/familia-e-infancia\/casas-de-acogida\/\" target=\"_blank\" rel=\"noopener\">actuales casas de acogida<\/a><\/strong> (es decir, centros dedicados a mujeres que han sufrido violencia de g\u00e9nero).<\/p>\n<p>Todos los an\u00e1lisis e <strong>informes de los a\u00f1os 80 constataban una realidad que desgraciadamente a\u00fan perdura<\/strong>: la problem\u00e1tica familiar la sufren principalmente mujeres solteras o provenientes de matrimonios fracasados, destac\u00e1ndose como principal detonante las agresiones f\u00edsicas y amenazas hacia ellas y sus hijos.<\/p>\n<p>Esta lacra de la violencia machista ha hecho que las casas de acogida hayan sido desde hace d\u00e9cadas espacios necesarios para que mujeres solas o con ni\u00f1os en situaci\u00f3n de exclusi\u00f3n social puedan recuperarse de situaciones de violencia en un entorno de protecci\u00f3n y acompa\u00f1amiento profesional que permita superarlo.<\/p>\n<p>Haz una donaci\u00f3n para que podamos seguir trabajando para empoderar a las mujeres.<\/p>\n","protected":false},"excerpt":{"rendered":"<p>Desde 1983, C\u00e1ritas pone el foco en las mujeres monoparentales o familias con hijos que no tienen un hogar creando los centros de acogida familiar Corr\u00eda el a\u00f1o 1983. Los centros de servicios sociales hac\u00eda unos a\u00f1os que ya caminaban y, desde C\u00e1ritas, no se quer\u00eda duplicar su labor social. Es entonces cuando la entidad [&hellip;]<\/p>\n","protected":false},"author":4,"featured_media":7874,"comment_status":"open","ping_status":"open","sticky":false,"template":"","format":"standard","meta":{"footnotes":""},"categories":[28],"tags":[1803,1804,1664],"autor":[36],"class_list":["post-7878","post","type-post","status-publish","format-standard","has-post-thumbnail","hentry","category-familia-e-infancia","tag-casas-de-acogida","tag-centros-de-acogida","tag-familias-e-infancia","autor-caritas-diocesana-de-barcelona-es"],"aioseo_notices":[],"_links":{"self":[{"href":"https:\/\/blog.caritas.barcelona\/es\/wp-json\/wp\/v2\/posts\/7878","targetHints":{"allow":["GET"]}}],"collection":[{"href":"https:\/\/blog.caritas.barcelona\/es\/wp-json\/wp\/v2\/posts"}],"about":[{"href":"https:\/\/blog.caritas.barcelona\/es\/wp-json\/wp\/v2\/types\/post"}],"author":[{"embeddable":true,"href":"https:\/\/blog.caritas.barcelona\/es\/wp-json\/wp\/v2\/users\/4"}],"replies":[{"embeddable":true,"href":"https:\/\/blog.caritas.barcelona\/es\/wp-json\/wp\/v2\/comments?post=7878"}],"version-history":[{"count":2,"href":"https:\/\/blog.caritas.barcelona\/es\/wp-json\/wp\/v2\/posts\/7878\/revisions"}],"predecessor-version":[{"id":7880,"href":"https:\/\/blog.caritas.barcelona\/es\/wp-json\/wp\/v2\/posts\/7878\/revisions\/7880"}],"wp:featuredmedia":[{"embeddable":true,"href":"https:\/\/blog.caritas.barcelona\/es\/wp-json\/wp\/v2\/media\/7874"}],"wp:attachment":[{"href":"https:\/\/blog.caritas.barcelona\/es\/wp-json\/wp\/v2\/media?parent=7878"}],"wp:term":[{"taxonomy":"category","embeddable":true,"href":"https:\/\/blog.caritas.barcelona\/es\/wp-json\/wp\/v2\/categories?post=7878"},{"taxonomy":"post_tag","embeddable":true,"href":"https:\/\/blog.caritas.barcelona\/es\/wp-json\/wp\/v2\/tags?post=7878"},{"taxonomy":"autor","embeddable":true,"href":"https:\/\/blog.caritas.barcelona\/es\/wp-json\/wp\/v2\/autor?post=7878"}],"curies":[{"name":"wp","href":"https:\/\/api.w.org\/{rel}","templated":true}]}}