{"id":7859,"date":"2019-03-12T10:56:56","date_gmt":"2019-03-12T09:56:56","guid":{"rendered":"https:\/\/blog.caritas.barcelona\/?p=7859"},"modified":"2019-03-14T11:20:07","modified_gmt":"2019-03-14T10:20:07","slug":"la-violencia-machista-debe-pasar-del-tema-privado-al-ambito-publico","status":"publish","type":"post","link":"https:\/\/blog.caritas.barcelona\/es\/familia-e-infancia\/la-violencia-machista-debe-pasar-del-tema-privado-al-ambito-publico\/","title":{"rendered":"&#8220;La violencia machista debe pasar del tema privado al \u00e1mbito p\u00fablico&#8221;"},"content":{"rendered":"<p>M\u00f3nica Aug\u00e9, directora del centro SARA del Ayuntamiento de Barcelona, admite que el primer paso hacia la violencia machista es romper con el c\u00edrculo de silencio y control e informarse de lo que significa tomar decisiones<\/p>\n<p><img loading=\"lazy\" decoding=\"async\" class=\"size-full wp-image-7856 aligncenter\" src=\"https:\/\/blog.caritas.barcelona\/wp-content\/uploads\/sites\/2\/2019\/03\/Monica_auge_centre_SARA_ajuntament_barcelona.jpg\" alt=\"Monica_auge_centre_SARA_ajuntament_barcelona\" width=\"680\" height=\"453\" srcset=\"https:\/\/blog.caritas.barcelona\/wp-content\/uploads\/sites\/2\/2019\/03\/Monica_auge_centre_SARA_ajuntament_barcelona.jpg 680w, https:\/\/blog.caritas.barcelona\/wp-content\/uploads\/sites\/2\/2019\/03\/Monica_auge_centre_SARA_ajuntament_barcelona-300x200.jpg 300w, https:\/\/blog.caritas.barcelona\/wp-content\/uploads\/sites\/2\/2019\/03\/Monica_auge_centre_SARA_ajuntament_barcelona-600x400.jpg 600w\" sizes=\"auto, (max-width: 680px) 100vw, 680px\" \/><\/p>\n<p>Cinco mujeres esperan sentadas a ser llamadas. A la entrada tres maletas est\u00e1n a la espera de un destino incierto. Diferentes profesionales llaman a las mujeres: se conocen e, incluso, se aprecian. Se dan dos besos, se preguntan como est\u00e1n y se van juntas. Llega mi turno. Subo unas escaleras y me encuentro con M\u00f3nica Aug\u00e9, la directora. Estoy en el <a href=\"http:\/\/ajuntament.barcelona.cat\/bcnantimasclista\/ca\/serveis-datencio\/sara\" target=\"_blank\" rel=\"noopener\">centro SARA (Servicio de Atenci\u00f3n, Recuperaci\u00f3n y Acogida)<\/a>, el servicio social especializado en violencia machista del Ayuntamiento de Barcelona. Gestionan el dispositivo de acogida residencial de violencia machista y hacen tambi\u00e9n atenci\u00f3n ambulatoria, tanto de manera individual como en grupos. La atenci\u00f3n es integral y se atiende a las mujeres v\u00edctimas de violencia y sus hijos.<\/p>\n<p><strong>M\u00f3nica, \u00bfqu\u00e9 es la violencia machista exactamente?<\/strong><\/p>\n<p>Es violencia que se ejerce desde una posici\u00f3n de poder para <strong>controlar a nivel emocional o f\u00edsico a una persona<\/strong>. Normalmente, se ejerce de un hombre a una mujer pero no tiene por qu\u00e9. El objetivo es anular o tener el control de esa persona y se puede dar en numerosos entornos: escuela, compa\u00f1eros de trabajo, familia, pareja, compa\u00f1eros de pisos&#8230; Puede ser a trav\u00e9s de la fuerza f\u00edsica o de la violencia psicol\u00f3gica, que es m\u00e1s sutil. En este segundo caso, mucha gente cree que es amor rom\u00e1ntico: &#8220;me quiere tanto que cuando voy con las amigas me pregunta con qui\u00e9n voy&#8221;, &#8220;me dice tonta y al final me lo creo&#8221;, &#8220;cuando estoy en el trabajo me llama much\u00edsimas veces&#8221;&#8230; No es que te quiera, es que te quiere controlar. Esto es violencia.<\/p>\n<p>Tambi\u00e9n es violencia machista la violencia sexual, la violencia hacia los ni\u00f1os para tener el control de la madre y la violencia a nivel comunitario (agresiones sexuales, mutilaciones femeninas, matrimonios forzados, <em>bullying<\/em> por raz\u00f3n de g\u00e9nero&#8230;).<\/p>\n<p><strong>\u00bfC\u00f3mo detecta la persona que sufre violencia?<\/strong><\/p>\n<p>A veces la palabra &#8216;maltrato&#8217; tiene una connotaci\u00f3n muy fuerte. Pero si la desgranamos es decir &#8220;no me tratan bien&#8221; y, por tanto, estoy &#8220;mal tratada&#8221;. Se debe hacer el ejercicio de preguntarse: \u00bfyo me siento bien tratada? \u00bfSiento que puedo hacer un crecimiento personal? \u00bfO siento que tengo que dejar de ser yo? Al final, la violencia f\u00edsica se detecta f\u00e1cilmente pero detr\u00e1s seguro que ya ha habido mucha violencia psicol\u00f3gica: no te deja hablar, no da valor a lo que piensas o se r\u00ede de ti&#8230; Analiza qu\u00e9 no te hace sentir bien.<\/p>\n<p><strong>Una de las primeras cosas que busca el maltratador es aislarte socialmente<\/strong> y que dependas emocionalmente de \u00e9l, es decir, que no muevas un paso sin consultarle o sin tener su aprobaci\u00f3n. Al final, se trata de evitar que lo que pase en casa se quede dentro de casa. Por tanto, <strong>el primer paso es romper con el c\u00edrculo de silencio y control<\/strong>.<\/p>\n<p><strong>En caso de que una mujer se sienta as\u00ed, \u00bfqu\u00e9 debe hacer?<\/strong><\/p>\n<p>Es muy dif\u00edcil que el primer d\u00eda se quiera romper con la relaci\u00f3n. Y esto lo tenemos que entender porque es un proceso, porque est\u00e1s vinculada a esa persona. <strong>La primera decisi\u00f3n es informarte de lo que significa tomar decisiones<\/strong>. Si no tienes la informaci\u00f3n de qu\u00e9 conlleva todo esto, no lo har\u00e1s. Desde el centro SARA, podemos informar, orientar y asesorar pero la decisi\u00f3n la debe tomar la persona ya que el camino es largo.<\/p>\n<p>En cuanto al proceso judicial es una opci\u00f3n pero no una obligaci\u00f3n. En el \u00e1mbito jur\u00eddico, queda pendiente todo un tema penal y de judicatura: c\u00f3mo acompa\u00f1a las mujeres, qu\u00e9 validez tiene su discurso, c\u00f3mo hacer el seguimiento de los agresores para que dejen vivir a las v\u00edctimas&#8230; Pero esto es muy complicado. Desde los servicios sociales, damos seguridad a las personas que viven violencia machista y cuando no se garantiza esta seguridad en su domicilio, las derivamos a casas de acogida.<\/p>\n<p><strong>Y en el caso de los ni\u00f1os, \u00bfc\u00f3mo les afecta en su vida diaria?<\/strong><\/p>\n<p>La parte importante es que cuando salen del domicilio dejan de vivir violencia machista. Nuestra tarea es explorar c\u00f3mo lo han vivido, cu\u00e1l ha sido el trauma, qu\u00e9 necesitan y c\u00f3mo les ha afectado en el v\u00ednculo el hecho de vivir violencia machista.<\/p>\n<p><strong>\u00bfQu\u00e9 hacer si se ve o se escucha una situaci\u00f3n de violencia machista?<\/strong><\/p>\n<p>Ensenyament y Salut ya tienen una l\u00ednea de detecci\u00f3n de estos casos. En el caso de particulares, puedes llamar a los Mossos. Ahora se pueden hacer avisos de manera an\u00f3nima para no ser interpelado. <strong>Si una mujer ve que alg\u00fan vecino la apoya, ya no est\u00e1 sola<\/strong>. Todo lo que es violencia machista tiene que pasar del tema privado al \u00e1mbito p\u00fablico.<\/p>\n<p><strong>\u00bfCu\u00e1l es el proceso que se hace con esa persona una vez llega al SARA?<\/strong><\/p>\n<p>Puede venir de urgencias o pedir hora. En estas sesiones, la persona explica qu\u00e9 est\u00e1 viviendo y se va planteando qu\u00e9 tipo de violencia sufre, qu\u00e9 opciones tiene, qu\u00e9 le gustar\u00eda hacer y si quiere iniciar el proceso. Tambi\u00e9n contamos con abogadas, psic\u00f3logos de mujer para hacer un proceso terap\u00e9utico, insertores laborales para b\u00fasqueda de trabajo y, en caso de que tengan hijos, hay educadores sociales que trabajan con los ni\u00f1os. Somos un equipo multidisciplinar y, dependiendo del caso, se ponen en marcha unos profesionales u otros.<\/p>\n<p><strong>Y con el agresor, \u00bfqu\u00e9 pasa?<\/strong><\/p>\n<p>Tenemos el <a href=\"https:\/\/ajuntament.barcelona.cat\/dones\/ca\/informacio-i-atencio\/informacio-i-atencio-als-homes\/programa-datencio-homes-sah\" target=\"_blank\" rel=\"noopener\">Programa de Atenci\u00f3n a Hombres (SAH)<\/a>, que es un servicio voluntario donde pueden ir para trabajar el tema de la paternidad o la violencia machista. Cada vez hay m\u00e1s hombres que se dan cuenta de que su comportamiento hace que la gente se aleje de ellos y la masculinidad les pesa. Eso s\u00ed, hay que ir de manera voluntaria: deben querer hacer un proceso de identificaci\u00f3n o de cambio.<\/p>\n<p><strong>\u00bfEs posible recuperarse de este tipo de violencia?<\/strong><\/p>\n<p>Para la mujer, por supuesto que s\u00ed. Los ni\u00f1os se recuperan aunque algunos tienen trastornos psiqui\u00e1tricos. <strong>Con los ni\u00f1os, sobre todo, se intenta que no perpet\u00faen los comportamientos que han vivido.<\/strong> Deben entender que su padre siempre ser\u00e1 su padre pero deben trabajar desde qu\u00e9 visi\u00f3n lo pueden ver, acompa\u00f1arlos en esta relaci\u00f3n con su padre y en el aprendizaje de los roles. Al final el proceso de recuperaci\u00f3n puede tardar a\u00f1os pero lo acaban consiguiendo.<\/p>\n<p><strong>En Catalu\u00f1a un 53,1% de las mujeres ha sufrido violencia machista. \u00bfC\u00f3mo se puede prevenir?<\/strong><\/p>\n<p>Con educaci\u00f3n, principalmente. \u00bfC\u00f3mo puede ser que la mitad de escuelas contin\u00faen teniendo el espacio de juego dedicado a los ni\u00f1os y al f\u00fatbol? Con esto decimos que el espacio p\u00fablico es masculino y el espacio privado -peque\u00f1o, alrededor, donde nos dejan- van las mujeres. Los patios no deben ser masculinizados. Pero algo tan sencillo como el juego simb\u00f3lico ya perpet\u00faa el \u00e1mbito p\u00fablico y privado. Y es un juego, que ya no entramos en contenido: si una ni\u00f1a juega al f\u00fatbol, \u00bfqu\u00e9 le dicen los mismos iguales? \u00bfY si el ni\u00f1o juega con una mu\u00f1eca?<\/p>\n<p><strong>Todo se previene con educaci\u00f3n en valores<\/strong>, pasa por educar en las escuelas pero tambi\u00e9n en las familias. Porque si ya de peque\u00f1os los encorsetamos, perpetuamos los estereotipos. La educaci\u00f3n es la base y eso depende de todos y todas.<\/p>\n","protected":false},"excerpt":{"rendered":"<p>M\u00f3nica Aug\u00e9, directora del centro SARA del Ayuntamiento de Barcelona, admite que el primer paso hacia la violencia machista es romper con el c\u00edrculo de silencio y control e informarse de lo que significa tomar decisiones Cinco mujeres esperan sentadas a ser llamadas. A la entrada tres maletas est\u00e1n a la espera de un destino [&hellip;]<\/p>\n","protected":false},"author":4,"featured_media":7857,"comment_status":"open","ping_status":"open","sticky":false,"template":"","format":"standard","meta":{"footnotes":""},"categories":[28],"tags":[1798,1795,1794],"autor":[1186],"class_list":["post-7859","post","type-post","status-publish","format-standard","has-post-thumbnail","hentry","category-familia-e-infancia","tag-centro-sara","tag-violencia-de-genero","tag-violencia-machista","autor-itziar-bravo-es"],"aioseo_notices":[],"_links":{"self":[{"href":"https:\/\/blog.caritas.barcelona\/es\/wp-json\/wp\/v2\/posts\/7859","targetHints":{"allow":["GET"]}}],"collection":[{"href":"https:\/\/blog.caritas.barcelona\/es\/wp-json\/wp\/v2\/posts"}],"about":[{"href":"https:\/\/blog.caritas.barcelona\/es\/wp-json\/wp\/v2\/types\/post"}],"author":[{"embeddable":true,"href":"https:\/\/blog.caritas.barcelona\/es\/wp-json\/wp\/v2\/users\/4"}],"replies":[{"embeddable":true,"href":"https:\/\/blog.caritas.barcelona\/es\/wp-json\/wp\/v2\/comments?post=7859"}],"version-history":[{"count":2,"href":"https:\/\/blog.caritas.barcelona\/es\/wp-json\/wp\/v2\/posts\/7859\/revisions"}],"predecessor-version":[{"id":7861,"href":"https:\/\/blog.caritas.barcelona\/es\/wp-json\/wp\/v2\/posts\/7859\/revisions\/7861"}],"wp:featuredmedia":[{"embeddable":true,"href":"https:\/\/blog.caritas.barcelona\/es\/wp-json\/wp\/v2\/media\/7857"}],"wp:attachment":[{"href":"https:\/\/blog.caritas.barcelona\/es\/wp-json\/wp\/v2\/media?parent=7859"}],"wp:term":[{"taxonomy":"category","embeddable":true,"href":"https:\/\/blog.caritas.barcelona\/es\/wp-json\/wp\/v2\/categories?post=7859"},{"taxonomy":"post_tag","embeddable":true,"href":"https:\/\/blog.caritas.barcelona\/es\/wp-json\/wp\/v2\/tags?post=7859"},{"taxonomy":"autor","embeddable":true,"href":"https:\/\/blog.caritas.barcelona\/es\/wp-json\/wp\/v2\/autor?post=7859"}],"curies":[{"name":"wp","href":"https:\/\/api.w.org\/{rel}","templated":true}]}}