{"id":7851,"date":"2019-03-14T13:13:56","date_gmt":"2019-03-14T12:13:56","guid":{"rendered":"https:\/\/blog.caritas.barcelona\/?p=7851"},"modified":"2023-08-15T11:21:27","modified_gmt":"2023-08-15T09:21:27","slug":"victimas-unicamente-de-violencia-machista","status":"publish","type":"post","link":"https:\/\/blog.caritas.barcelona\/es\/familia-e-infancia\/victimas-unicamente-de-violencia-machista\/","title":{"rendered":"\u00bfV\u00edctimas \u00fanicamente de violencia machista?"},"content":{"rendered":"<p>La victimizaci\u00f3n de las mujeres que sufren violencia machista va m\u00e1s all\u00e1 de estar sometidas a una situaci\u00f3n de abuso y de violencia.<\/p>\n<figure id=\"attachment_7848\" aria-describedby=\"caption-attachment-7848\" style=\"width: 680px\" class=\"wp-caption aligncenter\"><img loading=\"lazy\" decoding=\"async\" class=\"wp-image-7848 size-full\" src=\"https:\/\/blog.caritas.barcelona\/wp-content\/uploads\/sites\/2\/2019\/03\/families_i_infancia_violencia_masclista_caritas_barcelona.jpg\" alt=\"families_i_infancia_violencia_masclista_caritas_barcelona\" width=\"680\" height=\"453\" srcset=\"https:\/\/blog.caritas.barcelona\/wp-content\/uploads\/sites\/2\/2019\/03\/families_i_infancia_violencia_masclista_caritas_barcelona.jpg 680w, https:\/\/blog.caritas.barcelona\/wp-content\/uploads\/sites\/2\/2019\/03\/families_i_infancia_violencia_masclista_caritas_barcelona-300x200.jpg 300w, https:\/\/blog.caritas.barcelona\/wp-content\/uploads\/sites\/2\/2019\/03\/families_i_infancia_violencia_masclista_caritas_barcelona-600x400.jpg 600w\" sizes=\"auto, (max-width: 680px) 100vw, 680px\" \/><figcaption id=\"caption-attachment-7848\" class=\"wp-caption-text\">Foto: Mingo Venero<\/figcaption><\/figure>\n<p>Las decisiones m\u00e1s valientes que existen son aquellas que implican convivir con el miedo y la incertidumbre. Y las responsabilidades m\u00e1s injustas que hay son aquellas que responsabilizan a las v\u00edctimas de serlo. La mujer v\u00edctima de violencia machista se enfrenta a ambas.<\/p>\n<p>En el momento en que una mujer v\u00edctima de violencia machista toma la tan valiente decisi\u00f3n de denunciar y hacer expl\u00edcita su situaci\u00f3n, se enfrenta a un largo periplo donde <strong>no siempre se la tratar\u00e1 como v\u00edctima sino como responsable de serlo<\/strong>. En este caso, sin embargo, ser\u00e1 v\u00edctima de una <strong>violencia institucional y de un sistema judicial y social que a\u00fan no est\u00e1 preparado ni construido para abordar<\/strong> la violencia machista desde una perspectiva en la que se coloque al maltratador como principal responsable . Y no es en vano, esta carencia tiene consecuencias directas en la mujer, ya que m\u00e1s all\u00e1 de sentirse protegida y acompa\u00f1ada, tendr\u00e1 que enfrentarse a tratos, medidas, decisiones y procesos tales como:<\/p>\n<ul>\n<li>Ser cuestionada y juzgada administrativa, judicial y socialmente.<\/li>\n<li>Un sistema de protecci\u00f3n saturado, que no puede dar respuesta adecuada a cada una de las situaciones de violencia machista, desprotegiendo as\u00ed a la mujer que decide denunciar y a sus hijos e hijas, en los casos que tengan.<\/li>\n<li>Unas medidas judiciales, administrativas y sociales que ponen la mayor parte de la responsabilidad en la mujer, siendo ella por ejemplo la que deber\u00e1 movilizarse y salir de su entorno, apart\u00e1ndose de su red con las consecuencias emocionales, sociales, y econ\u00f3micas que ello conlleva tanto para ella, como por sus hijos e hijas (en caso de que tengan).<\/li>\n<li>Un sistema judicial y administrativo que no siempre garantiza ni protege a la mujer de reencontrarse con el maltratador.<\/li>\n<li>Una red de recursos donde la coordinaci\u00f3n no est\u00e1 siempre pensada para proteger a la mujer, ya que se tiene que enfrentar de forma reiterada a la explicaci\u00f3n de la situaci\u00f3n de violencia vivida, y por tanto a revivirla.<\/li>\n<li>Un circuito de protecci\u00f3n que no siempre se adaptar\u00e1 a los tiempos que la mujer v\u00edctima de violencia machista necesita en la toma de decisiones, provocando as\u00ed una presi\u00f3n cuando la mujer no est\u00e1 preparada para sostenerla.<\/li>\n<li>Revivir continuamente la situaci\u00f3n de violencia y significados asociados, a trav\u00e9s de los mensajes de los medios de comunicaci\u00f3n y la publicidad.<\/li>\n<\/ul>\n<p>Y esta mirada injusta es consecuencia de:<\/p>\n<ul>\n<li>La concepci\u00f3n machista de la violencia de g\u00e9nero, del maltratador y de la v\u00edctima.<\/li>\n<li>La construcci\u00f3n de significados machistas asociados al g\u00e9nero y las relaciones afectivas, y como esto mediatiza e influye en el trato hacia la mujer v\u00edctima de violencia machista, tanto por parte de profesionales como por parte del entorno familiar y social.<\/li>\n<li>La falta de formaci\u00f3n en el conjunto de todos y todas las profesionales implicadas en los circuitos de atenci\u00f3n, protecci\u00f3n y acompa\u00f1amiento, tanto judiciales, policiales, sanitarios y sociales.<\/li>\n<li>El desconocimiento de las consecuencias no s\u00f3lo emocionales, f\u00edsicas, sociales, econ\u00f3micas y de riesgo inherentes a una situaci\u00f3n de violencia.<\/li>\n<li>La falta de profesionales especializados y especializadas en violencia machista en \u00f3rganos y procesos decisorios.<\/li>\n<\/ul>\n<p>Por tanto, la mujer v\u00edctima de violencia machista no es s\u00f3lo v\u00edctima de una situaci\u00f3n de abuso y violencia por parte del maltratador, sino que tambi\u00e9n lo es de un sistema de protecci\u00f3n y de una construcci\u00f3n social de la violencia machista.<\/p>\n<p><strong>\u00bfC\u00f3mo cambiar la situaci\u00f3n?<\/strong><\/p>\n<p>Es por ello <strong>indispensable apostar por el cambio en la concepci\u00f3n y los significados asociados al g\u00e9nero<\/strong>, a las relaciones afectivas y a la violencia y sus consecuencias, ya que se convierten en las bases sobre las que los sistemas de protecci\u00f3n y acompa\u00f1amiento deben construirse. Y hay que apostar tambi\u00e9n por una red donde la coordinaci\u00f3n y las buenas praxis sean la garant\u00eda de librar a la mujer v\u00edctima de violencia machista de la responsabilidad de encargarse de lo que como sociedad no hacemos bien en el abordaje de la violencia machista. <strong>Hay que seguir mejorando el sistema actual<\/strong> pensado en acoger y proteger a la mujer v\u00edctima de violencia, y a sus hijos e hijas, con un doble objetivo: <strong>convertirse en un sistema seguro de protecci\u00f3n<\/strong>, acompa\u00f1amiento y reparador en su totalidad, y dejar de poner el foco en la mujer como \u00fanica responsable en la salida de la situaci\u00f3n de violencia machista.<\/p>\n<p><strong>Y en C\u00e1ritas, \u00bfc\u00f3mo las acompa\u00f1amos?<\/strong><\/p>\n<p>Desde C\u00e1ritas trabajamos para acompa\u00f1ar a las mujeres v\u00edctimas de violencia machista a trav\u00e9s de un proceso en que ellas sean las protagonistas, las que gu\u00eden nuestra intervenci\u00f3n. <strong>Acompa\u00f1amos desde el respeto a sus tiempos y necesidades<\/strong>, haci\u00e9ndolas sentir por encima de todo queridas, aceptadas y siempre, siempre protagonistas. Apostando tambi\u00e9n por una coordinaci\u00f3n y colaboraci\u00f3n constante con cada uno de los agentes implicados en el proceso de acompa\u00f1amiento a la mujer.<\/p>\n<p>Y eso se traduce en el acompa\u00f1amiento a mujeres en diferentes proyectos: las <a href=\"https:\/\/caritas.barcelona\/es\/familia-e-infancia\/casas-de-acogida\/\" target=\"_blank\" rel=\"noopener\">Casas de Acogida<\/a>, donde espec\u00edficamente se ayuda a mujeres v\u00edctimas de violencia machista. Precisamente este mes de marzo la <a href=\"https:\/\/caritas.barcelona\/es\/familia-e-infancia\/casa-de-acogida-de-media-estada\/\" target=\"_blank\" rel=\"noopener\">Casa de Acogida de media estada<\/a>\u00a0ha cumplido 10 a\u00f1os de vida, y se ha celebrado con una fiesta donde varias Empresas con coraz\u00f3n (Coca-Cola, La Repuesta, Aramark) y una Escuela con coraz\u00f3n (Jesuitas Sant Gervasi-Escuela Infant Jes\u00fas) han colaborado ofreciendo sus productos en especie, o bien sus instalaciones. El proyecto Paid\u00f3s, en el que se realiza un acompa\u00f1amiento integral a las familias, y por tanto tambi\u00e9n a mujeres que sufren o han sufrido violencia machista. Y <strong>la atenci\u00f3n personalizada<\/strong> que hacemos a trav\u00e9s de los profesionales de C\u00e1ritas.<\/p>\n<p>Al final, todos queremos lo mismo: acompa\u00f1arlas desde el respeto y el amor en el liderazgo de su proyecto de vida, un proyecto de vida transformador y lleno de esperanza que se convierte en un proyecto de vida libre de violencia.<\/p>\n","protected":false},"excerpt":{"rendered":"<p>La victimizaci\u00f3n de las mujeres que sufren violencia machista va m\u00e1s all\u00e1 de estar sometidas a una situaci\u00f3n de abuso y de violencia. Las decisiones m\u00e1s valientes que existen son aquellas que implican convivir con el miedo y la incertidumbre. Y las responsabilidades m\u00e1s injustas que hay son aquellas que responsabilizan a las v\u00edctimas de [&hellip;]<\/p>\n","protected":false},"author":4,"featured_media":7849,"comment_status":"closed","ping_status":"closed","sticky":false,"template":"","format":"standard","meta":{"footnotes":""},"categories":[28],"tags":[1795,1794],"autor":[1791],"class_list":["post-7851","post","type-post","status-publish","format-standard","has-post-thumbnail","hentry","category-familia-e-infancia","tag-violencia-de-genero","tag-violencia-machista","autor-marta-creus-es"],"aioseo_notices":[],"_links":{"self":[{"href":"https:\/\/blog.caritas.barcelona\/es\/wp-json\/wp\/v2\/posts\/7851","targetHints":{"allow":["GET"]}}],"collection":[{"href":"https:\/\/blog.caritas.barcelona\/es\/wp-json\/wp\/v2\/posts"}],"about":[{"href":"https:\/\/blog.caritas.barcelona\/es\/wp-json\/wp\/v2\/types\/post"}],"author":[{"embeddable":true,"href":"https:\/\/blog.caritas.barcelona\/es\/wp-json\/wp\/v2\/users\/4"}],"replies":[{"embeddable":true,"href":"https:\/\/blog.caritas.barcelona\/es\/wp-json\/wp\/v2\/comments?post=7851"}],"version-history":[{"count":3,"href":"https:\/\/blog.caritas.barcelona\/es\/wp-json\/wp\/v2\/posts\/7851\/revisions"}],"predecessor-version":[{"id":13042,"href":"https:\/\/blog.caritas.barcelona\/es\/wp-json\/wp\/v2\/posts\/7851\/revisions\/13042"}],"wp:featuredmedia":[{"embeddable":true,"href":"https:\/\/blog.caritas.barcelona\/es\/wp-json\/wp\/v2\/media\/7849"}],"wp:attachment":[{"href":"https:\/\/blog.caritas.barcelona\/es\/wp-json\/wp\/v2\/media?parent=7851"}],"wp:term":[{"taxonomy":"category","embeddable":true,"href":"https:\/\/blog.caritas.barcelona\/es\/wp-json\/wp\/v2\/categories?post=7851"},{"taxonomy":"post_tag","embeddable":true,"href":"https:\/\/blog.caritas.barcelona\/es\/wp-json\/wp\/v2\/tags?post=7851"},{"taxonomy":"autor","embeddable":true,"href":"https:\/\/blog.caritas.barcelona\/es\/wp-json\/wp\/v2\/autor?post=7851"}],"curies":[{"name":"wp","href":"https:\/\/api.w.org\/{rel}","templated":true}]}}