{"id":7806,"date":"2019-02-22T08:12:51","date_gmt":"2019-02-22T07:12:51","guid":{"rendered":"https:\/\/blog.caritas.barcelona\/?p=7806"},"modified":"2019-02-22T08:43:54","modified_gmt":"2019-02-22T07:43:54","slug":"tenemos-el-compromiso-de-devolver-a-la-sociedad-todo-lo-que-nos-ha-dado","status":"publish","type":"post","link":"https:\/\/blog.caritas.barcelona\/es\/entidades-con-corazon\/tenemos-el-compromiso-de-devolver-a-la-sociedad-todo-lo-que-nos-ha-dado\/","title":{"rendered":"&#8220;Tenemos el compromiso de devolver a la sociedad todo lo que nos ha dado&#8221;"},"content":{"rendered":"<p>M\u00aa \u00c0ngels Vallv\u00e9 Ribera, presidenta de GVC Gaesco, reconoce que las actividades solidarias que lleva a cabo la compa\u00f1\u00eda muestran a la sociedad su verdadera alma<\/p>\n<p><img loading=\"lazy\" decoding=\"async\" class=\"size-full wp-image-7803 aligncenter\" src=\"https:\/\/blog.caritas.barcelona\/wp-content\/uploads\/sites\/2\/2019\/02\/Maria_\u00c0ngels_Ballv\u00e9_GVCGaesco.jpg\" alt=\"Maria_\u00c0ngels_Ballv\u00e9_GVCGaesco\" width=\"680\" height=\"528\" srcset=\"https:\/\/blog.caritas.barcelona\/wp-content\/uploads\/sites\/2\/2019\/02\/Maria_\u00c0ngels_Ballv\u00e9_GVCGaesco.jpg 680w, https:\/\/blog.caritas.barcelona\/wp-content\/uploads\/sites\/2\/2019\/02\/Maria_\u00c0ngels_Ballv\u00e9_GVCGaesco-300x233.jpg 300w, https:\/\/blog.caritas.barcelona\/wp-content\/uploads\/sites\/2\/2019\/02\/Maria_\u00c0ngels_Ballv\u00e9_GVCGaesco-600x466.jpg 600w\" sizes=\"auto, (max-width: 680px) 100vw, 680px\" \/><\/p>\n<p><strong>GVC Gaesco est\u00e1 involucrada en el \u00e1mbito de la Responsabilidad Social Corporativa (RSC). \u00bfPor qu\u00e9 han apostado por este compromiso social?<\/strong><\/p>\n<p>Estamos en un sector, el financiero, que tiene unas connotaciones -seguramente sesgadas en algunos casos- de poca RSC. Pero creemos que <strong>nuestro objetivo como empresa tiene un compromiso social importante<\/strong>. <a href=\"https:\/\/www.grupo.gvcgaesco.es\/\" target=\"_blank\" rel=\"noopener\">GVC Gaesco<\/a> es una empresa mercantil que ofrece a las personas que disponen de unos ahorros el hecho de que puedan invertirlos, obtener una rentabilidad y, sobre todo, protegerlos para poder disfrutar del futuro.<\/p>\n<p>Esto, de por s\u00ed, ya es un objetivo social. Porque el ahorro es algo muy sagrado: significa una renuncia a un consumo, al disfrute presente, para proteger un futuro que es incierto. Nosotros cuidamos los ahorros, los rentabilizamos y los protegemos.<\/p>\n<p>&nbsp;<\/p>\n<p><strong>\u00bfQu\u00e9 actividades llev\u00e1is a cabo en el \u00e1mbito de la RSC?<\/strong><\/p>\n<p>Dado que hay una tendencia al alza y cada vez las personas son m\u00e1s conscientes de la importancia de ayudarnos, desde la Gestora, por ejemplo, tenemos fondos de inversi\u00f3n que invierten en empresas las que tienen unas <strong>pol\u00edticas socialmente responsables<\/strong> muy claras y exigentes.<\/p>\n<p>Aparte, colaboramos con C\u00e1ritas y aportamos nuestro grano de arena al Proyecto ARI de lucha contra el c\u00e1ncer. Soy Vicepresidenta de la Fundaci\u00f3n <a href=\"https:\/\/www.fundacioprovea.org\/\" target=\"_blank\" rel=\"noopener\">Provea<\/a>\u00a0que ayuda a personas de edad -que no tienen descendencia o est\u00e1n muy solas- a administrar sus bienes, a ir al m\u00e9dico o a tener compa\u00f1\u00eda. Es tambi\u00e9n esta una parte de nuestro compromiso, porque creo que hay que volver a la sociedad todo lo que nos ha dado y, por tanto, ayudar a personas que han tenido menos suerte que nosotros y que se encuentran en dificultades ajenas a su voluntad.<\/p>\n<p>&nbsp;<\/p>\n<p><strong>\u00bfPor qu\u00e9 decidisteis colaborar con C\u00e1ritas?<\/strong><\/p>\n<p>Hay muchas ONGs que tienen unos compromisos muy loables pero nosotros hemos decidido ser socios de C\u00e1ritas. Pienso que <strong>C\u00e1ritas ha dado ejemplo de una administraci\u00f3n muy austera y bien gestionada<\/strong>. En mi opini\u00f3n, es la entidad social con m\u00e1s prestigio y seriedad, ya que destina la mayor parte de sus recursos a ayudar a los dem\u00e1s.<\/p>\n<p><strong>Cont\u00e1is con muchos trabajadores y clientes. \u00bfC\u00f3mo consegu\u00eds que esta colaboraci\u00f3n llegue a estos p\u00fablicos?<\/strong><\/p>\n<p>Procuramos hablarles siempre que podemos sobre nuestro compromiso social. En todas las conferencias que hacemos, siempre decimos al inicio con quien colaboramos. En diciembre, siempre hacemos recogida de alimentos -este a\u00f1o hemos recogido dinero para la <a href=\"https:\/\/caritas.barcelona\/es\/ayuda-a-necesidades-basicas\/proyecto-ayuda-economica\/\" target=\"_blank\" rel=\"noopener\">tarjeta solidaria<\/a>\u00a0e, incluso, lo hemos hecho en junio porque creemos que no podemos recordar los m\u00e1s desfavorecidos s\u00f3lo en Navidad, pues hay que ayudar en cualquier \u00e9poca del a\u00f1o.<\/p>\n<p><strong>\u00bfCu\u00e1l es el retorno que ten\u00e9is por parte de los trabajadores cuando participan en actividades de este tipo?<\/strong><\/p>\n<p>Hay una buena colaboraci\u00f3n. Lo notamos en la participaci\u00f3n: hay muchos empleados y agentes financieros que se involucran y hacen su aportaci\u00f3n. Esta Navidad les encant\u00f3 la recogida de alimentos a trav\u00e9s de la tarjeta solidaria: normalmente damos alimentos, pero este a\u00f1o hemos preferido ayudar a trav\u00e9s de la tarjeta. <strong>Creemos que hay que proteger la dignidad de las personas y que puedan elegir qu\u00e9 quieren comer<\/strong>. Con la tarjeta solidaria pueden comprar lo que necesitan.<\/p>\n<p><strong>Finalmente, \u00bfqu\u00e9 pretend\u00e9is conseguir con esta pol\u00edtica de RSC?<\/strong><\/p>\n<p>Hay algo que siempre digo y que me transmiti\u00f3 un cliente a\u00f1os atr\u00e1s: &#8220;S\u00e9 buena persona porque a la larga resulta muy rentable&#8221;.<\/p>\n<p>La compa\u00f1\u00eda pertenece al mundo financiero en un sistema de econom\u00eda de mercado, pero sin embargo siente una gran responsabilidad con sus colaboradores. Con estas otras actividades mostramos a la sociedad <strong>cu\u00e1l es la verdadera alma de la compa\u00f1\u00eda<\/strong>.<\/p>\n","protected":false},"excerpt":{"rendered":"<p>M\u00aa \u00c0ngels Vallv\u00e9 Ribera, presidenta de GVC Gaesco, reconoce que las actividades solidarias que lleva a cabo la compa\u00f1\u00eda muestran a la sociedad su verdadera alma GVC Gaesco est\u00e1 involucrada en el \u00e1mbito de la Responsabilidad Social Corporativa (RSC). \u00bfPor qu\u00e9 han apostado por este compromiso social? Estamos en un sector, el financiero, que tiene [&hellip;]<\/p>\n","protected":false},"author":4,"featured_media":7804,"comment_status":"open","ping_status":"open","sticky":false,"template":"","format":"standard","meta":{"footnotes":""},"categories":[22],"tags":[854,1783],"autor":[1186],"class_list":["post-7806","post","type-post","status-publish","format-standard","has-post-thumbnail","hentry","category-entidades-con-corazon","tag-empresa-con-corazon","tag-gvc-gaesco","autor-itziar-bravo-es"],"aioseo_notices":[],"_links":{"self":[{"href":"https:\/\/blog.caritas.barcelona\/es\/wp-json\/wp\/v2\/posts\/7806","targetHints":{"allow":["GET"]}}],"collection":[{"href":"https:\/\/blog.caritas.barcelona\/es\/wp-json\/wp\/v2\/posts"}],"about":[{"href":"https:\/\/blog.caritas.barcelona\/es\/wp-json\/wp\/v2\/types\/post"}],"author":[{"embeddable":true,"href":"https:\/\/blog.caritas.barcelona\/es\/wp-json\/wp\/v2\/users\/4"}],"replies":[{"embeddable":true,"href":"https:\/\/blog.caritas.barcelona\/es\/wp-json\/wp\/v2\/comments?post=7806"}],"version-history":[{"count":3,"href":"https:\/\/blog.caritas.barcelona\/es\/wp-json\/wp\/v2\/posts\/7806\/revisions"}],"predecessor-version":[{"id":7813,"href":"https:\/\/blog.caritas.barcelona\/es\/wp-json\/wp\/v2\/posts\/7806\/revisions\/7813"}],"wp:featuredmedia":[{"embeddable":true,"href":"https:\/\/blog.caritas.barcelona\/es\/wp-json\/wp\/v2\/media\/7804"}],"wp:attachment":[{"href":"https:\/\/blog.caritas.barcelona\/es\/wp-json\/wp\/v2\/media?parent=7806"}],"wp:term":[{"taxonomy":"category","embeddable":true,"href":"https:\/\/blog.caritas.barcelona\/es\/wp-json\/wp\/v2\/categories?post=7806"},{"taxonomy":"post_tag","embeddable":true,"href":"https:\/\/blog.caritas.barcelona\/es\/wp-json\/wp\/v2\/tags?post=7806"},{"taxonomy":"autor","embeddable":true,"href":"https:\/\/blog.caritas.barcelona\/es\/wp-json\/wp\/v2\/autor?post=7806"}],"curies":[{"name":"wp","href":"https:\/\/api.w.org\/{rel}","templated":true}]}}