{"id":7661,"date":"2018-12-30T17:44:17","date_gmt":"2018-12-30T16:44:17","guid":{"rendered":"https:\/\/blog.caritas.barcelona\/?p=7661"},"modified":"2019-02-11T19:51:28","modified_gmt":"2019-02-11T18:51:28","slug":"distincions-honorifiques-als-centres-docents-universitaris","status":"publish","type":"post","link":"https:\/\/blog.caritas.barcelona\/es\/entidades-con-corazon\/distincions-honorifiques-als-centres-docents-universitaris\/","title":{"rendered":"Distinciones Honor\u00edficas en los Centros Docentes Universitarios"},"content":{"rendered":"<p>Desde el 2014, C\u00e1ritas Diocesana de Barcelona colabora con las universidades de la di\u00f3cesis para desarrollar actividades, durante el curso acad\u00e9mico, entre las dos instituciones -universidad y C\u00e1ritas- y en el \u00e1mbito de la sensibilizaci\u00f3n social.<\/p>\n<p>De esta manera surgieron las Distinciones Honor\u00edficas de C\u00e1ritas Diocesana de Barcelona. Una Distinci\u00f3n Honor\u00edfica que se entrega al mejor trabajo de Fin de Grado o M\u00e1ster de la Facultad, Centro Universitario, Escuela T\u00e9cnica o Escuela de Negocios (en adelante Centro Docente Universitario CDU) que presente una propuesta de valor en forma de Acci\u00f3n Social, sensibilizaci\u00f3n o Denuncia.<\/p>\n<p>A d\u00eda de hoy C\u00e1ritas Diocesana de Barcelona ha entregado un total de 48 Distinciones Honor\u00edficas entre todos los CDU, de los cuales 35 han sido entregadas a Trabajos de Fin de Grado y 13 a Trabajos de Fin de Master.<\/p>\n<p>Durante 2014-2015 se realiz\u00f3 la primera entrega en la Universidad Abat Oliba CEU. Esta entrega sirvi\u00f3 como prueba piloto que permiti\u00f3 entregar muchas m\u00e1s Distinciones Honor\u00edficas a los siguientes 3 cursos.<\/p>\n<p>Durante 2015-2016 se entregaron 14 Distinciones Honor\u00edficas, durante 2016 a 2017, 15 Distinciones Honor\u00edficas, y el curso 2017 a 2018, 18 Distinciones Honor\u00edficas.<\/p>\n<p><img loading=\"lazy\" decoding=\"async\" class=\"aligncenter size-large wp-image-7662\" src=\"https:\/\/blog.caritas.barcelona\/wp-content\/uploads\/sites\/2\/2019\/01\/FOTO-2-EADA-MEETING-2018-1024x684.jpg\" alt=\"\" width=\"1024\" height=\"684\" srcset=\"https:\/\/blog.caritas.barcelona\/wp-content\/uploads\/sites\/2\/2019\/01\/FOTO-2-EADA-MEETING-2018-1024x684.jpg 1024w, https:\/\/blog.caritas.barcelona\/wp-content\/uploads\/sites\/2\/2019\/01\/FOTO-2-EADA-MEETING-2018-300x200.jpg 300w, https:\/\/blog.caritas.barcelona\/wp-content\/uploads\/sites\/2\/2019\/01\/FOTO-2-EADA-MEETING-2018-768x513.jpg 768w, https:\/\/blog.caritas.barcelona\/wp-content\/uploads\/sites\/2\/2019\/01\/FOTO-2-EADA-MEETING-2018-600x401.jpg 600w, https:\/\/blog.caritas.barcelona\/wp-content\/uploads\/sites\/2\/2019\/01\/FOTO-2-EADA-MEETING-2018.jpg 1600w\" sizes=\"auto, (max-width: 1024px) 100vw, 1024px\" \/><\/p>\n<p class=\"p1\">El desglose de las 48 Distinciones Honor\u00edficas entregadas se reparten entre los siguientes CDU:<\/p>\n<p class=\"p1\">UNIVERSITAT DE BARCELONA: <b>Facultat d\u2019Economia i Empresa, Escola Superior de Relacions P\u00fabliques.<\/b><\/p>\n<p class=\"p1\">UNIVERSITAT POMPEU FABRA: <b>Facultat de Ci\u00e8ncies Econ\u00f2miques i Empresarials, Facultat de Comunicaci\u00f3<\/b><\/p>\n<p class=\"p1\">UNIVERSITAT ABAT OLIBA: <b>Facultat de Ci\u00e8ncies Socials<\/b>.<\/p>\n<p class=\"p1\">UNIVERSITAT INTERNACIONAL DE CATALUNYA: <b>Facultat de Ci\u00e8ncies Econ\u00f2miques i Socials,<\/b> <b>Facultat de Ci\u00e8ncies de la Comunicaci\u00f3<\/b>, <b>Facultat de Ci\u00e8ncies de l\u2019Educaci\u00f3, Facultat d\u2019Humanitats i Estudis Culturals, Escola d\u2019Arquitectura.<\/b><\/p>\n<p class=\"p1\">UNIVERSITAT POLIT\u00c8CNICA DE CATALUNYA: <b>Escola T\u00e8cnica Superior d\u2019Enginyers Industrials de Barcelona.<\/b><\/p>\n<p class=\"p1\">FUNDACI\u00d3N POLIT\u00c8CNICA DE CATALUNYA: <b>M\u00e0ster en MBA de l\u2019UPC.<\/b><\/p>\n<p class=\"p1\">UNIVERSITAT RAMON LLULL:<\/p>\n<p>URL: <strong>Facultat de Dret, Escola Superior de Relacions P\u00fabliques<\/strong>.<\/p>\n<p class=\"p1\">LA SALLE: <b>Escola Universit\u00e0ria d\u2019Enginyeria T\u00e8cnica de Telecomunicaci\u00f3, Escola T\u00e8cnica Superior d\u2019Enginyeria Electr\u00f2nica i Inform\u00e0tica, Escola d\u2019Arquitectura.<\/b><\/p>\n<p class=\"p1\">BLANQUERNA: <b>Facultat de Comunicaci\u00f3 i Relacions Internacionals.<\/b><\/p>\n<p class=\"p1\">ESADE: <b>Grau en Direcci\u00f3 d\u2019Empreses, Doble Grau en Dret i Direcci\u00f3 d\u2019Empreses, M\u00e0ster en Advocacia Universit\u00e0ria.<\/b><\/p>\n<p class=\"p1\">EADA: <b>M\u00e0ster en Administraci\u00f3 i Direcci\u00f3 d\u2019Empreses.<\/b><\/p>\n<p class=\"p1\">TOULOUSE BUSINESS SCHOOL &#8211; BARCELONA: <b>Bachelor of Business Administration,<\/b> <b>M\u00e0ster of Business Administration.<\/b><\/p>\n","protected":false},"excerpt":{"rendered":"<p>Desde el 2014, C\u00e1ritas Diocesana de Barcelona colabora con las universidades de la di\u00f3cesis para desarrollar actividades, durante el curso acad\u00e9mico, entre las dos instituciones -universidad y C\u00e1ritas- y en el \u00e1mbito de la sensibilizaci\u00f3n social. De esta manera surgieron las Distinciones Honor\u00edficas de C\u00e1ritas Diocesana de Barcelona. Una Distinci\u00f3n Honor\u00edfica que se entrega al [&hellip;]<\/p>\n","protected":false},"author":5,"featured_media":7662,"comment_status":"open","ping_status":"open","sticky":false,"template":"","format":"standard","meta":{"footnotes":""},"categories":[22],"tags":[1749,1023,1748,819],"autor":[1219],"class_list":["post-7661","post","type-post","status-publish","format-standard","has-post-thumbnail","hentry","category-entidades-con-corazon","tag-centro-universitario","tag-distincion-honorifica","tag-universidades","tag-universidades-con-corazon","autor-albert-escuder-2"],"aioseo_notices":[],"_links":{"self":[{"href":"https:\/\/blog.caritas.barcelona\/es\/wp-json\/wp\/v2\/posts\/7661","targetHints":{"allow":["GET"]}}],"collection":[{"href":"https:\/\/blog.caritas.barcelona\/es\/wp-json\/wp\/v2\/posts"}],"about":[{"href":"https:\/\/blog.caritas.barcelona\/es\/wp-json\/wp\/v2\/types\/post"}],"author":[{"embeddable":true,"href":"https:\/\/blog.caritas.barcelona\/es\/wp-json\/wp\/v2\/users\/5"}],"replies":[{"embeddable":true,"href":"https:\/\/blog.caritas.barcelona\/es\/wp-json\/wp\/v2\/comments?post=7661"}],"version-history":[{"count":6,"href":"https:\/\/blog.caritas.barcelona\/es\/wp-json\/wp\/v2\/posts\/7661\/revisions"}],"predecessor-version":[{"id":7748,"href":"https:\/\/blog.caritas.barcelona\/es\/wp-json\/wp\/v2\/posts\/7661\/revisions\/7748"}],"wp:featuredmedia":[{"embeddable":true,"href":"https:\/\/blog.caritas.barcelona\/es\/wp-json\/wp\/v2\/media\/7662"}],"wp:attachment":[{"href":"https:\/\/blog.caritas.barcelona\/es\/wp-json\/wp\/v2\/media?parent=7661"}],"wp:term":[{"taxonomy":"category","embeddable":true,"href":"https:\/\/blog.caritas.barcelona\/es\/wp-json\/wp\/v2\/categories?post=7661"},{"taxonomy":"post_tag","embeddable":true,"href":"https:\/\/blog.caritas.barcelona\/es\/wp-json\/wp\/v2\/tags?post=7661"},{"taxonomy":"autor","embeddable":true,"href":"https:\/\/blog.caritas.barcelona\/es\/wp-json\/wp\/v2\/autor?post=7661"}],"curies":[{"name":"wp","href":"https:\/\/api.w.org\/{rel}","templated":true}]}}