{"id":7544,"date":"2019-01-16T12:28:51","date_gmt":"2019-01-16T11:28:51","guid":{"rendered":"https:\/\/blog.caritas.barcelona\/?p=7544"},"modified":"2019-01-21T15:58:18","modified_gmt":"2019-01-21T14:58:18","slug":"pedalear-por-una-buena-causa","status":"publish","type":"post","link":"https:\/\/blog.caritas.barcelona\/es\/institucional-es\/pedalear-por-una-buena-causa\/","title":{"rendered":"Pedalear por una buena causa"},"content":{"rendered":"<p>Dennis ha renunciado a su trabajo de ingeniero para vivir un viaje solidario: recorrer 20.000 km en bicicleta para ayudar a familiares de personas que sufren alcoholismo<\/p>\n<p><img loading=\"lazy\" decoding=\"async\" class=\"alignleft size-full wp-image-7545\" src=\"https:\/\/blog.caritas.barcelona\/wp-content\/uploads\/sites\/2\/2019\/01\/dennis-bicicleta-bona-causa-c\u00e0ritas.jpg\" alt=\"dennis-bicicleta-bona-causa-c\u00e0ritas\" width=\"510\" height=\"680\" srcset=\"https:\/\/blog.caritas.barcelona\/wp-content\/uploads\/sites\/2\/2019\/01\/dennis-bicicleta-bona-causa-c\u00e0ritas.jpg 510w, https:\/\/blog.caritas.barcelona\/wp-content\/uploads\/sites\/2\/2019\/01\/dennis-bicicleta-bona-causa-c\u00e0ritas-225x300.jpg 225w\" sizes=\"auto, (max-width: 510px) 100vw, 510px\" \/>Cuando Dennis Breiser finalmente vuelva a su ciudad natal cerca de Dortmund en Alemania el pr\u00f3ximo verano, <strong>habr\u00e1 recorrido unos 20.000 kil\u00f3metros en bicicleta y, en el proceso, habr\u00e1 recaudado 20.000 \u20ac para la organizaci\u00f3n ben\u00e9fica Cameleon<\/strong>. <a href=\"https:\/\/www.cameleon-association.org\/?lang=en\" target=\"_blank\" rel=\"noopener\">Cameleon<\/a>, que opera en cuatro ciudades y cuenta con el apoyo de <a href=\"https:\/\/www.caritas.de\/startseite\" target=\"_blank\" rel=\"noopener\">C\u00e1ritas Alemania<\/a>, brinda asesor\u00eda a los hijos de alcoh\u00f3licos y drogadictos en un esfuerzo por ayudarlos a comprender lo que est\u00e1 sucediendo en el hogar y ver que no es su culpa.<\/p>\n<p>El pasado mes de abril, Dennis, de 26 a\u00f1os, <strong>renunci\u00f3 a su trabajo de ingeniero y emprendi\u00f3 un recorrido en bicicleta<\/strong> patrocinado por Europa. Lleg\u00f3 a Barcelona a mediados de diciembre. \u201cMe estoy poniendo en forma. Es una sensaci\u00f3n agradable,\u201d dice Dennis, quien recorre alrededor de 100 kil\u00f3metros por d\u00eda y acampa en la naturaleza.<\/p>\n<p><strong>Doce pa\u00edses en su mochila<\/strong><\/p>\n<p>\u201cComenc\u00e9 por dirigirme al este de Alemania, luego a Polonia, luego al norte hacia Lituania, Letonia, Estonia. Despu\u00e9s de eso tom\u00e9 el ferry de Tallin a Helsinki y luego viaj\u00e9 2.000 km hasta el Cabo Norte en la cima de Noruega. Llegu\u00e9 all\u00ed el 24 de junio. Luego fui hacia el sur a trav\u00e9s de Noruega, Suecia y Dinamarca. Los fiordos eran hermosos. Despu\u00e9s de Dinamarca, me tom\u00e9 una semana de vacaciones en casa, luego continu\u00e9 por B\u00e9lgica, los Pa\u00edses Bajos y Francia, y ahora llevo una semana en Espa\u00f1a.\u201d<\/p>\n<p>Despu\u00e9s de Barcelona, se dirigir\u00e1 a Tarragona, donde planea tomarse unas vacaciones de invierno de unas pocas semanas antes de viajar al sur hacia Gibraltar y posiblemente a Marruecos. Luego viajar\u00e1 por Portugal y el norte de Espa\u00f1a y espera volver a casa en julio o agosto, despu\u00e9s de 15 meses de viaje solitario.<\/p>\n<p>\u201cNo me siento solo,\u201d dice. \u201cHe conocido a mucha gente agradable, personas que me invitaron a quedarme en su jard\u00edn, a cenar o a charlar. Ellos ven lo que estoy haciendo, conf\u00edan en m\u00ed y yo conf\u00edo en ellos. Pero tambi\u00e9n <strong>es bueno que el alma pase un tiempo sola y escuche su voz interior<\/strong>.\u201d<\/p>\n<p><strong>Un recorrido vital e inolvidable<\/strong><\/p>\n<p>Llegar al Cap de Creus fue uno de los momentos m\u00e1s memorables del viaje, ya que justo lleg\u00f3 a los 10.000 kil\u00f3metros cuando cruz\u00f3 la frontera espa\u00f1ola. \u201cHubo muy buenos momentos y solo algunos malos, generalmente por el calor.\u201d <strong>Aunque es un trabajo duro, Dennis lo describe como una experiencia casi espiritual<\/strong>. \u201cCuando estaba en el norte de Suecia, era muy tranquilo y sent\u00eda una conexi\u00f3n muy profunda con la naturaleza. Cuando te toca volver a la civilizaci\u00f3n, es dif\u00edcil acostumbrarse.\u201d<\/p>\n<p>Despu\u00e9s de 15 meses en la carretera, admite que ser\u00e1 dif\u00edcil encajar cuando regrese a casa. \u201cPero <strong>no volver\u00e9 a mi antigua vida, comenzar\u00e9 una nueva vida<\/strong>. Lo principal que he aprendido en este viaje es que tienes que confiar en la vida.\u201d<\/p>\n<p>&nbsp;<\/p>\n","protected":false},"excerpt":{"rendered":"<p>Dennis ha renunciado a su trabajo de ingeniero para vivir un viaje solidario: recorrer 20.000 km en bicicleta para ayudar a familiares de personas que sufren alcoholismo Cuando Dennis Breiser finalmente vuelva a su ciudad natal cerca de Dortmund en Alemania el pr\u00f3ximo verano, habr\u00e1 recorrido unos 20.000 kil\u00f3metros en bicicleta y, en el proceso, [&hellip;]<\/p>\n","protected":false},"author":4,"featured_media":7547,"comment_status":"open","ping_status":"open","sticky":false,"template":"","format":"standard","meta":{"footnotes":""},"categories":[21],"tags":[1741,1743,1742,1740],"autor":[1324],"class_list":["post-7544","post","type-post","status-publish","format-standard","has-post-thumbnail","hentry","category-institucional-es","tag-bicicleta","tag-camaleon-association","tag-caritas-alemania","tag-causa-solidaria","autor-stephen-burgen-es"],"aioseo_notices":[],"_links":{"self":[{"href":"https:\/\/blog.caritas.barcelona\/es\/wp-json\/wp\/v2\/posts\/7544","targetHints":{"allow":["GET"]}}],"collection":[{"href":"https:\/\/blog.caritas.barcelona\/es\/wp-json\/wp\/v2\/posts"}],"about":[{"href":"https:\/\/blog.caritas.barcelona\/es\/wp-json\/wp\/v2\/types\/post"}],"author":[{"embeddable":true,"href":"https:\/\/blog.caritas.barcelona\/es\/wp-json\/wp\/v2\/users\/4"}],"replies":[{"embeddable":true,"href":"https:\/\/blog.caritas.barcelona\/es\/wp-json\/wp\/v2\/comments?post=7544"}],"version-history":[{"count":2,"href":"https:\/\/blog.caritas.barcelona\/es\/wp-json\/wp\/v2\/posts\/7544\/revisions"}],"predecessor-version":[{"id":7559,"href":"https:\/\/blog.caritas.barcelona\/es\/wp-json\/wp\/v2\/posts\/7544\/revisions\/7559"}],"wp:featuredmedia":[{"embeddable":true,"href":"https:\/\/blog.caritas.barcelona\/es\/wp-json\/wp\/v2\/media\/7547"}],"wp:attachment":[{"href":"https:\/\/blog.caritas.barcelona\/es\/wp-json\/wp\/v2\/media?parent=7544"}],"wp:term":[{"taxonomy":"category","embeddable":true,"href":"https:\/\/blog.caritas.barcelona\/es\/wp-json\/wp\/v2\/categories?post=7544"},{"taxonomy":"post_tag","embeddable":true,"href":"https:\/\/blog.caritas.barcelona\/es\/wp-json\/wp\/v2\/tags?post=7544"},{"taxonomy":"autor","embeddable":true,"href":"https:\/\/blog.caritas.barcelona\/es\/wp-json\/wp\/v2\/autor?post=7544"}],"curies":[{"name":"wp","href":"https:\/\/api.w.org\/{rel}","templated":true}]}}