{"id":7495,"date":"2019-01-14T08:42:11","date_gmt":"2019-01-14T07:42:11","guid":{"rendered":"https:\/\/blog.caritas.barcelona\/?p=7495"},"modified":"2019-01-21T15:58:45","modified_gmt":"2019-01-21T14:58:45","slug":"el-mundo-al-reves","status":"publish","type":"post","link":"https:\/\/blog.caritas.barcelona\/es\/opinion\/el-mundo-al-reves\/","title":{"rendered":"El mundo al rev\u00e9s"},"content":{"rendered":"<p>Conducir es una actividad opcional mientras que tener una vivienda es un derecho universal. La conducci\u00f3n est\u00e1 regulada y, en cambio, todo se permite en materia de vivienda<\/p>\n<p><img loading=\"lazy\" decoding=\"async\" class=\"size-full wp-image-7492 aligncenter\" src=\"https:\/\/blog.caritas.barcelona\/wp-content\/uploads\/sites\/2\/2018\/12\/cotxe-habitatge-regulaci\u00f3-caritas-barcelona.jpg\" alt=\"cotxe-habitatge-regulaci\u00f3-caritas-barcelona\" width=\"680\" height=\"453\" srcset=\"https:\/\/blog.caritas.barcelona\/wp-content\/uploads\/sites\/2\/2018\/12\/cotxe-habitatge-regulaci\u00f3-caritas-barcelona.jpg 680w, https:\/\/blog.caritas.barcelona\/wp-content\/uploads\/sites\/2\/2018\/12\/cotxe-habitatge-regulaci\u00f3-caritas-barcelona-300x200.jpg 300w, https:\/\/blog.caritas.barcelona\/wp-content\/uploads\/sites\/2\/2018\/12\/cotxe-habitatge-regulaci\u00f3-caritas-barcelona-600x400.jpg 600w\" sizes=\"auto, (max-width: 680px) 100vw, 680px\" \/><\/p>\n<p>La vivienda es un refugio y un derecho que todos los ordenamientos jur\u00eddicos han tratado de garantizar. El coche, sin embargo, es un medio de transporte que no permite a nadie establecer en \u00e9l su residencia habitual. Pese a ser muy \u00fatil, su utilizaci\u00f3n es voluntaria y es por ello que no est\u00e1 configurado como un derecho en ning\u00fan ordenamiento jur\u00eddico de este mundo y, mucho menos, como un derecho fundamental de car\u00e1cter universal.<\/p>\n<p>Todo ello hace que sea l\u00f3gico pensar que si en nuestro planeta la vivienda se configura como un derecho b\u00e1sico desde hace 70 a\u00f1os, todos los Estados deber\u00edan establecer los mecanismos necesarios para impedir que puedan existir viviendas que no re\u00fanan las condiciones m\u00ednimas que garanticen a sus habitantes el ejercicio de su derecho fundamental de forma digna y segura. Es tambi\u00e9n comprensible que si en el mismo mundo la tenencia y disfrute de un coche no es un derecho fundamental para nadie, no es necesario asegurar las condiciones de seguridad y confort de los veh\u00edculos de manera tan estricta, a como debieran estar aseguradas las de las viviendas.<\/p>\n<p>Ocurre, sin embargo, que <strong>en el lugar del mundo en el que yo vivo, las cosas no son como se dice que son ni como se legisla para que sean<\/strong>.<\/p>\n<p><strong>La regulaci\u00f3n de los coches&#8230;<\/strong><\/p>\n<p>Habito en un lugar en el que es impensable que nadie pueda adquirir un veh\u00edculo m\u00e1s barato, renunciando a que se le instalen los faros, o los intermitentes, o las luces de freno, o las puertas, o las ventanillas, o el freno de mano, o a que se le coloque s\u00f3lo medio volante. En el lugar en el que vivo, aunque se consiguiera <strong>adquirir un veh\u00edculo sin alguno de esos elementos b\u00e1sicos, a nadie se le ocurrir\u00eda circular con \u00e9l<\/strong> m\u00e1s de 25 metros, porque todo el mundo sabe que r\u00e1pidamente le saldr\u00eda al paso alguno de los muchos agentes de la autoridad que rondan las calles y le inmovilizar\u00edan el coche en menos de lo que canta un gallo, imponiendo, adem\u00e1s, al insensato vendedor que se hubiera atrevido a poner en circulaci\u00f3n un veh\u00edculo as\u00ed, una multa ejemplarizante, para disuadir generalizar tal conducta.<\/p>\n<p>En el lugar en el que vivo, los veh\u00edculos no pueden estar m\u00e1s de 4 a\u00f1os sin pasar una revisi\u00f3n t\u00e9cnica obligatoria y si alguien se atreviera a vender o alquilar un coche sin las condiciones m\u00ednimas para circular, nadie cuestionar\u00eda que se le sancionara de la manera m\u00e1s dura posible. Dudo que el infractor cuestionara la sanci\u00f3n y <strong>dudo, tambi\u00e9n, que se le ocurriese argumentar que la venta o el alquiler de un veh\u00edculo sin los requisitos de seguridad y confort necesarios es, en realidad, un acto de misericordia<\/strong> que permite conducir a las personas indocumentadas o sin recursos que, de otro modo, no pueden acceder a adquirir un veh\u00edculo en condiciones normales.<\/p>\n<p><strong>&#8230;y la regulaci\u00f3n de la vivienda<\/strong><\/p>\n<p>En el lugar en el que vivo, en cambio, no es nada dif\u00edcil que cualquiera pueda alquilar o pueda vender una vivienda sin cristales en las ventanas, o sin la superficie m\u00ednima necesaria, o con graves humedades, o sin una instalaci\u00f3n el\u00e9ctrica segura, o sin ventilaci\u00f3n, o s\u00f3lo con agua fr\u00eda. En ese lugar, <strong>es f\u00e1cil adquirir viviendas de alquiler o de compra que no re\u00fanen las condiciones m\u00ednimas que aseguren que sea digna<\/strong>. Adem\u00e1s, es dif\u00edcil que la autoridad pueda llegar a advertir que se est\u00e1n ofreciendo viviendas sin muchos de los elementos b\u00e1sicos que necesita para ser considerada habitable, por lo que nada disuade a que esa conducta se generalice y contin\u00fae.<\/p>\n<p>En el lugar en el que vivo, <strong>las viviendas deben pasar inspecciones t\u00e9cnicas cada 15 a\u00f1os y nadie castiga a las que superan ese per\u00edodo<\/strong>. Los que se atreven a comercializar con infraviviendas protestan airadamente las pocas veces que se les sanciona y no todo el mundo comparte que se persiga la puesta en el mercado de viviendas sin cumplir los requisitos de seguridad y confort que exigen las leyes, porque muchos argumentan que en ese negocio existe una funci\u00f3n social que permite a las personas indocumentadas y sin recursos vivir en alg\u00fan sitio, porque est\u00e1 generalmente admitido que su condici\u00f3n determina que puedan vivir sin condiciones.<\/p>\n<p>En el lugar en el que vivo, hoy <strong>est\u00e1 m\u00e1s asegurada la opci\u00f3n de conducir ocasionalmente un veh\u00edculo que el derecho universal a residir permanentemente en una vivienda en condiciones de vida digna<\/strong>. Y yo soy de los que tengo la suerte de vivir en un mundo que presume de ser civilizado.<\/p>\n<p>&nbsp;<\/p>\n<p>&nbsp;<\/p>\n","protected":false},"excerpt":{"rendered":"<p>Conducir es una actividad opcional mientras que tener una vivienda es un derecho universal. La conducci\u00f3n est\u00e1 regulada y, en cambio, todo se permite en materia de vivienda La vivienda es un refugio y un derecho que todos los ordenamientos jur\u00eddicos han tratado de garantizar. El coche, sin embargo, es un medio de transporte que [&hellip;]<\/p>\n","protected":false},"author":4,"featured_media":7493,"comment_status":"open","ping_status":"open","sticky":false,"template":"","format":"standard","meta":{"footnotes":""},"categories":[19],"tags":[1725,1724,1726,935],"autor":[1729],"class_list":["post-7495","post","type-post","status-publish","format-standard","has-post-thumbnail","hentry","category-opinion","tag-infravivienda","tag-legislacion","tag-leyes","tag-vivienda","autor-pablo-feu-es"],"aioseo_notices":[],"_links":{"self":[{"href":"https:\/\/blog.caritas.barcelona\/es\/wp-json\/wp\/v2\/posts\/7495","targetHints":{"allow":["GET"]}}],"collection":[{"href":"https:\/\/blog.caritas.barcelona\/es\/wp-json\/wp\/v2\/posts"}],"about":[{"href":"https:\/\/blog.caritas.barcelona\/es\/wp-json\/wp\/v2\/types\/post"}],"author":[{"embeddable":true,"href":"https:\/\/blog.caritas.barcelona\/es\/wp-json\/wp\/v2\/users\/4"}],"replies":[{"embeddable":true,"href":"https:\/\/blog.caritas.barcelona\/es\/wp-json\/wp\/v2\/comments?post=7495"}],"version-history":[{"count":3,"href":"https:\/\/blog.caritas.barcelona\/es\/wp-json\/wp\/v2\/posts\/7495\/revisions"}],"predecessor-version":[{"id":7561,"href":"https:\/\/blog.caritas.barcelona\/es\/wp-json\/wp\/v2\/posts\/7495\/revisions\/7561"}],"wp:featuredmedia":[{"embeddable":true,"href":"https:\/\/blog.caritas.barcelona\/es\/wp-json\/wp\/v2\/media\/7493"}],"wp:attachment":[{"href":"https:\/\/blog.caritas.barcelona\/es\/wp-json\/wp\/v2\/media?parent=7495"}],"wp:term":[{"taxonomy":"category","embeddable":true,"href":"https:\/\/blog.caritas.barcelona\/es\/wp-json\/wp\/v2\/categories?post=7495"},{"taxonomy":"post_tag","embeddable":true,"href":"https:\/\/blog.caritas.barcelona\/es\/wp-json\/wp\/v2\/tags?post=7495"},{"taxonomy":"autor","embeddable":true,"href":"https:\/\/blog.caritas.barcelona\/es\/wp-json\/wp\/v2\/autor?post=7495"}],"curies":[{"name":"wp","href":"https:\/\/api.w.org\/{rel}","templated":true}]}}