{"id":7483,"date":"2018-12-24T11:25:54","date_gmt":"2018-12-24T10:25:54","guid":{"rendered":"https:\/\/blog.caritas.barcelona\/?p=7483"},"modified":"2019-01-21T16:00:31","modified_gmt":"2019-01-21T15:00:31","slug":"5-deseos-para-los-reyes-magos","status":"publish","type":"post","link":"https:\/\/blog.caritas.barcelona\/es\/institucional-es\/5-deseos-para-los-reyes-magos\/","title":{"rendered":"5 deseos para los Reyes Magos"},"content":{"rendered":"<p>Este a\u00f1o, hemos querido escribir nuestra propia carta. Esperamos que los Reyes Magos nos ayuden a hacerla realidad<\/p>\n<p><img loading=\"lazy\" decoding=\"async\" class=\"size-full wp-image-7480 aligncenter\" src=\"https:\/\/blog.caritas.barcelona\/wp-content\/uploads\/sites\/2\/2018\/12\/reis_mags_caritas_barcelona.jpg\" alt=\"reis_mags_caritas_barcelona\" width=\"680\" height=\"384\" srcset=\"https:\/\/blog.caritas.barcelona\/wp-content\/uploads\/sites\/2\/2018\/12\/reis_mags_caritas_barcelona.jpg 680w, https:\/\/blog.caritas.barcelona\/wp-content\/uploads\/sites\/2\/2018\/12\/reis_mags_caritas_barcelona-300x169.jpg 300w, https:\/\/blog.caritas.barcelona\/wp-content\/uploads\/sites\/2\/2018\/12\/reis_mags_caritas_barcelona-600x339.jpg 600w\" sizes=\"auto, (max-width: 680px) 100vw, 680px\" \/><\/p>\n<p>Estimados Melchor, Gaspar y Baltasar,<\/p>\n<p>2018 ha sido un a\u00f1o que nos sigue dejando retos a superar: precariedad laboral, dificultades para acceder a la vivienda, personas reci\u00e9n llegadas que no se sienten acogidas y dificultades burocr\u00e1ticas que se interponen en los derechos de las personas. Es por ello que, de cara a 2019, queremos pediros ayuda para que estos deseos que pedimos se hagan realidad:<\/p>\n<ol>\n<li>Que todas las personas que llegan a nuestro huyendo de situaciones de violencia o dificultad en sus pa\u00edses <strong>se sientan acogidas<\/strong>. Queremos que estas personas tengan garantizados los mismos derechos que todos los ciudadanos.<\/li>\n<li>Que todos disfruten de unos <strong>ingresos que les permitan vivir dignamente<\/strong>, ya sea consiguiendo un trabajo decente, pensiones dignas o accediendo a una renta garantizada.<\/li>\n<li>Que todas las personas puedan <strong>vivir en un hogar digno<\/strong>, adecuado, asequible y seguro, donde puedan crecer, construir v\u00ednculos con la familia y amigos y enraizarse en su barrio.<\/li>\n<li>Que todo el mundo <strong>se sienta acompa\u00f1ado<\/strong>, sobre todo en los momentos de soledad y en los momentos de vulnerabilidad y fragilidad.<\/li>\n<li>Que todos los ni\u00f1os puedan <strong>crecer felices<\/strong>, sinti\u00e9ndose queridos y en igualdad de oportunidades.<\/li>\n<\/ol>\n<p>Esperamos que durante el nuevo a\u00f1o se puedan cumplir estos cinco deseos. Para que as\u00ed sea os aseguramos que, por nuestra parte, trabajaremos duro para hacerlos realidad. \u00bfNos ayud\u00e1is a conseguirlo?<\/p>\n<p>&nbsp;<\/p>\n","protected":false},"excerpt":{"rendered":"<p>Este a\u00f1o, hemos querido escribir nuestra propia carta. Esperamos que los Reyes Magos nos ayuden a hacerla realidad Estimados Melchor, Gaspar y Baltasar, 2018 ha sido un a\u00f1o que nos sigue dejando retos a superar: precariedad laboral, dificultades para acceder a la vivienda, personas reci\u00e9n llegadas que no se sienten acogidas y dificultades burocr\u00e1ticas que [&hellip;]<\/p>\n","protected":false},"author":4,"featured_media":7481,"comment_status":"open","ping_status":"open","sticky":false,"template":"","format":"standard","meta":{"footnotes":""},"categories":[21],"tags":[1720,1719,1342,970],"autor":[36],"class_list":["post-7483","post","type-post","status-publish","format-standard","has-post-thumbnail","hentry","category-institucional-es","tag-1720","tag-carta-reyes-magos","tag-deseos","tag-reyes-magos","autor-caritas-diocesana-de-barcelona-es"],"aioseo_notices":[],"_links":{"self":[{"href":"https:\/\/blog.caritas.barcelona\/es\/wp-json\/wp\/v2\/posts\/7483","targetHints":{"allow":["GET"]}}],"collection":[{"href":"https:\/\/blog.caritas.barcelona\/es\/wp-json\/wp\/v2\/posts"}],"about":[{"href":"https:\/\/blog.caritas.barcelona\/es\/wp-json\/wp\/v2\/types\/post"}],"author":[{"embeddable":true,"href":"https:\/\/blog.caritas.barcelona\/es\/wp-json\/wp\/v2\/users\/4"}],"replies":[{"embeddable":true,"href":"https:\/\/blog.caritas.barcelona\/es\/wp-json\/wp\/v2\/comments?post=7483"}],"version-history":[{"count":3,"href":"https:\/\/blog.caritas.barcelona\/es\/wp-json\/wp\/v2\/posts\/7483\/revisions"}],"predecessor-version":[{"id":7567,"href":"https:\/\/blog.caritas.barcelona\/es\/wp-json\/wp\/v2\/posts\/7483\/revisions\/7567"}],"wp:featuredmedia":[{"embeddable":true,"href":"https:\/\/blog.caritas.barcelona\/es\/wp-json\/wp\/v2\/media\/7481"}],"wp:attachment":[{"href":"https:\/\/blog.caritas.barcelona\/es\/wp-json\/wp\/v2\/media?parent=7483"}],"wp:term":[{"taxonomy":"category","embeddable":true,"href":"https:\/\/blog.caritas.barcelona\/es\/wp-json\/wp\/v2\/categories?post=7483"},{"taxonomy":"post_tag","embeddable":true,"href":"https:\/\/blog.caritas.barcelona\/es\/wp-json\/wp\/v2\/tags?post=7483"},{"taxonomy":"autor","embeddable":true,"href":"https:\/\/blog.caritas.barcelona\/es\/wp-json\/wp\/v2\/autor?post=7483"}],"curies":[{"name":"wp","href":"https:\/\/api.w.org\/{rel}","templated":true}]}}