{"id":7408,"date":"2018-12-14T09:02:14","date_gmt":"2018-12-14T08:02:14","guid":{"rendered":"https:\/\/blog.caritas.barcelona\/?p=7408"},"modified":"2019-01-21T16:01:18","modified_gmt":"2019-01-21T15:01:18","slug":"10-consejos-de-personas-mayores-para-disfrutar-de-la-navidad","status":"publish","type":"post","link":"https:\/\/blog.caritas.barcelona\/es\/personas-mayores\/10-consejos-de-personas-mayores-para-disfrutar-de-la-navidad\/","title":{"rendered":"10 consejos de personas mayores para disfrutar de la Navidad"},"content":{"rendered":"<p>Los abuelos y abuelas que participan en el grupo de personas mayores de la parroquia de San Antonio de Padua (Badalona) ofrecen algunos consejos para pasarlo bien en estas fechas navide\u00f1as<\/p>\n<p><img loading=\"lazy\" decoding=\"async\" class=\" wp-image-6498 aligncenter\" src=\"https:\/\/blog.caritas.barcelona\/wp-content\/uploads\/sites\/2\/2017\/06\/collage-avis.png\" alt=\"avis-tramats-de-vida-llefia-badalona-caritas\" width=\"687\" height=\"560\" srcset=\"https:\/\/blog.caritas.barcelona\/wp-content\/uploads\/sites\/2\/2017\/06\/collage-avis.png 818w, https:\/\/blog.caritas.barcelona\/wp-content\/uploads\/sites\/2\/2017\/06\/collage-avis-300x245.png 300w, https:\/\/blog.caritas.barcelona\/wp-content\/uploads\/sites\/2\/2017\/06\/collage-avis-768x627.png 768w, https:\/\/blog.caritas.barcelona\/wp-content\/uploads\/sites\/2\/2017\/06\/collage-avis-600x490.png 600w\" sizes=\"auto, (max-width: 687px) 100vw, 687px\" \/><\/p>\n<p>Pr\u00f3ximamente disfrutaremos de una de las fiestas m\u00e1s populares, familiares, entra\u00f1ables y universales del a\u00f1o: la Navidad. Hemos hecho una reflexi\u00f3n de esta \u00e9poca llena, entre otras cosas, de recuerdos, de consumismo, de encuentros familiares, de cenas de empresas, de prop\u00f3sitos, de postales de Navidad, de pesebres, de regalos, de pedir el aguinaldo, de cantar de villancicos, de vacaciones escolares, de nieve, de despilfarro, de adornos de calles y casas, de ilusi\u00f3n de los ni\u00f1os&#8230; y queremos compartir contigo esta peque\u00f1a meditaci\u00f3n que hemos hecho en el grupo ya que pensamos que los siguientes <strong>consejos te podr\u00edan ayudar un poco m\u00e1s a disfrutar de estas fiestas navide\u00f1as<\/strong>:<\/p>\n<ol>\n<li>Navidad nos ayuda y es una excusa para estar toda la <strong>familia unida y juntarnos m\u00e1s<\/strong> estos d\u00edas. Te sentir\u00e1s un poco m\u00e1s feliz por estos eventos.<\/li>\n<li>Tienes que<strong> tener un compromiso<\/strong>, un prop\u00f3sito: intentar cambiar lo que tienes que mejorar. Es un buen momento para comenzar a ponerlo en pr\u00e1ctica.<\/li>\n<li>Pon tu granito de arena para que<strong> reine la paz, el amor, la alegr\u00eda<\/strong>, la armon\u00eda, la paciencia, la tranquilidad de esp\u00edritu y para limar asperezas.<\/li>\n<li>Haz un poco m\u00e1s de <strong>esfuerzo material y personal<\/strong>, y ayuda, en la medida de tus posibilidades, a aquellos que no tienen o carecen de compa\u00f1\u00eda, alimentos, afecto, optimismo, solidaridad, tolerancia, vivienda digna, perd\u00f3n, libertad, afectividad , fe o motivaci\u00f3n.<\/li>\n<li>Es un buen momento para <strong>demostrar tu empat\u00eda<\/strong>, para empezar a comprender y ponerse en la piel del otro, para buscar la reconciliaci\u00f3n esperada&#8230;<\/li>\n<li>No es necesario que caigas en el consumismo regalando cosas materiales como juguetes, ropa, electrodom\u00e9sticos o colonias. <strong>Busca el verdadero esp\u00edritu de Navidad<\/strong> con regalos que llenen verdaderamente los corazones de quienes los reciben.<\/li>\n<li>Aprovecha la reuni\u00f3n con toda la familia para disfrutar de esta compa\u00f1\u00eda. Dialoga sobre los buenos, bonitos, entra\u00f1ables, felices momentos que has vivido y convivido con ellos. Procura transmitir mensajes de amor.<strong> Disfruta de estas peque\u00f1as cosas<\/strong>.<\/li>\n<li><strong>Abre tu coraz\u00f3n<\/strong> y permanece atento a disfrutar de todos y cada uno de esos momentos que pasar\u00e1s con otros. Y procura que todos los dem\u00e1s d\u00edas sigan esa l\u00ednea.<\/li>\n<li>Aprovecha los ratos de tertulia familiar de que dispondr\u00e1s en estos d\u00edas para intentar reflexionar en voz alta y <strong>compartir con los dem\u00e1s sus valores positivos<\/strong>. Val\u00f3ralos y desc\u00fabreselos, as\u00ed subir\u00e1s su autoestima.<\/li>\n<li>Los primeros regalos que el ni\u00f1o Jes\u00fas recibi\u00f3 fueron de los <strong>humildes<\/strong> pastorcillos: eran los m\u00e1s simples y sencillos, pero muy emotivos y entra\u00f1ables.<\/li>\n<\/ol>\n<p>Ojal\u00e1 que estos consejos que te proponemos sirvan para que esta Navidad sea m\u00e1s entra\u00f1able y emotiva. Que te ayude a mejorar tus relaciones, tu forma de vivir la vida, tu peque\u00f1o mundo que te rodea. \u00a1Esperamos que puedas disfrutar de la Navidad con paz, amor i felicidad!<\/p>\n<p style=\"text-align: right;\"><strong>El grupo de la Amistad<\/strong><\/p>\n<p>&nbsp;<\/p>\n<p>&nbsp;<\/p>\n","protected":false},"excerpt":{"rendered":"<p>Los abuelos y abuelas que participan en el grupo de personas mayores de la parroquia de San Antonio de Padua (Badalona) ofrecen algunos consejos para pasarlo bien en estas fechas navide\u00f1as Pr\u00f3ximamente disfrutaremos de una de las fiestas m\u00e1s populares, familiares, entra\u00f1ables y universales del a\u00f1o: la Navidad. Hemos hecho una reflexi\u00f3n de esta \u00e9poca [&hellip;]<\/p>\n","protected":false},"author":4,"featured_media":6499,"comment_status":"open","ping_status":"open","sticky":false,"template":"","format":"standard","meta":{"footnotes":""},"categories":[26],"tags":[949,891],"autor":[36],"class_list":["post-7408","post","type-post","status-publish","format-standard","has-post-thumbnail","hentry","category-personas-mayores","tag-navidad","tag-personas-mayores","autor-caritas-diocesana-de-barcelona-es"],"aioseo_notices":[],"_links":{"self":[{"href":"https:\/\/blog.caritas.barcelona\/es\/wp-json\/wp\/v2\/posts\/7408","targetHints":{"allow":["GET"]}}],"collection":[{"href":"https:\/\/blog.caritas.barcelona\/es\/wp-json\/wp\/v2\/posts"}],"about":[{"href":"https:\/\/blog.caritas.barcelona\/es\/wp-json\/wp\/v2\/types\/post"}],"author":[{"embeddable":true,"href":"https:\/\/blog.caritas.barcelona\/es\/wp-json\/wp\/v2\/users\/4"}],"replies":[{"embeddable":true,"href":"https:\/\/blog.caritas.barcelona\/es\/wp-json\/wp\/v2\/comments?post=7408"}],"version-history":[{"count":2,"href":"https:\/\/blog.caritas.barcelona\/es\/wp-json\/wp\/v2\/posts\/7408\/revisions"}],"predecessor-version":[{"id":7572,"href":"https:\/\/blog.caritas.barcelona\/es\/wp-json\/wp\/v2\/posts\/7408\/revisions\/7572"}],"wp:featuredmedia":[{"embeddable":true,"href":"https:\/\/blog.caritas.barcelona\/es\/wp-json\/wp\/v2\/media\/6499"}],"wp:attachment":[{"href":"https:\/\/blog.caritas.barcelona\/es\/wp-json\/wp\/v2\/media?parent=7408"}],"wp:term":[{"taxonomy":"category","embeddable":true,"href":"https:\/\/blog.caritas.barcelona\/es\/wp-json\/wp\/v2\/categories?post=7408"},{"taxonomy":"post_tag","embeddable":true,"href":"https:\/\/blog.caritas.barcelona\/es\/wp-json\/wp\/v2\/tags?post=7408"},{"taxonomy":"autor","embeddable":true,"href":"https:\/\/blog.caritas.barcelona\/es\/wp-json\/wp\/v2\/autor?post=7408"}],"curies":[{"name":"wp","href":"https:\/\/api.w.org\/{rel}","templated":true}]}}