{"id":7361,"date":"2018-11-23T09:11:48","date_gmt":"2018-11-23T08:11:48","guid":{"rendered":"https:\/\/blog.caritas.barcelona\/?p=7361"},"modified":"2019-01-21T16:02:47","modified_gmt":"2019-01-21T15:02:47","slug":"digamos-basta-al-sinhogarismo","status":"publish","type":"post","link":"https:\/\/blog.caritas.barcelona\/es\/opinion\/digamos-basta-al-sinhogarismo\/","title":{"rendered":"Digamos basta al sinhogarismo"},"content":{"rendered":"<p>\u00bfQue nadie se encuentre en situaci\u00f3n de sinhogarismo en Barcelona es posible? Muchas personas responder\u00edan diciendo que no, y que es una utop\u00eda irrealizable. Desde C\u00e1ritas decimos que es posible, y no renunciamos a construir una sociedad que coloque a la persona en el centro.<\/p>\n<p><img loading=\"lazy\" decoding=\"async\" class=\"size-full wp-image-7358 aligncenter\" src=\"https:\/\/blog.caritas.barcelona\/wp-content\/uploads\/sites\/2\/2018\/11\/sensellar-caritas-barcelona-maletes.png\" alt=\"ensellar-caritas-barcelona-maletes\" width=\"780\" height=\"516\" srcset=\"https:\/\/blog.caritas.barcelona\/wp-content\/uploads\/sites\/2\/2018\/11\/sensellar-caritas-barcelona-maletes.png 780w, https:\/\/blog.caritas.barcelona\/wp-content\/uploads\/sites\/2\/2018\/11\/sensellar-caritas-barcelona-maletes-300x198.png 300w, https:\/\/blog.caritas.barcelona\/wp-content\/uploads\/sites\/2\/2018\/11\/sensellar-caritas-barcelona-maletes-768x508.png 768w, https:\/\/blog.caritas.barcelona\/wp-content\/uploads\/sites\/2\/2018\/11\/sensellar-caritas-barcelona-maletes-600x397.png 600w\" sizes=\"auto, (max-width: 780px) 100vw, 780px\" \/><\/p>\n<p>Situar la persona en el centro significa valorar al ser humano por lo que es, y no por lo que acumula, produce o consume. <strong>Situar a la persona en el centro tambi\u00e9n es sin\u00f3nimo de escuchar a los que permanecen invisibles<\/strong>, sin dejar al margen y haci\u00e9ndolos a ellos saber que cuentan con una mano a la que agarrarse.<\/p>\n<p>En paralelo al acompa\u00f1amiento humano, es necesario que como sociedad nos preguntemos, y valoremos si el trabajo conjunto de la administraci\u00f3n y las entidades sociales es suficiente para garantizar que las personas puedan ejercer y acceder a sus derechos. Con todo, es necesario hacer un diagn\u00f3stico previo para entender el sinhogarismo. Sabemos que el sinhogarismo no forma parte del \u00e1mbito individual de la persona, sino que nos constri\u00f1e y nos interpela a todos como sociedad. <strong>El sinhogarismo es un fen\u00f3meno complejo y multi causal.<\/strong> Aunque el problema principal es no disponer de una vivienda, no podemos desligar el problema habitacional de otras cuestiones tanto o m\u00e1s importantes, ya que la precariedad laboral, las decisiones personales de cada uno, las adicciones o las enfermedades pueden abocarnos a la exclusi\u00f3n.<\/p>\n<p><strong>Como sociedad, hay que hacer un cambio, y observar el sinhogarismo como una vulneraci\u00f3n de derechos<\/strong>. Para ello, las entidades sociales debemos impulsar acciones coordinadas y ser m\u00e1s eficaces en lo que llevamos a cabo para hacer frente al sinhogarismo. Por otra parte, es necesario que los medios de comunicaci\u00f3n hagan una informaci\u00f3n m\u00e1s cercana a la realidad de las personas en situaci\u00f3n de sinhogar, que se aleje de estereotipos y analice el origen de la vulneraci\u00f3n de derechos de estas personas. Finalmente, es necesario hacer un llamamiento a las administraciones p\u00fablicas, para que dise\u00f1en pol\u00edticas centradas en las personas para garantizar el acceso a los derechos, impulsando el alquiler social y fomentando la vivienda p\u00fablica.<\/p>\n<p>Si conseguimos todo esto, un futuro donde el sinhogarismo sea un recuerdo del pasado, ser\u00e1 posible hablar de nadie sin hogar. Un futuro donde todo el mundo disponga de un hogar ser\u00e1, por fin, una realidad.<\/p>\n<p>&nbsp;<\/p>\n","protected":false},"excerpt":{"rendered":"<p>\u00bfQue nadie se encuentre en situaci\u00f3n de sinhogarismo en Barcelona es posible? Muchas personas responder\u00edan diciendo que no, y que es una utop\u00eda irrealizable. Desde C\u00e1ritas decimos que es posible, y no renunciamos a construir una sociedad que coloque a la persona en el centro. Situar la persona en el centro significa valorar al ser [&hellip;]<\/p>\n","protected":false},"author":4,"featured_media":7359,"comment_status":"open","ping_status":"open","sticky":false,"template":"","format":"standard","meta":{"footnotes":""},"categories":[19],"tags":[1315,1145,1566],"autor":[1703],"class_list":["post-7361","post","type-post","status-publish","format-standard","has-post-thumbnail","hentry","category-opinion","tag-nadie-sin-hogar","tag-personas-sin-hogar","tag-sinhogarismo","autor-ferran-moreno-es"],"aioseo_notices":[],"_links":{"self":[{"href":"https:\/\/blog.caritas.barcelona\/es\/wp-json\/wp\/v2\/posts\/7361","targetHints":{"allow":["GET"]}}],"collection":[{"href":"https:\/\/blog.caritas.barcelona\/es\/wp-json\/wp\/v2\/posts"}],"about":[{"href":"https:\/\/blog.caritas.barcelona\/es\/wp-json\/wp\/v2\/types\/post"}],"author":[{"embeddable":true,"href":"https:\/\/blog.caritas.barcelona\/es\/wp-json\/wp\/v2\/users\/4"}],"replies":[{"embeddable":true,"href":"https:\/\/blog.caritas.barcelona\/es\/wp-json\/wp\/v2\/comments?post=7361"}],"version-history":[{"count":4,"href":"https:\/\/blog.caritas.barcelona\/es\/wp-json\/wp\/v2\/posts\/7361\/revisions"}],"predecessor-version":[{"id":7578,"href":"https:\/\/blog.caritas.barcelona\/es\/wp-json\/wp\/v2\/posts\/7361\/revisions\/7578"}],"wp:featuredmedia":[{"embeddable":true,"href":"https:\/\/blog.caritas.barcelona\/es\/wp-json\/wp\/v2\/media\/7359"}],"wp:attachment":[{"href":"https:\/\/blog.caritas.barcelona\/es\/wp-json\/wp\/v2\/media?parent=7361"}],"wp:term":[{"taxonomy":"category","embeddable":true,"href":"https:\/\/blog.caritas.barcelona\/es\/wp-json\/wp\/v2\/categories?post=7361"},{"taxonomy":"post_tag","embeddable":true,"href":"https:\/\/blog.caritas.barcelona\/es\/wp-json\/wp\/v2\/tags?post=7361"},{"taxonomy":"autor","embeddable":true,"href":"https:\/\/blog.caritas.barcelona\/es\/wp-json\/wp\/v2\/autor?post=7361"}],"curies":[{"name":"wp","href":"https:\/\/api.w.org\/{rel}","templated":true}]}}