{"id":7212,"date":"2018-10-11T11:10:54","date_gmt":"2018-10-11T09:10:54","guid":{"rendered":"https:\/\/blog.caritas.barcelona\/?p=7212"},"modified":"2019-01-21T16:06:40","modified_gmt":"2019-01-21T15:06:40","slug":"he-conseguido-el-trabajo-que-siempre-he-querido","status":"publish","type":"post","link":"https:\/\/blog.caritas.barcelona\/es\/formacion-e-insercion-laboral\/he-conseguido-el-trabajo-que-siempre-he-querido\/","title":{"rendered":"&#8220;He conseguido el trabajo que siempre he querido&#8221;"},"content":{"rendered":"<p>Hoy es un buen d\u00eda para Cinthia. La han hecho fija como enfermera, y lo ha conseguido gracias a su esfuerzo y al acompa\u00f1amiento del proyecto Feina amb Cor. Como ella, m\u00e1s de 3.500 personas ya han encontrado trabajo, y queremos compartir su testimonio de superaci\u00f3n personal<\/p>\n<figure id=\"attachment_7209\" aria-describedby=\"caption-attachment-7209\" style=\"width: 680px\" class=\"wp-caption aligncenter\"><img loading=\"lazy\" decoding=\"async\" class=\"size-full wp-image-7209\" src=\"https:\/\/blog.caritas.barcelona\/wp-content\/uploads\/sites\/2\/2018\/10\/20181004_ENTREVISTA_CINTHIA_FEINA_AMB_COR-4.jpg\" alt=\"Cinthia_feina_amb_cor_caritas_barcelona\" width=\"680\" height=\"453\" srcset=\"https:\/\/blog.caritas.barcelona\/wp-content\/uploads\/sites\/2\/2018\/10\/20181004_ENTREVISTA_CINTHIA_FEINA_AMB_COR-4.jpg 680w, https:\/\/blog.caritas.barcelona\/wp-content\/uploads\/sites\/2\/2018\/10\/20181004_ENTREVISTA_CINTHIA_FEINA_AMB_COR-4-300x200.jpg 300w, https:\/\/blog.caritas.barcelona\/wp-content\/uploads\/sites\/2\/2018\/10\/20181004_ENTREVISTA_CINTHIA_FEINA_AMB_COR-4-600x400.jpg 600w\" sizes=\"auto, (max-width: 680px) 100vw, 680px\" \/><figcaption id=\"caption-attachment-7209\" class=\"wp-caption-text\">Cinthia leyendo la Carta de Derechos Fundamentales de la Uni\u00f3n Europea \/ FOTO: Jordi Juli\u00e0<\/figcaption><\/figure>\n<p>Cinthia tiene 36 a\u00f1os y es licenciada en enfermer\u00eda. En 2005 lleg\u00f3 a Barcelona buscando nuevas oportunidades. Los inicios fueron complicados: no ten\u00eda regularizada su situaci\u00f3n, trabajaba en la econom\u00eda sumergida y compart\u00eda piso con cinco personas m\u00e1s. En esta situaci\u00f3n, Cinthia se hac\u00eda cargo de su hija sola, y decidi\u00f3 que ten\u00eda que mejorar sus expectativas laborales. &#8220;Si decid\u00ed criar a mi hija, era para responsabilizarme de ella y ofrecerle una vida mejor&#8221;, afirma convencida.<\/p>\n<p>Cinthia hab\u00eda ejercido de enfermera en Bolivia, y <strong>su deseo era trabajar de lo que hab\u00eda estudiado<\/strong>. Una vez regularizada su situaci\u00f3n, decidi\u00f3 dejar de hacer tareas de limpieza del hogar y encontrar un empleo como enfermera. A pesar de su empuje, Cinthia no sab\u00eda <a href=\"https:\/\/blog.caritas.barcelona\/es\/formacion-e-insercion-laboral\/encontrar-trabajo-por-donde-empezar\/\">c\u00f3mo empezar a buscar un nuevo trabajo<\/a>, y fue en este momento que una de las personas con las que compart\u00eda piso le recomend\u00f3 que fuera a C\u00e1ritas, que all\u00ed podr\u00edan ayudarla. As\u00ed es como en mayo de ese mismo a\u00f1o, Cinthia conoci\u00f3 <a href=\"https:\/\/caritas.barcelona\/es\/formacion-e-insercion-laboral\/feina-amb-cor\/\" target=\"_blank\" rel=\"noopener\">Feina amb Cor<\/a>, el proyecto de inserci\u00f3n laboral de C\u00e1ritas.<\/p>\n<p>En Feina amb Cor, Cinthia <strong>ha aprendido a elaborar un curr\u00edculum, conocer las herramientas para enviarlo a las empresas y captar la atenci\u00f3n de los responsables de Recursos Humanos<\/strong>. &#8220;Gracias a Dios, me encomendaron a Yala como asesora laboral. Ha tenido mucha paciencia conmigo y me ha orientado en todo el proceso para encontrar el trabajo donde estoy ahora&#8221;, indica. Desde Feina amb Cor, se trabaja para que las personas tengan una estabilidad laboral, y buena prueba de ello es que 8 de cada 10 personas que participan en el proyecto han trabajado m\u00e1s de dos meses y casi el 50% de las personas ha tenido un contrato de m\u00e1s de seis meses.<\/p>\n<p><strong>Todo esfuerzo tiene su recompensa<\/strong><\/p>\n<p>Despu\u00e9s de un buen trabajo en equipo y mucho esfuerzo, Cinthia <strong>recibi\u00f3 una oferta de trabajo de sustituci\u00f3n como enfermera<\/strong> para el cuidado de personas mayores y finalmente la han hecho fija. &#8220;Ma\u00f1ana empiezo a trabajar, estoy muy ilusionada&#8221;, nos cuenta.<\/p>\n<p>Gracias a la estabilidad que le ofrecer\u00e1 este nuevo trabajo, Cinthia est\u00e1 m\u00e1s tranquila. Dice que podr\u00e1 pagar algunas de las deudas que ten\u00eda pendientes y continuar ayudando a su familia que a\u00fan vive en Bolivia. &#8220;Antes no sab\u00eda ni colocar mi foto en el curr\u00edculum, y <strong>ahora estoy trabajando de lo que siempre he querido<\/strong>. Estoy muy contenta con Feina amb Cor, y hoy mismo he recomendado el proyecto a una amiga que busca trabajo&#8221;, nos cuenta.<\/p>\n<p>Al despedirnos, nos dice que a partir de ahora lo pondr\u00e1 todo de su parte para que el trabajo le vaya bien. &#8220;Subir a una hija sola es dif\u00edcil, pero continuar\u00e9 sac\u00e1ndola adelante como siempre he hecho. Soy perseverante &#8220;, concluye.<\/p>\n<p>&nbsp;<\/p>\n","protected":false},"excerpt":{"rendered":"<p>Hoy es un buen d\u00eda para Cinthia. La han hecho fija como enfermera, y lo ha conseguido gracias a su esfuerzo y al acompa\u00f1amiento del proyecto Feina amb Cor. Como ella, m\u00e1s de 3.500 personas ya han encontrado trabajo, y queremos compartir su testimonio de superaci\u00f3n personal Cinthia tiene 36 a\u00f1os y es licenciada en [&hellip;]<\/p>\n","protected":false},"author":4,"featured_media":7210,"comment_status":"open","ping_status":"open","sticky":false,"template":"","format":"standard","meta":{"footnotes":""},"categories":[27],"tags":[1446,124,828,1450],"autor":[1212],"class_list":["post-7212","post","type-post","status-publish","format-standard","has-post-thumbnail","hentry","category-formacion-e-insercion-laboral","tag-encontrar-trabajo","tag-feina-amb-cor","tag-insercion-laboral","tag-trobar-feina","autor-jordi-julia-es"],"aioseo_notices":[],"_links":{"self":[{"href":"https:\/\/blog.caritas.barcelona\/es\/wp-json\/wp\/v2\/posts\/7212","targetHints":{"allow":["GET"]}}],"collection":[{"href":"https:\/\/blog.caritas.barcelona\/es\/wp-json\/wp\/v2\/posts"}],"about":[{"href":"https:\/\/blog.caritas.barcelona\/es\/wp-json\/wp\/v2\/types\/post"}],"author":[{"embeddable":true,"href":"https:\/\/blog.caritas.barcelona\/es\/wp-json\/wp\/v2\/users\/4"}],"replies":[{"embeddable":true,"href":"https:\/\/blog.caritas.barcelona\/es\/wp-json\/wp\/v2\/comments?post=7212"}],"version-history":[{"count":2,"href":"https:\/\/blog.caritas.barcelona\/es\/wp-json\/wp\/v2\/posts\/7212\/revisions"}],"predecessor-version":[{"id":7593,"href":"https:\/\/blog.caritas.barcelona\/es\/wp-json\/wp\/v2\/posts\/7212\/revisions\/7593"}],"wp:featuredmedia":[{"embeddable":true,"href":"https:\/\/blog.caritas.barcelona\/es\/wp-json\/wp\/v2\/media\/7210"}],"wp:attachment":[{"href":"https:\/\/blog.caritas.barcelona\/es\/wp-json\/wp\/v2\/media?parent=7212"}],"wp:term":[{"taxonomy":"category","embeddable":true,"href":"https:\/\/blog.caritas.barcelona\/es\/wp-json\/wp\/v2\/categories?post=7212"},{"taxonomy":"post_tag","embeddable":true,"href":"https:\/\/blog.caritas.barcelona\/es\/wp-json\/wp\/v2\/tags?post=7212"},{"taxonomy":"autor","embeddable":true,"href":"https:\/\/blog.caritas.barcelona\/es\/wp-json\/wp\/v2\/autor?post=7212"}],"curies":[{"name":"wp","href":"https:\/\/api.w.org\/{rel}","templated":true}]}}