{"id":7198,"date":"2018-10-05T08:49:46","date_gmt":"2018-10-05T06:49:46","guid":{"rendered":"https:\/\/blog.caritas.barcelona\/?p=7198"},"modified":"2023-08-15T14:19:01","modified_gmt":"2023-08-15T12:19:01","slug":"ven-al-concierto-de-gospel-mas-grande-y-solidario-de-la-historia","status":"publish","type":"post","link":"https:\/\/blog.caritas.barcelona\/es\/institucional-es\/ven-al-concierto-de-gospel-mas-grande-y-solidario-de-la-historia\/","title":{"rendered":"\u00a1Ven al concierto de Gospel m\u00e1s grande y solidario de la historia!"},"content":{"rendered":"<p>M\u00e1s de 600 voces llenar\u00e1n, el pr\u00f3ximo 16 de noviembre, el Auditorio del F\u00f3rum por una buena causa: cantar a favor del programa sin hogar y vivienda de C\u00e1ritas<\/p>\n<p><img loading=\"lazy\" decoding=\"async\" class=\"alignleft wp-image-7199 \" src=\"https:\/\/blog.caritas.barcelona\/wp-content\/uploads\/sites\/2\/2018\/10\/20181116-Concert-gospel-e1539067724849.jpg\" alt=\"gospelfest-concert-solidari-caritas-barcelona\" width=\"360\" height=\"514\" \/><\/p>\n<p><a href=\"https:\/\/gospelfestchoir.org\/\" target=\"_blank\" rel=\"noopener\">GospelFest \u00a0<\/a>es el concierto de gospel m\u00e1s grande y solidario de la historia de nuestro pa\u00eds.<\/p>\n<p>Con m\u00e1s de 600 cantantes en el escenario y con la interpretaci\u00f3n de m\u00e1s de 1.000 personas en el tema cantado con el p\u00fablico, te invitamos a que lleves a tu familia, amigos y conocidos porque&#8230;<\/p>\n<h3>Vivir\u00e1s un concierto\u2026<\/h3>\n<p><strong>Solidario<\/strong>, ya que el precio de las entradas (12 \u20ac) se destinar\u00e1 al programa sin hogar y vivienda de C\u00e1ritas Barcelona.<\/p>\n<p>Actualmente, m\u00e1s de 1.000 personas duermen cada noche en las calles de Barcelona. Ofrecerles una nueva oportunidad es posible gracias a la ayuda desinteresada de toda la ciudadan\u00eda. Por ello, el dinero que se recaude en GospelFest ir\u00e1 destinado \u00edntegramente a nuestro programa sin hogar y vivienda para ayudar a estas personas que no disponen de un hogar digno y seguro.<\/p>\n<p><strong>Participativo<\/strong>, porque 600 cantantes de diferentes coros han decidido sumar sus voces de forma desinteresada para esta causa.<\/p>\n<p>Y con cuatro de los mejores directores de gospel del pa\u00eds: <strong>Jordi Cardona, Ram\u00f3n Escal\u00e9, Anna Roqu\u00e9 y Mois\u00e8s Sala<\/strong>, que se han unido para celebrar este gran concierto por la solidaridad.<br \/>\nLos 600 cantores, los directores y los m\u00fasicos ya est\u00e1n preparados pero&#8230; \u00a1faltas t\u00fa para que esta sea la gran fiesta de la solidaridad y el Gospel!<\/p>\n<p>Asistir\u00e1s a un concierto extraordinario, deber\u00e1s bailar y dar palmas&#8230; y podr\u00e1s cantar el tema participativo: Down by the riverside. <a href=\"https:\/\/gospelfestchoir.org\/venir-de-public\" target=\"_blank\" rel=\"noopener\">Aqu\u00ed encontrar\u00e1s la letra y la partitura<\/a> por si quieres empezar a practicar.<\/p>\n<p>&nbsp;<\/p>\n<p><strong>\u00bfC\u00f3mo colaborar?<\/strong><\/p>\n<p>Puedes comprar las entradas, participar en la fila cero o hacer un donativo. No es lo m\u00e1s importante, pero est\u00e1 bien que sepas que todas las aportaciones econ\u00f3micas tendr\u00e1n derecho a deducci\u00f3n en el impuesto de la renta de las personas f\u00edsicas o al impuesto de sociedades.<\/p>\n<ul>\n<li>Comprar entradas (entradas NO numeradas, porque se ve bien desde todas las zonas) y fila Zero<br \/>\nLa fila cero es una cuenta corriente que permite efectuar donaciones econ\u00f3micas que complementen la recaudaci\u00f3n realizada a trav\u00e9s de la venta de entradas al concierto. Esta fila cero est\u00e1 disponible tanto a nivel individual como corporativo.<br \/>\nSi eres una entidad y haces una aportaci\u00f3n que supere los 600 \u20ac pasar\u00e1s a ser entidad colaboradora del evento y como tal aparecer\u00e1s en los materiales de difusi\u00f3n, siempre y cuando hagas la aportaci\u00f3n antes del 5 de noviembre.<\/li>\n<li>Transferencia de un donativo a C\u00e1ritas Diocesana de Barcelona: ES85 2100 0965 5002 0011 0175<\/li>\n<\/ul>\n","protected":false},"excerpt":{"rendered":"<p>M\u00e1s de 600 voces llenar\u00e1n, el pr\u00f3ximo 16 de noviembre, el Auditorio del F\u00f3rum por una buena causa: cantar a favor del programa sin hogar y vivienda de C\u00e1ritas GospelFest \u00a0es el concierto de gospel m\u00e1s grande y solidario de la historia de nuestro pa\u00eds. Con m\u00e1s de 600 cantantes en el escenario y con [&hellip;]<\/p>\n","protected":false},"author":4,"featured_media":7195,"comment_status":"closed","ping_status":"closed","sticky":false,"template":"","format":"standard","meta":{"footnotes":""},"categories":[21],"tags":[1264,2143,1013],"autor":[36],"class_list":["post-7198","post","type-post","status-publish","format-standard","has-post-thumbnail","hentry","category-institucional-es","tag-concierto-solidario","tag-gospelfest-es","tag-solidaridad","autor-caritas-diocesana-de-barcelona-es"],"aioseo_notices":[],"_links":{"self":[{"href":"https:\/\/blog.caritas.barcelona\/es\/wp-json\/wp\/v2\/posts\/7198","targetHints":{"allow":["GET"]}}],"collection":[{"href":"https:\/\/blog.caritas.barcelona\/es\/wp-json\/wp\/v2\/posts"}],"about":[{"href":"https:\/\/blog.caritas.barcelona\/es\/wp-json\/wp\/v2\/types\/post"}],"author":[{"embeddable":true,"href":"https:\/\/blog.caritas.barcelona\/es\/wp-json\/wp\/v2\/users\/4"}],"replies":[{"embeddable":true,"href":"https:\/\/blog.caritas.barcelona\/es\/wp-json\/wp\/v2\/comments?post=7198"}],"version-history":[{"count":6,"href":"https:\/\/blog.caritas.barcelona\/es\/wp-json\/wp\/v2\/posts\/7198\/revisions"}],"predecessor-version":[{"id":13116,"href":"https:\/\/blog.caritas.barcelona\/es\/wp-json\/wp\/v2\/posts\/7198\/revisions\/13116"}],"wp:featuredmedia":[{"embeddable":true,"href":"https:\/\/blog.caritas.barcelona\/es\/wp-json\/wp\/v2\/media\/7195"}],"wp:attachment":[{"href":"https:\/\/blog.caritas.barcelona\/es\/wp-json\/wp\/v2\/media?parent=7198"}],"wp:term":[{"taxonomy":"category","embeddable":true,"href":"https:\/\/blog.caritas.barcelona\/es\/wp-json\/wp\/v2\/categories?post=7198"},{"taxonomy":"post_tag","embeddable":true,"href":"https:\/\/blog.caritas.barcelona\/es\/wp-json\/wp\/v2\/tags?post=7198"},{"taxonomy":"autor","embeddable":true,"href":"https:\/\/blog.caritas.barcelona\/es\/wp-json\/wp\/v2\/autor?post=7198"}],"curies":[{"name":"wp","href":"https:\/\/api.w.org\/{rel}","templated":true}]}}