{"id":7190,"date":"2018-10-09T14:12:20","date_gmt":"2018-10-09T12:12:20","guid":{"rendered":"https:\/\/blog.caritas.barcelona\/?p=7190"},"modified":"2019-01-21T16:07:39","modified_gmt":"2019-01-21T15:07:39","slug":"encontrar-trabajo-por-donde-empezar","status":"publish","type":"post","link":"https:\/\/blog.caritas.barcelona\/es\/formacion-e-insercion-laboral\/encontrar-trabajo-por-donde-empezar\/","title":{"rendered":"Encontrar trabajo\u2026 \u00bfpor d\u00f3nde empezar?"},"content":{"rendered":"<p>10 pasos para encarar la b\u00fasqueda de empleo con confianza y mantener la motivaci\u00f3n<\/p>\n<p><img loading=\"lazy\" decoding=\"async\" class=\"size-full wp-image-7186 aligncenter\" src=\"https:\/\/blog.caritas.barcelona\/wp-content\/uploads\/sites\/2\/2018\/10\/20181002_FEINA_AMB_COR-56.jpg\" alt=\"trobar_una_feina_feina_amb_cor_caritas\" width=\"680\" height=\"453\" srcset=\"https:\/\/blog.caritas.barcelona\/wp-content\/uploads\/sites\/2\/2018\/10\/20181002_FEINA_AMB_COR-56.jpg 680w, https:\/\/blog.caritas.barcelona\/wp-content\/uploads\/sites\/2\/2018\/10\/20181002_FEINA_AMB_COR-56-300x200.jpg 300w, https:\/\/blog.caritas.barcelona\/wp-content\/uploads\/sites\/2\/2018\/10\/20181002_FEINA_AMB_COR-56-600x400.jpg 600w\" sizes=\"auto, (max-width: 680px) 100vw, 680px\" \/><\/p>\n<ol>\n<li><strong>Tener actitud positiva<\/strong><br \/>\nEste es el punto de partida para iniciar la b\u00fasqueda de empleo. Mantener una actitud positiva es fundamental durante el periodo de b\u00fasqueda de empleo.<\/li>\n<li><strong>Tener conocimientos sobre el mercado laboral<\/strong><br \/>\nEs importante conocer el mercado de trabajo y ser capaz de detectar oportunidades laborales.<\/li>\n<li><strong>Conocer las habilidades individuales<\/strong><br \/>\nEl autoconocimiento es imprescindible para detectar virtudes, fortalezas y aspectos de posible mejora, que demuestren la val\u00eda del candidato. Es importante saber el valor que se puede aportar a la empresa.<\/li>\n<li><strong>Elaborar un curr\u00edculum adecuado a cada oferta<\/strong><br \/>\nDise\u00f1ar el curr\u00edculum para seducir al empleador es un aspecto para lograr la entrevista. El candidato debe saber llamar su atenci\u00f3n y despertar la curiosidad. Un mismo CV no vale para todas las ofertas de empleo. Adaptar el CV a cada proceso de selecci\u00f3n, que no sea demasiado extenso y que est\u00e9 debidamente actualizado. Adem\u00e1s, el candidato solo debe optar a aquellas ofertas en las que cumpla con los requisitos.<\/li>\n<li><strong>Conocer los distintos canales de b\u00fasqueda de empleo<\/strong><br \/>\nEn un entorno cambiante, s\u00faper conectado y muy digitalizado, los candidatos deben estar bien informados para saber d\u00f3nde y cu\u00e1ndo hay ofertas de empleo que puedan resultar interesantes. Deben conocer los distintos canales de b\u00fasqueda de empleo, y elegir el que m\u00e1s convenga en cada momento: aplicaciones, portales de empleo, redes sociales, auto candidaturas presenciales y contactos, entre otros.<\/li>\n<li><strong>Gestionar el tiempo y fijar un objetivo<\/strong><br \/>\nPlanificarse, gestionar el tiempo y fijar un objetivo realista har\u00e1 al candidato m\u00e1s eficaz. Es necesario marcar objetivos alcanzables y programar los pasos para llegar a la meta.<\/li>\n<li><strong>Preparar las entrevistas de trabajo<\/strong><br \/>\nAfrontar una entrevista de trabajo con seguridad, conocer al entrevistador, saber expresarse y transmitir el mensaje sobre lo que se puede aportar a la empresa de manera clara y concisa, as\u00ed como una buena comunicaci\u00f3n no verbal, son factores fundamentales para superar una entrevista laboral con \u00e9xito.<\/li>\n<li><strong>Cuidar la imagen personal y digital<\/strong><br \/>\nEs necesario cuidar la imagen y mostrar un perfil profesional. El trabajo puede surgir en cualquier momento. Cuanta m\u00e1s gente conozca que una persona est\u00e1 buscando empleo, mayores ser\u00e1n las posibilidades de que piensen en ella cuando haya una vacante.<\/li>\n<li><strong>Buscar asesoramiento<\/strong><br \/>\nEs muy importante contar con una figura de referencia, un asesor para la b\u00fasqueda de empleo que acompa\u00f1ar\u00e1 al candidato a lo largo del proceso de b\u00fasqueda de empleo. En el momento en el que los candidatos entran en el proyecto de inserci\u00f3n laboral de C\u00e1ritas, <a href=\"https:\/\/caritas.barcelona\/es\/formacion-e-insercion-laboral\/feina-amb-cor\/\" target=\"_blank\" rel=\"noopener\">Feina amb Cor<\/a>, ya no est\u00e1n solos, el equipo de profesionales trabaja por un mismo objetivo: lograr que encuentre un empleo.<\/li>\n<li><strong>Mantener la motivaci\u00f3n<\/strong><br \/>\nEn una entrevista de trabajo, el candidato comunica m\u00e1s aspectos de los que es consciente. La seguridad, la actitud positiva y el optimismo son algunos de ellos. Encontrar trabajo es un trabajo en s\u00ed mismo, y es necesaria paciencia, tiempo, convicci\u00f3n y una buena dosis de autoconfianza.<\/li>\n<\/ol>\n<p>&nbsp;<\/p>\n<p><strong>Si est\u00e1s buscando trabajo o conoces a alguien que lo busque, dale el contacto de Feina amb Cor. Puede llamar al 93 117 08 11 o enviar un correo electr\u00f3nico a <a href=\"mailto:feinaambcor@caritas.barcelona\">feinaambcor@caritas.barcelona<\/a>. \u00a1Te ayudamos a encontrar trabajo!<\/strong><\/p>\n<p>&nbsp;<\/p>\n","protected":false},"excerpt":{"rendered":"<p>10 pasos para encarar la b\u00fasqueda de empleo con confianza y mantener la motivaci\u00f3n Tener actitud positiva Este es el punto de partida para iniciar la b\u00fasqueda de empleo. Mantener una actitud positiva es fundamental durante el periodo de b\u00fasqueda de empleo. Tener conocimientos sobre el mercado laboral Es importante conocer el mercado de trabajo [&hellip;]<\/p>\n","protected":false},"author":4,"featured_media":7187,"comment_status":"open","ping_status":"open","sticky":false,"template":"","format":"standard","meta":{"footnotes":""},"categories":[27],"tags":[1446,124,1450],"autor":[1445],"class_list":["post-7190","post","type-post","status-publish","format-standard","has-post-thumbnail","hentry","category-formacion-e-insercion-laboral","tag-encontrar-trabajo","tag-feina-amb-cor","tag-trobar-feina","autor-montserrat-roger-es"],"aioseo_notices":[],"_links":{"self":[{"href":"https:\/\/blog.caritas.barcelona\/es\/wp-json\/wp\/v2\/posts\/7190","targetHints":{"allow":["GET"]}}],"collection":[{"href":"https:\/\/blog.caritas.barcelona\/es\/wp-json\/wp\/v2\/posts"}],"about":[{"href":"https:\/\/blog.caritas.barcelona\/es\/wp-json\/wp\/v2\/types\/post"}],"author":[{"embeddable":true,"href":"https:\/\/blog.caritas.barcelona\/es\/wp-json\/wp\/v2\/users\/4"}],"replies":[{"embeddable":true,"href":"https:\/\/blog.caritas.barcelona\/es\/wp-json\/wp\/v2\/comments?post=7190"}],"version-history":[{"count":2,"href":"https:\/\/blog.caritas.barcelona\/es\/wp-json\/wp\/v2\/posts\/7190\/revisions"}],"predecessor-version":[{"id":7595,"href":"https:\/\/blog.caritas.barcelona\/es\/wp-json\/wp\/v2\/posts\/7190\/revisions\/7595"}],"wp:featuredmedia":[{"embeddable":true,"href":"https:\/\/blog.caritas.barcelona\/es\/wp-json\/wp\/v2\/media\/7187"}],"wp:attachment":[{"href":"https:\/\/blog.caritas.barcelona\/es\/wp-json\/wp\/v2\/media?parent=7190"}],"wp:term":[{"taxonomy":"category","embeddable":true,"href":"https:\/\/blog.caritas.barcelona\/es\/wp-json\/wp\/v2\/categories?post=7190"},{"taxonomy":"post_tag","embeddable":true,"href":"https:\/\/blog.caritas.barcelona\/es\/wp-json\/wp\/v2\/tags?post=7190"},{"taxonomy":"autor","embeddable":true,"href":"https:\/\/blog.caritas.barcelona\/es\/wp-json\/wp\/v2\/autor?post=7190"}],"curies":[{"name":"wp","href":"https:\/\/api.w.org\/{rel}","templated":true}]}}