{"id":7160,"date":"2018-10-02T09:51:53","date_gmt":"2018-10-02T07:51:53","guid":{"rendered":"https:\/\/blog.caritas.barcelona\/?p=7160"},"modified":"2018-10-02T09:52:38","modified_gmt":"2018-10-02T07:52:38","slug":"conoces-a-alguien-que-este-en-paro-y-quiera-trabajar","status":"publish","type":"post","link":"https:\/\/blog.caritas.barcelona\/es\/formacion-e-insercion-laboral\/conoces-a-alguien-que-este-en-paro-y-quiera-trabajar\/","title":{"rendered":"\u00bfConoces a alguien que est\u00e9 en paro y quiera trabajar?"},"content":{"rendered":"<p>3.500 personas ya han encontrado trabajo gracias al proyecto de inserci\u00f3n laboral de C\u00e1ritas, Feina amb Cor<\/p>\n<p>\u00bfSabes si tu curr\u00edculum es atractivo para los departamentos de RRHH? \u00bfLo has enviado pero nadie te ha dado se\u00f1ales de vida? \u00bfCrees que puedes aportar mucho a nivel profesional pero ninguna empresa te da la oportunidad de demostrarlo? En C\u00e1ritas, te podemos acompa\u00f1ar en tu proceso de b\u00fasqueda de trabajo.<\/p>\n<p><iframe loading=\"lazy\" title=\"Coneixes alg\u00fa que estigui a l\u2019atur i vulgui treballar?\" width=\"500\" height=\"281\" src=\"https:\/\/www.youtube.com\/embed\/WxrxSPVBVvo?feature=oembed\" frameborder=\"0\" allow=\"accelerometer; autoplay; clipboard-write; encrypted-media; gyroscope; picture-in-picture; web-share\" referrerpolicy=\"strict-origin-when-cross-origin\" allowfullscreen><\/iframe><\/p>\n<p><a href=\"https:\/\/caritas.barcelona\/es\/formacion-e-insercion-laboral\/feina-amb-cor\/\" target=\"_blank\" rel=\"noopener\">Feina amb Cor<\/a>, el proyecto de inserci\u00f3n laboral, da las claves b\u00e1sicas para que una persona pueda <strong>reincorporarse de nuevo al mercado laboral, independientemente de su edad o del tiempo que lleve en paro<\/strong>. Durante el tiempo que la persona es acompa\u00f1ada en la b\u00fasqueda de trabajo, se realizan formaciones espec\u00edficas sobre c\u00f3mo mejorar el curr\u00edculum o c\u00f3mo utilizar LinkedIn y pr\u00e1cticas, con t\u00e9cnicos de RRHH, sobre c\u00f3mo afrontar una entrevista de trabajo. As\u00ed, los participantes van tomando impulso y se sienten m\u00e1s c\u00f3modos en los procesos de selecci\u00f3n. Es as\u00ed como <strong>3.500 personas que han pasado por el proyecto han encontrado trabajo<\/strong>.<\/p>\n<p>Feina amb Cor, adem\u00e1s, tiene contacto con numerosas empresas que regularmente buscan profesionales de diferentes \u00e1mbitos. Estas entidades piden, constantemente, varios perfiles para contratar. Hay muchas empresas, por tanto, que est\u00e1n deseando encontrar a la persona adecuada. Y nosotros queremos seguir insertando, cada vez, a m\u00e1s personas. Y t\u00fa, \u00bfquieres ser la persona 3.501 que encuentre trabajo?<\/p>\n<p>Si est\u00e1s interesado\/a, puedes contactar directamente con <strong>Feina amb Cor llamando al 93 117 08 11 o escribiendo a feinaambcor@caritas.barcelona<\/strong>. Y si conoces a alguien que est\u00e9 en paro y quiera encontrar trabajo, comparte esta noticia con \u00e9l\/ella. \u00a1Os esperamos!<\/p>\n<p>&nbsp;<\/p>\n<p><a href=\"https:\/\/caritas.barcelona\/es\/haz-un-donativo\/\"><img loading=\"lazy\" decoding=\"async\" class=\"size-full wp-image-7024 aligncenter\" src=\"https:\/\/blog.caritas.barcelona\/wp-content\/uploads\/sites\/2\/2018\/07\/banner_800_insercio_cas.jpg\" alt=\"haz-un-donativo-formacion-insercion-laboral-caritas\" width=\"799\" height=\"122\" srcset=\"https:\/\/blog.caritas.barcelona\/wp-content\/uploads\/sites\/2\/2018\/07\/banner_800_insercio_cas.jpg 799w, https:\/\/blog.caritas.barcelona\/wp-content\/uploads\/sites\/2\/2018\/07\/banner_800_insercio_cas-300x46.jpg 300w, https:\/\/blog.caritas.barcelona\/wp-content\/uploads\/sites\/2\/2018\/07\/banner_800_insercio_cas-768x117.jpg 768w, https:\/\/blog.caritas.barcelona\/wp-content\/uploads\/sites\/2\/2018\/07\/banner_800_insercio_cas-600x92.jpg 600w\" sizes=\"auto, (max-width: 799px) 100vw, 799px\" \/><\/a><\/p>\n","protected":false},"excerpt":{"rendered":"<p>3.500 personas ya han encontrado trabajo gracias al proyecto de inserci\u00f3n laboral de C\u00e1ritas, Feina amb Cor \u00bfSabes si tu curr\u00edculum es atractivo para los departamentos de RRHH? \u00bfLo has enviado pero nadie te ha dado se\u00f1ales de vida? \u00bfCrees que puedes aportar mucho a nivel profesional pero ninguna empresa te da la oportunidad de [&hellip;]<\/p>\n","protected":false},"author":4,"featured_media":7153,"comment_status":"open","ping_status":"open","sticky":false,"template":"","format":"standard","meta":{"footnotes":""},"categories":[27],"tags":[1446,124,828,1450],"autor":[1186],"class_list":["post-7160","post","type-post","status-publish","format-standard","has-post-thumbnail","hentry","category-formacion-e-insercion-laboral","tag-encontrar-trabajo","tag-feina-amb-cor","tag-insercion-laboral","tag-trobar-feina","autor-itziar-bravo-es"],"aioseo_notices":[],"_links":{"self":[{"href":"https:\/\/blog.caritas.barcelona\/es\/wp-json\/wp\/v2\/posts\/7160","targetHints":{"allow":["GET"]}}],"collection":[{"href":"https:\/\/blog.caritas.barcelona\/es\/wp-json\/wp\/v2\/posts"}],"about":[{"href":"https:\/\/blog.caritas.barcelona\/es\/wp-json\/wp\/v2\/types\/post"}],"author":[{"embeddable":true,"href":"https:\/\/blog.caritas.barcelona\/es\/wp-json\/wp\/v2\/users\/4"}],"replies":[{"embeddable":true,"href":"https:\/\/blog.caritas.barcelona\/es\/wp-json\/wp\/v2\/comments?post=7160"}],"version-history":[{"count":1,"href":"https:\/\/blog.caritas.barcelona\/es\/wp-json\/wp\/v2\/posts\/7160\/revisions"}],"predecessor-version":[{"id":7161,"href":"https:\/\/blog.caritas.barcelona\/es\/wp-json\/wp\/v2\/posts\/7160\/revisions\/7161"}],"wp:featuredmedia":[{"embeddable":true,"href":"https:\/\/blog.caritas.barcelona\/es\/wp-json\/wp\/v2\/media\/7153"}],"wp:attachment":[{"href":"https:\/\/blog.caritas.barcelona\/es\/wp-json\/wp\/v2\/media?parent=7160"}],"wp:term":[{"taxonomy":"category","embeddable":true,"href":"https:\/\/blog.caritas.barcelona\/es\/wp-json\/wp\/v2\/categories?post=7160"},{"taxonomy":"post_tag","embeddable":true,"href":"https:\/\/blog.caritas.barcelona\/es\/wp-json\/wp\/v2\/tags?post=7160"},{"taxonomy":"autor","embeddable":true,"href":"https:\/\/blog.caritas.barcelona\/es\/wp-json\/wp\/v2\/autor?post=7160"}],"curies":[{"name":"wp","href":"https:\/\/api.w.org\/{rel}","templated":true}]}}