{"id":7064,"date":"2018-08-09T13:20:42","date_gmt":"2018-08-09T11:20:42","guid":{"rendered":"https:\/\/blog.caritas.barcelona\/?p=7064"},"modified":"2019-01-21T17:46:45","modified_gmt":"2019-01-21T16:46:45","slug":"el-ultimo-sabado-en-familia","status":"publish","type":"post","link":"https:\/\/blog.caritas.barcelona\/es\/personas-mayores\/el-ultimo-sabado-en-familia\/","title":{"rendered":"Un \u00faltimo s\u00e1bado en familia"},"content":{"rendered":"<p>13 voluntarios visitan tres residencias, cada 15 d\u00edas, para amenizar las ma\u00f1anas de las personas mayores<\/p>\n<p><img loading=\"lazy\" decoding=\"async\" class=\"size-full wp-image-7061 aligncenter\" src=\"https:\/\/blog.caritas.barcelona\/wp-content\/uploads\/sites\/2\/2018\/08\/geda_voluntaris_gent_gran_Caritas_barcelona.jpg\" alt=\"geda_voluntaris_gent_gran_Caritas_barcelona\" width=\"678\" height=\"508\" srcset=\"https:\/\/blog.caritas.barcelona\/wp-content\/uploads\/sites\/2\/2018\/08\/geda_voluntaris_gent_gran_Caritas_barcelona.jpg 678w, https:\/\/blog.caritas.barcelona\/wp-content\/uploads\/sites\/2\/2018\/08\/geda_voluntaris_gent_gran_Caritas_barcelona-300x225.jpg 300w, https:\/\/blog.caritas.barcelona\/wp-content\/uploads\/sites\/2\/2018\/08\/geda_voluntaris_gent_gran_Caritas_barcelona-600x450.jpg 600w\" sizes=\"auto, (max-width: 678px) 100vw, 678px\" \/><\/p>\n<p>Es s\u00e1bado, son las 11 de la ma\u00f1ana y hace mucho calor. Sin embargo, estamos ante la residencia Nogu\u00e9s, con Sandra y Pau. Llega tambi\u00e9n Josep Maria con su mujer y sus dos hijos, Jan de 3 a\u00f1os y Milena de 9 meses, y la guitarra en la espalda. Tambi\u00e9n llega Judit, Antonio y m\u00e1s tarde David con su hija Sira que hoy ten\u00eda mucho sue\u00f1o y le ha costado levantarse. Todos ellos son voluntarios. <strong>Entramos en la residencia y subimos al primer piso<\/strong>: unas 22 personas mayores est\u00e1n en el comedor. Unos est\u00e1n adormecidos, otros miran la tele, y algunos otros tienen la mirada perdida de la demencia.<\/p>\n<p>Unos cuantos voluntarios empezamos a saludar a todas las personas de la sala una por una. Mientras, Josep Mar\u00eda desenfunda la guitarra, saca el atrio y los cancioneros y se prepara para animar el ambiente. <strong>Empezamos a cantar y las caras de los presentes comienzan a cambiar<\/strong>. Parece que las canciones les traen recuerdos y las cantan todas: coplas, canciones de verano de los a\u00f1os 60, canciones de tuna, habaneras&#8230; De vez en cuando, Pau hace juegos de malabares. \u00a1Qu\u00e9 habilidad! Maria Lluisa, la cuidadora de la residencia, va repartiendo agua y zumos. Algunos quieren dar palmas y el vaso les molesta&#8230; y cuando termina la ronda va levantando a algunos de ellos para llevarlos al ba\u00f1o, siempre con una sonrisa y diciendo alguna palabra amable. Incluso con los que pueden, \u00a1se anima a hacer alg\u00fan paso de baile! <strong>La verdad es que nunca agradeceremos bastante a los cuidadores de personas mayores el trabajo que hacen, aunque sea uno de los convenios m\u00e1s mal pagados del sector<\/strong>.<\/p>\n<p>Han pasado dos horas, las sonrisas, el picar de manos, las carreras de Jan, Sira y las risas de la Milena han llenado el comedor. <strong>Entre cantar todos juntos, los juegos de malabares y el trabajo de mirar a los peque\u00f1os se les ha pasado el tiempo volando<\/strong>. Hoy el grupo GEDA de voluntarios a residencias se despide hasta septiembre.<\/p>\n<p><strong>\u00bfQu\u00e9 es el proyecto GEDA?<\/strong><\/p>\n<p>El <a href=\"https:\/\/caritas.barcelona\/es\/personas-mayores\/geda\/\" target=\"_blank\" rel=\"noopener\">proyecto GEDA<\/a> -cuyas siglas significan Grupo de Estimulaci\u00f3n y Dinamizaci\u00f3n de ancianos- permite establecer v\u00ednculos de relaciones intergeneracionales entre personas mayores y j\u00f3venes que quieren compartir tiempo y afecto.<\/p>\n<p>Cada 15 d\u00edas, los voluntarios de este proyecto repiten esta actividad en tres residencias. En total, son un grupo de 13 voluntarios y amigos que lo hacen desde hace muchos a\u00f1os. Gracias voluntarios por vuestra disponibilidad y alegr\u00eda, gracias a cada uno de vosotros, y gracias en nombre de las personas mayores a las que llen\u00e1is de alegr\u00eda unas horas los s\u00e1bados por la ma\u00f1ana.<\/p>\n<p>&nbsp;<\/p>\n","protected":false},"excerpt":{"rendered":"<p>13 voluntarios visitan tres residencias, cada 15 d\u00edas, para amenizar las ma\u00f1anas de las personas mayores Es s\u00e1bado, son las 11 de la ma\u00f1ana y hace mucho calor. Sin embargo, estamos ante la residencia Nogu\u00e9s, con Sandra y Pau. Llega tambi\u00e9n Josep Maria con su mujer y sus dos hijos, Jan de 3 a\u00f1os y [&hellip;]<\/p>\n","protected":false},"author":4,"featured_media":7062,"comment_status":"open","ping_status":"open","sticky":false,"template":"","format":"standard","meta":{"footnotes":""},"categories":[26],"tags":[1659,891,1660],"autor":[1657],"class_list":["post-7064","post","type-post","status-publish","format-standard","has-post-thumbnail","hentry","category-personas-mayores","tag-geda","tag-personas-mayores","tag-residencias","autor-carme-gargallo-es"],"aioseo_notices":[],"_links":{"self":[{"href":"https:\/\/blog.caritas.barcelona\/es\/wp-json\/wp\/v2\/posts\/7064","targetHints":{"allow":["GET"]}}],"collection":[{"href":"https:\/\/blog.caritas.barcelona\/es\/wp-json\/wp\/v2\/posts"}],"about":[{"href":"https:\/\/blog.caritas.barcelona\/es\/wp-json\/wp\/v2\/types\/post"}],"author":[{"embeddable":true,"href":"https:\/\/blog.caritas.barcelona\/es\/wp-json\/wp\/v2\/users\/4"}],"replies":[{"embeddable":true,"href":"https:\/\/blog.caritas.barcelona\/es\/wp-json\/wp\/v2\/comments?post=7064"}],"version-history":[{"count":3,"href":"https:\/\/blog.caritas.barcelona\/es\/wp-json\/wp\/v2\/posts\/7064\/revisions"}],"predecessor-version":[{"id":7610,"href":"https:\/\/blog.caritas.barcelona\/es\/wp-json\/wp\/v2\/posts\/7064\/revisions\/7610"}],"wp:featuredmedia":[{"embeddable":true,"href":"https:\/\/blog.caritas.barcelona\/es\/wp-json\/wp\/v2\/media\/7062"}],"wp:attachment":[{"href":"https:\/\/blog.caritas.barcelona\/es\/wp-json\/wp\/v2\/media?parent=7064"}],"wp:term":[{"taxonomy":"category","embeddable":true,"href":"https:\/\/blog.caritas.barcelona\/es\/wp-json\/wp\/v2\/categories?post=7064"},{"taxonomy":"post_tag","embeddable":true,"href":"https:\/\/blog.caritas.barcelona\/es\/wp-json\/wp\/v2\/tags?post=7064"},{"taxonomy":"autor","embeddable":true,"href":"https:\/\/blog.caritas.barcelona\/es\/wp-json\/wp\/v2\/autor?post=7064"}],"curies":[{"name":"wp","href":"https:\/\/api.w.org\/{rel}","templated":true}]}}