{"id":6981,"date":"2018-07-18T14:18:50","date_gmt":"2018-07-18T12:18:50","guid":{"rendered":"https:\/\/blog.caritas.barcelona\/?p=6981"},"modified":"2019-01-21T17:47:15","modified_gmt":"2019-01-21T16:47:15","slug":"unas-vacaciones-que-dan-vida","status":"publish","type":"post","link":"https:\/\/blog.caritas.barcelona\/es\/personas-mayores\/unas-vacaciones-que-dan-vida\/","title":{"rendered":"Unas vacaciones que dan vida"},"content":{"rendered":"<p>Durante los meses de junio y julio, las personas mayores que acogemos desde C\u00e1ritas disfrutan de unas merecidas vacaciones en la casa de espiritualidad Claret de Vic. M\u00e1s de sesenta personas mayores de 65 a\u00f1os pueden asistir gracias al trabajo de los voluntarios y voluntarias que trabajar para que puedan pasarlo en grande<\/p>\n<p><img loading=\"lazy\" decoding=\"async\" class=\"alignnone size-large wp-image-6973\" src=\"https:\/\/blog.caritas.barcelona\/wp-content\/uploads\/sites\/2\/2018\/07\/20180706_VACANCES_GENT_GRAN_VIC-39-1024x683.jpg\" alt=\"\" width=\"1024\" height=\"683\" \/><\/p>\n<p>Son las diez de la ma\u00f1ana y el sol empieza a pegar fuerte. Sin embargo, los abuelos y abuelas de C\u00e1ritas Diocesana de Barcelona ya est\u00e1n en plena actividad, y despu\u00e9s de desayunar comienzan las actividades. Llegamos al patio de la casa de espiritualidad Claret de Vic, donde encontramos a Julia, Almudena, Isabel y Amelia jugando al domin\u00f3. Mientras Julia escoge qu\u00e9 ficha colocar\u00e1, nos cuenta que hace nueve a\u00f1os que asiste a las vacaciones de la gente mayor. <strong>&#8220;Mi marido muri\u00f3 hace tres a\u00f1os, y estas vacaciones me ayudan a pasar el rato y estar acompa\u00f1ada&#8221;<\/strong>, dice Julia. Las cuatro afirman que participar en estas vacaciones las hace felices, y valoran mucho el trabajo de voluntarios y voluntarias.<\/p>\n<p>Al preguntarles sobre las actividades, Amelia indica que hacen muchas, pero destaca la visita a la plaza de Vic y la obra de teatro organizada por el equipo de voluntariado. <strong>&#8220;El que haya inventado estas vacaciones debe saber que nos dan vida&#8221;<\/strong>, dice la Almudena.<\/p>\n<p>Dejamos a las cuatro abuelas jugando al domin\u00f3 y hablamos con Mar\u00eda. Admite que cuando participa en estas vacaciones avisa a la familia y dice que no la llamen. &#8220;Cuando recibo alguna llamada les digo: no me llam\u00e9is, estoy de vacaciones&#8221;, dice sonriendo.<\/p>\n<p><img loading=\"lazy\" decoding=\"async\" class=\"alignnone size-large wp-image-6975\" src=\"https:\/\/blog.caritas.barcelona\/wp-content\/uploads\/sites\/2\/2018\/07\/20180706_VACANCES_GENT_GRAN_VIC-63-1024x683.jpg\" alt=\"\" width=\"1024\" height=\"683\" \/><\/p>\n<p>M\u00e1s all\u00e1 de las actividades que se realizan cotidianamente, <strong>hoy es un d\u00eda especial. Por primera vez los j\u00f3venes de Llops del Taga han venido a visitar a los ancianos de C\u00e1ritas<\/strong>. Llops del Taga es un proyecto ubicado en Ciudad Meridiana destinado a j\u00f3venes de entre 14 y 18 a\u00f1os que fomenta el desarrollo personal, grupal y comunitario por medio de actividades de ocio.<\/p>\n<p><strong>Aunque al inicio los j\u00f3venes se han mostrado inseguros, poco a poco han ido cogiendo confianza. Mediante juegos, refranes, bailes y recreo, las personas mayores y los j\u00f3venes han conectado al 100%<\/strong>. Carme Vidal, coordinadora de las vacaciones, afirma que actividades como \u00e9sta son muy positivas para j\u00f3venes y mayores. &#8220;Los encuentros intergeneracionales son muy importantes. <strong>Creando espacios como \u00e9ste conseguimos que los j\u00f3venes se sensibilicen sobre las problem\u00e1ticas de la gente mayor y que la gente mayor conozca de primera mano las dificultades de los j\u00f3venes&#8221;<\/strong>, afirma Carme. Al finalizar las actividades, j\u00f3venes y mayores se citan para el pr\u00f3ximo a\u00f1o, y coinciden en que C\u00e1ritas es su segunda casa.<\/p>\n<p><img loading=\"lazy\" decoding=\"async\" class=\"alignnone size-large wp-image-6977\" src=\"https:\/\/blog.caritas.barcelona\/wp-content\/uploads\/sites\/2\/2018\/07\/20180706_VACANCES_GENT_GRAN_VIC-100-1024x683.jpg\" alt=\"\" width=\"1024\" height=\"683\" \/><\/p>\n<p style=\"text-align: center;\"><strong>\u00a1Esperamos que j\u00f3venes y mayores puedan disfrutar de esta actividad y muchas m\u00e1s el pr\u00f3ximo a\u00f1o, contamos contigo para hacerlo posible!<\/strong><\/p>\n<p>&nbsp;<\/p>\n","protected":false},"excerpt":{"rendered":"<p>Durante los meses de junio y julio, las personas mayores que acogemos desde C\u00e1ritas disfrutan de unas merecidas vacaciones en la casa de espiritualidad Claret de Vic. M\u00e1s de sesenta personas mayores de 65 a\u00f1os pueden asistir gracias al trabajo de los voluntarios y voluntarias que trabajar para que puedan pasarlo en grande Son las [&hellip;]<\/p>\n","protected":false},"author":4,"featured_media":6974,"comment_status":"open","ping_status":"open","sticky":false,"template":"","format":"standard","meta":{"footnotes":""},"categories":[28,26],"tags":[62,1224,54,207,835,891],"autor":[1212],"class_list":["post-6981","post","type-post","status-publish","format-standard","has-post-thumbnail","hentry","category-familia-e-infancia","category-personas-mayores","tag-barcelona","tag-caritas-es","tag-caritas-diocesana-de-barcelona","tag-casal-de-joves-llops-del-taga","tag-jovenes","tag-personas-mayores","autor-jordi-julia-es"],"aioseo_notices":[],"_links":{"self":[{"href":"https:\/\/blog.caritas.barcelona\/es\/wp-json\/wp\/v2\/posts\/6981","targetHints":{"allow":["GET"]}}],"collection":[{"href":"https:\/\/blog.caritas.barcelona\/es\/wp-json\/wp\/v2\/posts"}],"about":[{"href":"https:\/\/blog.caritas.barcelona\/es\/wp-json\/wp\/v2\/types\/post"}],"author":[{"embeddable":true,"href":"https:\/\/blog.caritas.barcelona\/es\/wp-json\/wp\/v2\/users\/4"}],"replies":[{"embeddable":true,"href":"https:\/\/blog.caritas.barcelona\/es\/wp-json\/wp\/v2\/comments?post=6981"}],"version-history":[{"count":4,"href":"https:\/\/blog.caritas.barcelona\/es\/wp-json\/wp\/v2\/posts\/6981\/revisions"}],"predecessor-version":[{"id":7614,"href":"https:\/\/blog.caritas.barcelona\/es\/wp-json\/wp\/v2\/posts\/6981\/revisions\/7614"}],"wp:featuredmedia":[{"embeddable":true,"href":"https:\/\/blog.caritas.barcelona\/es\/wp-json\/wp\/v2\/media\/6974"}],"wp:attachment":[{"href":"https:\/\/blog.caritas.barcelona\/es\/wp-json\/wp\/v2\/media?parent=6981"}],"wp:term":[{"taxonomy":"category","embeddable":true,"href":"https:\/\/blog.caritas.barcelona\/es\/wp-json\/wp\/v2\/categories?post=6981"},{"taxonomy":"post_tag","embeddable":true,"href":"https:\/\/blog.caritas.barcelona\/es\/wp-json\/wp\/v2\/tags?post=6981"},{"taxonomy":"autor","embeddable":true,"href":"https:\/\/blog.caritas.barcelona\/es\/wp-json\/wp\/v2\/autor?post=6981"}],"curies":[{"name":"wp","href":"https:\/\/api.w.org\/{rel}","templated":true}]}}