{"id":6768,"date":"2018-05-07T13:48:05","date_gmt":"2018-05-07T11:48:05","guid":{"rendered":"https:\/\/blog.caritas.barcelona\/?p=6768"},"modified":"2019-01-21T17:50:51","modified_gmt":"2019-01-21T16:50:51","slug":"es-posible-alimentar-todo-el-mundo","status":"publish","type":"post","link":"https:\/\/blog.caritas.barcelona\/es\/ayuda-a-necesidades-basicas\/es-posible-alimentar-todo-el-mundo\/","title":{"rendered":"\u00bfEs posible alimentar todo el mundo?"},"content":{"rendered":"<p>La mitad de la comida que producimos en el mundo es desaprovechada. Ni siquiera llega a nuestras mesas. Sin embargo un mill\u00f3n de personas de este planeta no tiene acceso a la comida, padece inseguridad alimentaria, pobreza alimentaria o malnutrici\u00f3n<\/p>\n<figure id=\"attachment_6759\" aria-describedby=\"caption-attachment-6759\" style=\"width: 720px\" class=\"wp-caption aligncenter\"><img loading=\"lazy\" decoding=\"async\" class=\"wp-image-6759 size-full\" src=\"https:\/\/blog.caritas.barcelona\/wp-content\/uploads\/sites\/2\/2018\/05\/adam_smith_the_real_junk_food.jpg\" alt=\"adam_smith_the_real_junk_food\" width=\"720\" height=\"425\" srcset=\"https:\/\/blog.caritas.barcelona\/wp-content\/uploads\/sites\/2\/2018\/05\/adam_smith_the_real_junk_food.jpg 720w, https:\/\/blog.caritas.barcelona\/wp-content\/uploads\/sites\/2\/2018\/05\/adam_smith_the_real_junk_food-300x177.jpg 300w, https:\/\/blog.caritas.barcelona\/wp-content\/uploads\/sites\/2\/2018\/05\/adam_smith_the_real_junk_food-600x354.jpg 600w\" sizes=\"auto, (max-width: 720px) 100vw, 720px\" \/><figcaption id=\"caption-attachment-6759\" class=\"wp-caption-text\">Un voluntario y Adam Smith, recogiendo comida desaprovechada \/ FOTO: The real junk food<\/figcaption><\/figure>\n<p>Malgastamos millones de toneladas de comida en todo el mundo cada a\u00f1o. En mi ciudad, Leeds, en el a\u00f1o 2012, m\u00e1s de 22.000 personas fueron diagnosticadas de malnutrici\u00f3n, incluso ni\u00f1os. Y decid\u00ed que no me pod\u00eda quedar de brazos cruzados. El sistema est\u00e1 configurado para explotar a la humanidad y el entorno. No entiendo por qu\u00e9 dejamos que esto suceda.<\/p>\n<p>Un d\u00eda estaba trabajando en una granja en Australia y uno de los l\u00edderes de equipo me dijo: &#8220;No puedes cambiar el mundo hasta que no cambies primero tu ciudad de origen&#8221;. Y en aquellos momentos me di cuenta de que ten\u00eda que volver a Leeds. As\u00ed que volv\u00ed a casa y cre\u00e9 una empresa, no es caridad, es una empresa llamada <a href=\"https:\/\/therealjunkfoodproject.org\" target=\"_blank\" rel=\"noopener\">The real junk food project<\/a> (El proyecto real de comida basura). Me propuse tomar esta comida basura y permitir que llegara a la gente. <strong>La manera m\u00e1s productiva de transferir la energ\u00eda de la comida es alimentando a la gente, no a las papeleras.<\/strong> Y una semana despu\u00e9s de crear la compa\u00f1\u00eda, abrimos el primer caf\u00e9 &#8220;Paga lo que quieras&#8221; de Reino Unido, que utiliza \u00fanicamente residuos interceptados, comida excedente.<\/p>\n<p><img loading=\"lazy\" decoding=\"async\" class=\"size-full wp-image-6761 aligncenter\" src=\"https:\/\/blog.caritas.barcelona\/wp-content\/uploads\/sites\/2\/2018\/05\/food_the_real_junk_food_adam_smith_example.png\" alt=\"food_the_real_junk_food_adam_smith_example\" width=\"720\" height=\"536\" srcset=\"https:\/\/blog.caritas.barcelona\/wp-content\/uploads\/sites\/2\/2018\/05\/food_the_real_junk_food_adam_smith_example.png 720w, https:\/\/blog.caritas.barcelona\/wp-content\/uploads\/sites\/2\/2018\/05\/food_the_real_junk_food_adam_smith_example-300x223.png 300w, https:\/\/blog.caritas.barcelona\/wp-content\/uploads\/sites\/2\/2018\/05\/food_the_real_junk_food_adam_smith_example-600x447.png 600w\" sizes=\"auto, (max-width: 720px) 100vw, 720px\" \/><\/p>\n<p><strong>&#8220;Paga lo que quieras&#8221; no va de ofrecer comida gratis: es poner en valor las personas y la comida, los recursos, el tiempo, y devolver lo que creas que merece<\/strong>. He visto que este concepto ha triunfado en todo el mundo, especialmente en Australia. Pero decidimos que le dar\u00edamos una vuelta al concepto y permitir\u00edamos que las personas pagaran lo que quisieran. As\u00ed que tuvimos personas que ven\u00edan al caf\u00e9 y daban lo que quer\u00edan: su tiempo, su energ\u00eda, sus habilidades, donaciones econ\u00f3micas&#8230; Ten\u00edamos gente que limpiaba las ventanas, personas que lavaban los platos, frotaban el suelo, gente que no pod\u00eda pagar pero que mejor\u00f3 la instalaci\u00f3n el\u00e9ctrica&#8230; Para ellos esto era m\u00e1s valioso que darnos dinero.<\/p>\n<p>As\u00ed que interceptamos comida de todos sitios. <strong>Recog\u00edamos comida de la basura de los supermercados, bancos alimentarios, mercados urbanos<\/strong>&#8230; tambi\u00e9n recib\u00eda muchas llamadas y correos electr\u00f3nicos dici\u00e9ndome &#8220;\u00bfPuedes venir y llevarte esta comida?&#8221;. Mi respuesta era siempre &#8220;s\u00ed&#8221;. Como seres humanos, ten\u00edamos el poder de saber si ese alimento encajaba o no.<\/p>\n<p>Y es que <strong>estamos manipulados por las fechas de caducidad<\/strong>. Los supermercados saben que es una herramienta muy poderosa para nosotros: ves la fecha, tiras el producto, vuelves al s\u00faper y compras de nuevo. Pero esa comida es totalmente comestible, no tiene nada de malo. Nos enfrentamos a un gran derroche alimentario del que nadie ha o\u00eddo hablar: los bancos de alimentos. <strong>Mucha gente cree que el banco de alimentos hace mucho bien, y lo hacen socialmente, pero medioambientalmente desperdician mucha comida<\/strong>. Sus pol\u00edticas s\u00f3lo les permiten guardar comida por tiempo limitado y cuando la fecha de caducidad les llega, les han de lanzar.<\/p>\n<p>En nuestro primer a\u00f1o -abrimos en diciembre de 2013- evitamos que se lanzaran 23 toneladas de comida. Alimentamos a m\u00e1s de 10.000 personas en ese peque\u00f1o caf\u00e9, cocinamos m\u00e1s de 12.000 platos y, con estos datos, pensamos: aqu\u00ed tenemos algo poderoso. La verdad es que no nos gusta estar haciendo esto, preferir\u00edamos que se ense\u00f1ara a los ni\u00f1os de d\u00f3nde proviene la comida y por qu\u00e9 no se debe malgastar. Pero tambi\u00e9n est\u00e1 en nuestras manos:<strong> entre todos podemos acabar con este derroche tomando conciencia en nuestro d\u00eda a d\u00eda.<\/strong><\/p>\n<p>&nbsp;<\/p>\n<p>&nbsp;<\/p>\n","protected":false},"excerpt":{"rendered":"<p>La mitad de la comida que producimos en el mundo es desaprovechada. Ni siquiera llega a nuestras mesas. Sin embargo un mill\u00f3n de personas de este planeta no tiene acceso a la comida, padece inseguridad alimentaria, pobreza alimentaria o malnutrici\u00f3n Malgastamos millones de toneladas de comida en todo el mundo cada a\u00f1o. En mi ciudad, [&hellip;]<\/p>\n","protected":false},"author":4,"featured_media":6760,"comment_status":"open","ping_status":"open","sticky":false,"template":"","format":"standard","meta":{"footnotes":""},"categories":[29],"tags":[1583,1579,1580,1582,1584,1581],"autor":[1573],"class_list":["post-6768","post","type-post","status-publish","format-standard","has-post-thumbnail","hentry","category-ayuda-a-necesidades-basicas","tag-desaprovechar-comida","tag-desperdicio-alimentario","tag-inseguridad-alimentaria","tag-malnutricion","tag-necesidades-basicas","tag-pobreza-alimentaria","autor-adam-smith-es"],"aioseo_notices":[],"_links":{"self":[{"href":"https:\/\/blog.caritas.barcelona\/es\/wp-json\/wp\/v2\/posts\/6768","targetHints":{"allow":["GET"]}}],"collection":[{"href":"https:\/\/blog.caritas.barcelona\/es\/wp-json\/wp\/v2\/posts"}],"about":[{"href":"https:\/\/blog.caritas.barcelona\/es\/wp-json\/wp\/v2\/types\/post"}],"author":[{"embeddable":true,"href":"https:\/\/blog.caritas.barcelona\/es\/wp-json\/wp\/v2\/users\/4"}],"replies":[{"embeddable":true,"href":"https:\/\/blog.caritas.barcelona\/es\/wp-json\/wp\/v2\/comments?post=6768"}],"version-history":[{"count":2,"href":"https:\/\/blog.caritas.barcelona\/es\/wp-json\/wp\/v2\/posts\/6768\/revisions"}],"predecessor-version":[{"id":7621,"href":"https:\/\/blog.caritas.barcelona\/es\/wp-json\/wp\/v2\/posts\/6768\/revisions\/7621"}],"wp:featuredmedia":[{"embeddable":true,"href":"https:\/\/blog.caritas.barcelona\/es\/wp-json\/wp\/v2\/media\/6760"}],"wp:attachment":[{"href":"https:\/\/blog.caritas.barcelona\/es\/wp-json\/wp\/v2\/media?parent=6768"}],"wp:term":[{"taxonomy":"category","embeddable":true,"href":"https:\/\/blog.caritas.barcelona\/es\/wp-json\/wp\/v2\/categories?post=6768"},{"taxonomy":"post_tag","embeddable":true,"href":"https:\/\/blog.caritas.barcelona\/es\/wp-json\/wp\/v2\/tags?post=6768"},{"taxonomy":"autor","embeddable":true,"href":"https:\/\/blog.caritas.barcelona\/es\/wp-json\/wp\/v2\/autor?post=6768"}],"curies":[{"name":"wp","href":"https:\/\/api.w.org\/{rel}","templated":true}]}}