{"id":6721,"date":"2018-04-30T15:03:15","date_gmt":"2018-04-30T13:03:15","guid":{"rendered":"https:\/\/blog.caritas.barcelona\/?p=6721"},"modified":"2018-04-30T15:03:15","modified_gmt":"2018-04-30T13:03:15","slug":"una-crisis-social-que-ya-hace-demasiado-tiempo-que-perdura","status":"publish","type":"post","link":"https:\/\/blog.caritas.barcelona\/es\/formacion-e-insercion-laboral\/una-crisis-social-que-ya-hace-demasiado-tiempo-que-perdura\/","title":{"rendered":"Una crisis social que ya hace demasiado tiempo que perdura"},"content":{"rendered":"<p>Reflexionemos sobre qu\u00e9 modelo de mercado de trabajo queremos, y por extensi\u00f3n, qu\u00e9 sociedad estamos construyendo<\/p>\n<p><img loading=\"lazy\" decoding=\"async\" class=\"size-full wp-image-6718 aligncenter\" src=\"https:\/\/blog.caritas.barcelona\/wp-content\/uploads\/sites\/2\/2018\/04\/ACCI\u00d3_SILUETES_C\u00c0RITAS-9.jpg\" alt=\"siluetes-perfils-caritas-barcelona\" width=\"780\" height=\"438\" srcset=\"https:\/\/blog.caritas.barcelona\/wp-content\/uploads\/sites\/2\/2018\/04\/ACCI\u00d3_SILUETES_C\u00c0RITAS-9.jpg 780w, https:\/\/blog.caritas.barcelona\/wp-content\/uploads\/sites\/2\/2018\/04\/ACCI\u00d3_SILUETES_C\u00c0RITAS-9-300x168.jpg 300w, https:\/\/blog.caritas.barcelona\/wp-content\/uploads\/sites\/2\/2018\/04\/ACCI\u00d3_SILUETES_C\u00c0RITAS-9-768x431.jpg 768w, https:\/\/blog.caritas.barcelona\/wp-content\/uploads\/sites\/2\/2018\/04\/ACCI\u00d3_SILUETES_C\u00c0RITAS-9-600x337.jpg 600w\" sizes=\"auto, (max-width: 780px) 100vw, 780px\" \/><\/p>\n<p>Los \u00faltimos datos de la Encuesta de Poblaci\u00f3n Activa (EPA) son bastante reveladoras sobre el camino que hemos elegido: ha disminuido el paro hasta el 12%, pero la precariedad sigue aumentando. Actualmente, los contratos de menos de 7 d\u00edas son el 27% del total de contratos realizados, las personas que hace m\u00e1s de un a\u00f1o que est\u00e1n en paro son el 46.5% y el 50% de las personas que est\u00e1n a jornada parcial querr\u00edan hacer m\u00e1s horas. Y las personas que se han desanimado y que han dejado de buscar empleo de forma activa asciende ya a las casi 30.000 personas.<\/p>\n<p><strong>La tasa de desempleo subir\u00eda del 12% hasta el 20% si tuvi\u00e9ramos en cuenta las personas que quieren trabajar m\u00e1s horas y las que se han cansado de buscar empleo<\/strong>.<\/p>\n<p>Estos datos, estremecedores por s\u00ed mismos, no muestran el rostro, el nombre y el apellido de las personas que siguen sufriendo los efectos de la crisis y de la precariedad de un mercado de trabajo que no ofrece posibilidades para que las personas excluidas salgan de la pobreza y la exclusi\u00f3n social.<\/p>\n<p>C\u00e1ritas pretende dar voz a estas personas excluidas, trabajadores pobres, que no pueden tener un proyecto vital con garant\u00edas y que no pueden cubrir sus necesidades b\u00e1sicas. Hay que reflexionar sobre los pilares que sustentan un Estado del Bienestar cada vez m\u00e1s exiguo, empobrecido y que no permite a las personas desarrollarse con derechos y garant\u00edas a una vida digna y un trabajo decente.<\/p>\n<p>Es necesario que avancemos hacia una serie de reformas que:<\/p>\n<ul>\n<li>Potencien el empleo de los colectivos espec\u00edficamente afectados por la precariedad y la pobreza (j\u00f3venes, personas con baja formaci\u00f3n, migrantes).<\/li>\n<li>Impulsen la igualdad de oportunidades y de trato reales entre mujeres y hombres, porque ser mujer ya implica exclusiones y desigualdades de <em>per s\u00e9<\/em>.<\/li>\n<li>Garanticen el empadronamiento y evitar la irregularidad sobrevenida en el caso de las personas migrantes.<\/li>\n<li>Regulen el uso de contratos temporales de muy corta duraci\u00f3n.<\/li>\n<li>Reformen las prestaciones para que puedan dar cobertura en determinados momentos donde las personas se pueden encontrar en situaci\u00f3n de vulnerabilidad.<\/li>\n<li>Una nueva reforma laboral, con un mayor equilibrio entre los derechos de las personas trabajadoras y de las empresas.<\/li>\n<\/ul>\n<p>El 1 de mayo debe seguir siendo un d\u00eda de reivindicaci\u00f3n, de denuncia a un sistema laboral que para salir de la crisis econ\u00f3mica no est\u00e1 priorizando a las personas, perpetuando as\u00ed una crisis social que ya hace demasiado tiempo que perdura.<\/p>\n","protected":false},"excerpt":{"rendered":"<p>Reflexionemos sobre qu\u00e9 modelo de mercado de trabajo queremos, y por extensi\u00f3n, qu\u00e9 sociedad estamos construyendo Los \u00faltimos datos de la Encuesta de Poblaci\u00f3n Activa (EPA) son bastante reveladoras sobre el camino que hemos elegido: ha disminuido el paro hasta el 12%, pero la precariedad sigue aumentando. Actualmente, los contratos de menos de 7 d\u00edas [&hellip;]<\/p>\n","protected":false},"author":4,"featured_media":6719,"comment_status":"open","ping_status":"open","sticky":false,"template":"","format":"standard","meta":{"footnotes":""},"categories":[27],"tags":[1554,1557,828,1558],"autor":[1193],"class_list":["post-6721","post","type-post","status-publish","format-standard","has-post-thumbnail","hentry","category-formacion-e-insercion-laboral","tag-1-de-mayo","tag-dia-del-trabajador","tag-insercion-laboral","tag-trabajador-pobre","autor-dessiree-garcia-es"],"aioseo_notices":[],"_links":{"self":[{"href":"https:\/\/blog.caritas.barcelona\/es\/wp-json\/wp\/v2\/posts\/6721","targetHints":{"allow":["GET"]}}],"collection":[{"href":"https:\/\/blog.caritas.barcelona\/es\/wp-json\/wp\/v2\/posts"}],"about":[{"href":"https:\/\/blog.caritas.barcelona\/es\/wp-json\/wp\/v2\/types\/post"}],"author":[{"embeddable":true,"href":"https:\/\/blog.caritas.barcelona\/es\/wp-json\/wp\/v2\/users\/4"}],"replies":[{"embeddable":true,"href":"https:\/\/blog.caritas.barcelona\/es\/wp-json\/wp\/v2\/comments?post=6721"}],"version-history":[{"count":1,"href":"https:\/\/blog.caritas.barcelona\/es\/wp-json\/wp\/v2\/posts\/6721\/revisions"}],"predecessor-version":[{"id":6722,"href":"https:\/\/blog.caritas.barcelona\/es\/wp-json\/wp\/v2\/posts\/6721\/revisions\/6722"}],"wp:featuredmedia":[{"embeddable":true,"href":"https:\/\/blog.caritas.barcelona\/es\/wp-json\/wp\/v2\/media\/6719"}],"wp:attachment":[{"href":"https:\/\/blog.caritas.barcelona\/es\/wp-json\/wp\/v2\/media?parent=6721"}],"wp:term":[{"taxonomy":"category","embeddable":true,"href":"https:\/\/blog.caritas.barcelona\/es\/wp-json\/wp\/v2\/categories?post=6721"},{"taxonomy":"post_tag","embeddable":true,"href":"https:\/\/blog.caritas.barcelona\/es\/wp-json\/wp\/v2\/tags?post=6721"},{"taxonomy":"autor","embeddable":true,"href":"https:\/\/blog.caritas.barcelona\/es\/wp-json\/wp\/v2\/autor?post=6721"}],"curies":[{"name":"wp","href":"https:\/\/api.w.org\/{rel}","templated":true}]}}