{"id":6691,"date":"2018-04-30T12:14:48","date_gmt":"2018-04-30T10:14:48","guid":{"rendered":"https:\/\/blog.caritas.barcelona\/?p=6691"},"modified":"2018-05-24T11:59:42","modified_gmt":"2018-05-24T09:59:42","slug":"mas-trabajo-pero-mas-precario","status":"publish","type":"post","link":"https:\/\/blog.caritas.barcelona\/es\/formacion-e-insercion-laboral\/mas-trabajo-pero-mas-precario\/","title":{"rendered":"M\u00e1s trabajo, pero m\u00e1s precario"},"content":{"rendered":"<p><strong>C\u00e1ritas Diocesana de Barcelona denuncia que a pesar de la aparente mejora del mercado laboral, las personas m\u00e1s vulnerables siguen sin poder salir de la precariedad<\/strong><\/p>\n<p><img loading=\"lazy\" decoding=\"async\" class=\"size-large wp-image-6692 aligncenter\" src=\"https:\/\/blog.caritas.barcelona\/wp-content\/uploads\/sites\/2\/2018\/04\/ACCI\u00d3_SILUETES_C\u00c0RITAS-4-1024x576.jpg\" alt=\"\" width=\"1024\" height=\"576\" \/><\/p>\n<p>Con motivo del 1 de mayo, D\u00eda Internacional de las personas trabajadoras, denunciamos que los colectivos que m\u00e1s sufren la precariedad laboral son las personas mayores de 55 a\u00f1os, j\u00f3venes, y madres con hijos. <strong>Todas ellas quedan invisibilizadas respecto los poderes p\u00fablicos y la sociedad.<\/strong><\/p>\n<p>Para hacer visibles a estas personas y que no caigan en el olvido, hemos colocado siluetas de personas con la ciudad de Barcelona en el horizonte. <strong>Estas siluetas no tienen rostro, y simbolizan la invisibilidad y despersonalizaci\u00f3n que sufren los colectivos m\u00e1s vulnerables.<\/strong><\/p>\n<p>Los datos de la \u00faltima Encuesta de Poblaci\u00f3n Activa (EPA) muestran que el mercado laboral actual se caracteriza por perpetuar las condiciones de precariedad laboral, con una <strong>elevado subempleo<\/strong> (m\u00e1s de 230.000 personas con jornada parcial querr\u00edan trabajar m\u00e1s horas y no encuentran trabajo), <strong>contratos temporales de muy corta duraci\u00f3n, escasa protecci\u00f3n social<\/strong> (poca cobertura por desempleo y baja cuant\u00eda de las pensiones), <strong>bajos salarios<\/strong> y <strong>dificultades para conciliar vida laboral y familiar<\/strong>, junto con un <strong>paro elevado<\/strong> (458.700 parados en Catalunya).<\/p>\n<p>A pesar del aumento del empleo del 3,3%, hay que tener en cuenta la situaci\u00f3n de aquellas personas m\u00e1s vulnerables, que sigue empeorando. <strong>Aquellas personas paradas de larga duraci\u00f3n son m\u00e1s de 200.000, y representan el 46,5% del total de personas paradas. De estos, casi 150.000 hace m\u00e1s de 2 a\u00f1os que no encuentran trabajo. M\u00e1s de 90.000 hogares no perciben ning\u00fan ingreso, y representan el 2,9% del total de hogares catalanes<\/strong>. Adem\u00e1s, el 100% de las personas atendidas por C\u00e1ritas Diocesana de Barcelona est\u00e1n en situaci\u00f3n de precariedad: <strong>8 de cada 10 se encuentran en paro y 2 de cada 10 son trabajadores pobres.<\/strong><\/p>\n<p>&nbsp;<\/p>\n<p><iframe loading=\"lazy\" title=\"No som n\u00fameros, som persones\" width=\"500\" height=\"281\" src=\"https:\/\/www.youtube.com\/embed\/mL0_MwODSc4?feature=oembed\" frameborder=\"0\" allow=\"accelerometer; autoplay; clipboard-write; encrypted-media; gyroscope; picture-in-picture; web-share\" referrerpolicy=\"strict-origin-when-cross-origin\" allowfullscreen><\/iframe><\/p>\n<p>&nbsp;<\/p>\n<p><strong>&#8220;Las personas merecen una igualdad de oportunidades, porque tienen rostro, porque tienen nombre, porque tienen una vida, y no pueden cubrir las necesidades m\u00e1s b\u00e1sicas&#8221;<\/strong>, ha denunciado Dessir\u00e9e Garcia, responsable del Programa de Formaci\u00f3n e Inserci\u00f3n Laboral de C\u00e1ritas Diocesana de Barcelona.<\/p>\n<p>Garcia tambi\u00e9n ha pedido que <strong>la pol\u00edtica est\u00e9 al servicio del trabajo decente<\/strong>. &#8220;Es imprescindible la colaboraci\u00f3n de todos los agentes, especialmente del sector empresarial, sindicatos y administraciones p\u00fablicas, para <strong>generar espacios de empleo digno y estable, y contribuir al desarrollo de las personas y de la sociedad<\/strong>&#8220;, concluye la responsable de formaci\u00f3n e Inserci\u00f3n Laboral de C\u00e1ritas Diocesana de Barcelona.<\/p>\n<p><a href=\"https:\/\/campanyes.caritas.barcelona\/es\/precarios\/\" target=\"_blank\" rel=\"noopener\"><img loading=\"lazy\" decoding=\"async\" class=\" wp-image-6713 aligncenter\" src=\"https:\/\/blog.caritas.barcelona\/wp-content\/uploads\/sites\/2\/2018\/04\/evita-datos-conoce-personas-caritas-barcelona.jpg\" alt=\"evita-datos-conoce-personas-caritas-barcelona\" width=\"604\" height=\"51\" srcset=\"https:\/\/blog.caritas.barcelona\/wp-content\/uploads\/sites\/2\/2018\/04\/evita-datos-conoce-personas-caritas-barcelona.jpg 900w, https:\/\/blog.caritas.barcelona\/wp-content\/uploads\/sites\/2\/2018\/04\/evita-datos-conoce-personas-caritas-barcelona-300x25.jpg 300w, https:\/\/blog.caritas.barcelona\/wp-content\/uploads\/sites\/2\/2018\/04\/evita-datos-conoce-personas-caritas-barcelona-768x65.jpg 768w, https:\/\/blog.caritas.barcelona\/wp-content\/uploads\/sites\/2\/2018\/04\/evita-datos-conoce-personas-caritas-barcelona-600x51.jpg 600w\" sizes=\"auto, (max-width: 604px) 100vw, 604px\" \/><\/a><\/p>\n","protected":false},"excerpt":{"rendered":"<p>C\u00e1ritas Diocesana de Barcelona denuncia que a pesar de la aparente mejora del mercado laboral, las personas m\u00e1s vulnerables siguen sin poder salir de la precariedad Con motivo del 1 de mayo, D\u00eda Internacional de las personas trabajadoras, denunciamos que los colectivos que m\u00e1s sufren la precariedad laboral son las personas mayores de 55 a\u00f1os, [&hellip;]<\/p>\n","protected":false},"author":4,"featured_media":6692,"comment_status":"open","ping_status":"open","sticky":false,"template":"","format":"standard","meta":{"footnotes":""},"categories":[27],"tags":[1554,1162,1190,1379,1373],"autor":[36],"class_list":["post-6691","post","type-post","status-publish","format-standard","has-post-thumbnail","hentry","category-formacion-e-insercion-laboral","tag-1-de-mayo","tag-exclusion-social","tag-precariedad-laboral","tag-precarios","tag-trabajadores-pobres","autor-caritas-diocesana-de-barcelona-es"],"aioseo_notices":[],"_links":{"self":[{"href":"https:\/\/blog.caritas.barcelona\/es\/wp-json\/wp\/v2\/posts\/6691","targetHints":{"allow":["GET"]}}],"collection":[{"href":"https:\/\/blog.caritas.barcelona\/es\/wp-json\/wp\/v2\/posts"}],"about":[{"href":"https:\/\/blog.caritas.barcelona\/es\/wp-json\/wp\/v2\/types\/post"}],"author":[{"embeddable":true,"href":"https:\/\/blog.caritas.barcelona\/es\/wp-json\/wp\/v2\/users\/4"}],"replies":[{"embeddable":true,"href":"https:\/\/blog.caritas.barcelona\/es\/wp-json\/wp\/v2\/comments?post=6691"}],"version-history":[{"count":6,"href":"https:\/\/blog.caritas.barcelona\/es\/wp-json\/wp\/v2\/posts\/6691\/revisions"}],"predecessor-version":[{"id":6716,"href":"https:\/\/blog.caritas.barcelona\/es\/wp-json\/wp\/v2\/posts\/6691\/revisions\/6716"}],"wp:featuredmedia":[{"embeddable":true,"href":"https:\/\/blog.caritas.barcelona\/es\/wp-json\/wp\/v2\/media\/6692"}],"wp:attachment":[{"href":"https:\/\/blog.caritas.barcelona\/es\/wp-json\/wp\/v2\/media?parent=6691"}],"wp:term":[{"taxonomy":"category","embeddable":true,"href":"https:\/\/blog.caritas.barcelona\/es\/wp-json\/wp\/v2\/categories?post=6691"},{"taxonomy":"post_tag","embeddable":true,"href":"https:\/\/blog.caritas.barcelona\/es\/wp-json\/wp\/v2\/tags?post=6691"},{"taxonomy":"autor","embeddable":true,"href":"https:\/\/blog.caritas.barcelona\/es\/wp-json\/wp\/v2\/autor?post=6691"}],"curies":[{"name":"wp","href":"https:\/\/api.w.org\/{rel}","templated":true}]}}