{"id":6630,"date":"2018-04-11T14:22:09","date_gmt":"2018-04-11T12:22:09","guid":{"rendered":"https:\/\/blog.caritas.barcelona\/?p=6630"},"modified":"2018-04-12T12:30:33","modified_gmt":"2018-04-12T10:30:33","slug":"colegio-claret-escuela-con-corazon","status":"publish","type":"post","link":"https:\/\/blog.caritas.barcelona\/es\/entidades-con-corazon\/colegio-claret-escuela-con-corazon\/","title":{"rendered":"El colegio Claret nos explica los beneficios que les supone ser una Escuela con Coraz\u00f3n"},"content":{"rendered":"<p>El <strong>colegio Claret<\/strong> de Barcelona es una Escuela con Coraz\u00f3n que est\u00e1 muy comprometida con C\u00e1ritas. <strong>Joan Verd\u00e9s<\/strong>, jefe del departamento de la pastoral del colegio Claret de Barcelona, y <strong>Irene Moncl\u00fas<\/strong>, presidenta del AMPA del colegio Claret, nos explican el sentido y el valor de esta relaci\u00f3n entre la escuela y C\u00e1ritas Diocesana de Barcelona.<\/p>\n<p><iframe loading=\"lazy\" title=\"Solidaritat a les escoles\" width=\"500\" height=\"281\" src=\"https:\/\/www.youtube.com\/embed\/mD53eIQncis?feature=oembed\" frameborder=\"0\" allow=\"accelerometer; autoplay; clipboard-write; encrypted-media; gyroscope; picture-in-picture; web-share\" referrerpolicy=\"strict-origin-when-cross-origin\" allowfullscreen><\/iframe><\/p>\n<p>Joan Verd\u00e9s comienza cont\u00e1ndonos que para el colegio Claret, ser una <strong>Escuela con Coraz\u00f3n<\/strong> &#8220;Supone mucho m\u00e1s que un reconocimiento; supone valorar el esfuerzo de las familias de los alumnos y la tarea de la escuela &#8220;.<\/p>\n<p>De este modo, tambi\u00e9n demuestran el car\u00e1cter que tienen como escuela y nos dice que la colaboraci\u00f3n con C\u00e1ritas y la sensibilizaci\u00f3n a trav\u00e9s de las charlas que se hacen, aportan valor humano a los alumnos: &#8220;Este a\u00f1o, en 6\u00ba de Primaria hemos empezado con la charla\u00a0<em><strong>Ponte las pilas<\/strong><\/em> y 4\u00ba de ESO de cara a que, el pr\u00f3ximo a\u00f1o, hagan un voluntariado. Se trata se desvelar, de dar posibilidades y, sobre todo de que conozcan otras realidades que no conocen. Creo que es m\u00e1s importante esta tarea de fondo que no el hecho de la actividad puntual, en s\u00ed mismo. Nos interesa que los alumnos vean que hay otras realidades que s\u00f3lo conoc\u00edan puntualmente y en las que se puede dar respuesta &#8220;.<\/p>\n<p>Los alumnos y las familias han comenzado a implicarse en las campa\u00f1as que C\u00e1ritas propone ra\u00edz de la actividad solidaria que la escuela hace: &#8220;Al principio de curso siempre hacemos una actividad solidaria, coincidiendo con la festividad del padre Claret, el fundador de la escuela.<br \/>\nDesde hace dos a\u00f1os, colaboramos con C\u00e1ritas y sus diferentes campa\u00f1as. El a\u00f1o pasado con el <em><strong>Tejemos en familia<\/strong><\/em> y este a\u00f1o con la <em><strong>Enredadas<\/strong><\/em>, que liga mucho con el talante del padre Claret, que era tejedor y es patr\u00f3n de los tejedores.<br \/>\nNos sentimos muy cercanos a estas propuestas. Los chicos participan haciendo carreras solidarias, con familiares y amigos, y por el esfuerzo que hacen, las familias hacen una aportaci\u00f3n econ\u00f3mica y, con ese dinero, nosotros podemos dar respuesta, en este caso, al proyecto\u00a0<em>Enredadas<\/em> &#8220;.<\/p>\n<p><img loading=\"lazy\" decoding=\"async\" class=\"aligncenter wp-image-6627 size-large\" src=\"https:\/\/blog.caritas.barcelona\/wp-content\/uploads\/sites\/2\/2018\/04\/20180122_Tramats_de_vida_Bufala\u0300-28429-1024x575.jpg\" alt=\"\" width=\"1024\" height=\"575\" srcset=\"https:\/\/blog.caritas.barcelona\/wp-content\/uploads\/sites\/2\/2018\/04\/20180122_Tramats_de_vida_Bufala\u0300-28429-1024x575.jpg 1024w, https:\/\/blog.caritas.barcelona\/wp-content\/uploads\/sites\/2\/2018\/04\/20180122_Tramats_de_vida_Bufala\u0300-28429-300x168.jpg 300w, https:\/\/blog.caritas.barcelona\/wp-content\/uploads\/sites\/2\/2018\/04\/20180122_Tramats_de_vida_Bufala\u0300-28429-768x431.jpg 768w, https:\/\/blog.caritas.barcelona\/wp-content\/uploads\/sites\/2\/2018\/04\/20180122_Tramats_de_vida_Bufala\u0300-28429-600x337.jpg 600w, https:\/\/blog.caritas.barcelona\/wp-content\/uploads\/sites\/2\/2018\/04\/20180122_Tramats_de_vida_Bufala\u0300-28429.jpg 1600w\" sizes=\"auto, (max-width: 1024px) 100vw, 1024px\" \/><\/p>\n<p>&nbsp;<\/p>\n<p>La misma escuela, a trav\u00e9s de la <strong>AMPA<\/strong>, trabaja en diferentes propuestas de colaboraci\u00f3n con C\u00e1ritas. El colegio Claret pone a disposici\u00f3n su espacio, el tiempo y sus medios de comunicaci\u00f3n internos para hacer difusi\u00f3n. Sobre este aspecto Irene Moncl\u00fas nos dice que &#8220;Vale la pena hacer nuevas propuestas, innovadoras, siempre con una vertiente de esp\u00edritu de servicio, colaboraci\u00f3n, etc., con la organizaci\u00f3n de C\u00e1ritas&#8221;.<\/p>\n<p>Han llevado a cabo varias campa\u00f1as, junto con el departamento de pastoral de la escuela.<\/p>\n<p><em><strong>La socializaci\u00f3n de los disfraces<\/strong><\/em>, que comenzaron en el Carnaval de 2017, donde &#8220;Pensamos que no todos los ni\u00f1os pueden desarrollarse dentro de un entorno tan favorable como el que pueden tener los alumnos de esta escuela. En casa generamos y acumulamos cosas sin necesidad de tenerlas. Pensamos que la campa\u00f1a de C\u00e1ritas era una muy buena oportunidad para hacer llegar los disfraces a todos aquellos ni\u00f1os que lo necesitan para que ellos tambi\u00e9n pudieran disfrutar de la fiesta. La campa\u00f1a funcion\u00f3 s\u00faper bien y este a\u00f1o la hemos repetido. Siempre que pedimos a las familias su solidaridad, socializaci\u00f3n y colaboraci\u00f3n con C\u00e1ritas,\u00a0la respuesta siempre ha sido fant\u00e1stica&#8221;.<\/p>\n<p><img loading=\"lazy\" decoding=\"async\" class=\"aligncenter wp-image-6623 size-full\" src=\"https:\/\/blog.caritas.barcelona\/wp-content\/uploads\/sites\/2\/2018\/04\/DFS04.jpg\" alt=\"\" width=\"961\" height=\"721\" srcset=\"https:\/\/blog.caritas.barcelona\/wp-content\/uploads\/sites\/2\/2018\/04\/DFS04.jpg 961w, https:\/\/blog.caritas.barcelona\/wp-content\/uploads\/sites\/2\/2018\/04\/DFS04-300x225.jpg 300w, https:\/\/blog.caritas.barcelona\/wp-content\/uploads\/sites\/2\/2018\/04\/DFS04-768x576.jpg 768w, https:\/\/blog.caritas.barcelona\/wp-content\/uploads\/sites\/2\/2018\/04\/DFS04-600x450.jpg 600w\" sizes=\"auto, (max-width: 961px) 100vw, 961px\" \/><\/p>\n<p><em><strong>Sant Jordi 2017<\/strong><\/em>: Similar a la campa\u00f1a de los disfraces, pero con &#8220;las lecturas quedan llenas de polvo en las estanter\u00edas y no dan servicio. Hicimos socializar las lecturas y creamos una biblioteca m\u00f3vil o hab\u00eda 600 lecturas, juegos de mesa, juegos tradicionales para que esta biblioteca pudiera recorrer los centros Paid\u00f3s, que est\u00e1n dedicados directamente a los ni\u00f1os de C\u00e1ritas para que les sirviera para jugar, y poder tener un desarrollo como cualquier otro ni\u00f1o &#8220;.<\/p>\n<p><img loading=\"lazy\" decoding=\"async\" class=\"aligncenter size-large wp-image-6611\" src=\"https:\/\/blog.caritas.barcelona\/wp-content\/uploads\/sites\/2\/2018\/04\/DAvdQc6WAAIQrtC-1024x1024.jpg\" alt=\"\" width=\"1024\" height=\"1024\" srcset=\"https:\/\/blog.caritas.barcelona\/wp-content\/uploads\/sites\/2\/2018\/04\/DAvdQc6WAAIQrtC-1024x1024.jpg 1024w, https:\/\/blog.caritas.barcelona\/wp-content\/uploads\/sites\/2\/2018\/04\/DAvdQc6WAAIQrtC-150x150.jpg 150w, https:\/\/blog.caritas.barcelona\/wp-content\/uploads\/sites\/2\/2018\/04\/DAvdQc6WAAIQrtC-300x300.jpg 300w, https:\/\/blog.caritas.barcelona\/wp-content\/uploads\/sites\/2\/2018\/04\/DAvdQc6WAAIQrtC-768x768.jpg 768w, https:\/\/blog.caritas.barcelona\/wp-content\/uploads\/sites\/2\/2018\/04\/DAvdQc6WAAIQrtC-600x600.jpg 600w, https:\/\/blog.caritas.barcelona\/wp-content\/uploads\/sites\/2\/2018\/04\/DAvdQc6WAAIQrtC.jpg 1080w\" sizes=\"auto, (max-width: 1024px) 100vw, 1024px\" \/><\/p>\n<p>Este a\u00f1o han puesto en marcha una nueva campa\u00f1a sobre la <strong>Movilidad Sostenible<\/strong>. &#8220;Recogimos patines, bicicletas y todo lo que se hubiera quedado peque\u00f1o y en desuso para que pudiera llegar a los ni\u00f1os que no pueden disfrutarlo de una forma habitual. La verdad es que tambi\u00e9n fue un \u00e9xito. La quisimos ligar los Reyes pero debido a la respuesta obtenida de entre 80 y 90 veh\u00edculos m\u00f3viles fue un tanto complicado saberlo gestionar &#8220;.<\/p>\n<p><img loading=\"lazy\" decoding=\"async\" class=\"aligncenter size-large wp-image-6615\" src=\"https:\/\/blog.caritas.barcelona\/wp-content\/uploads\/sites\/2\/2018\/04\/Mob.Sostenible-201802-1024x1024.png\" alt=\"\" width=\"1024\" height=\"1024\" srcset=\"https:\/\/blog.caritas.barcelona\/wp-content\/uploads\/sites\/2\/2018\/04\/Mob.Sostenible-201802-1024x1024.png 1024w, https:\/\/blog.caritas.barcelona\/wp-content\/uploads\/sites\/2\/2018\/04\/Mob.Sostenible-201802-150x150.png 150w, https:\/\/blog.caritas.barcelona\/wp-content\/uploads\/sites\/2\/2018\/04\/Mob.Sostenible-201802-300x300.png 300w, https:\/\/blog.caritas.barcelona\/wp-content\/uploads\/sites\/2\/2018\/04\/Mob.Sostenible-201802-768x768.png 768w, https:\/\/blog.caritas.barcelona\/wp-content\/uploads\/sites\/2\/2018\/04\/Mob.Sostenible-201802-600x600.png 600w, https:\/\/blog.caritas.barcelona\/wp-content\/uploads\/sites\/2\/2018\/04\/Mob.Sostenible-201802.png 1080w\" sizes=\"auto, (max-width: 1024px) 100vw, 1024px\" \/><\/p>\n<p>Sobre las colaboraciones, Irene Moncl\u00fas nos dice: &#8220;Quisiera alentar a todas las asociaciones de padres y madres de todas aquellas escuelas vinculadas al proyecto Escuelas con Coraz\u00f3n para que se animen a presentar propuestas. Hay muchas cosas por hacer, cosas muchos chulas y, al final, los beneficiarios son los cr\u00edos, que es el guapo de todo &#8220;.<\/p>\n<p>Adem\u00e1s de las campa\u00f1as realizadas, <strong>el Colegio Claret es la \u00fanica escuela que ha insertado dos personas del programa Trabajo con Coraz\u00f3n<\/strong>. Joan Verd\u00e9s nos comenta: &#8220;Cuando nos propusieron desde C\u00e1ritas de hacerlo, lo cierto es que hab\u00eda que buscar el momento, pero ve\u00edamos que el departamento del PAS era una muy buena entrada. Habl\u00e1ndolo con el departamento de administraci\u00f3n de la escuela, nos han venido dos personas que actualmente trabajan con nosotros, gracias al programa &#8220;Trabajos con Coraz\u00f3n&#8221; y la verdad es que estamos muy contentos, tanto del Rashid, que est\u00e1 haciendo tareas de mantenimiento de la escuela, as\u00ed como la Samia, que est\u00e1 haciendo tareas de limpieza. La verdad es que su relaci\u00f3n con los alumnos, en los ratos en que coinciden, como del resto de compa\u00f1eros de docentes y de administraci\u00f3n es muy positiva&#8221;.<\/p>\n<p>Desde C\u00e1ritas Diocesana de Barcelona queremos dar las gracias al Colegio Claret por ser tan magn\u00edfica Escuela con Coraz\u00f3n.<\/p>\n","protected":false},"excerpt":{"rendered":"<p>El colegio Claret de Barcelona es una Escuela con Coraz\u00f3n que est\u00e1 muy comprometida con C\u00e1ritas. Joan Verd\u00e9s, jefe del departamento de la pastoral del colegio Claret de Barcelona, y Irene Moncl\u00fas, presidenta del AMPA del colegio Claret, nos explican el sentido y el valor de esta relaci\u00f3n entre la escuela y C\u00e1ritas Diocesana de [&hellip;]<\/p>\n","protected":false},"author":5,"featured_media":6616,"comment_status":"open","ping_status":"open","sticky":false,"template":"","format":"standard","meta":{"footnotes":""},"categories":[22],"tags":[1538,62,1224,1541,1535,1542,90,1543,1110,759,1544,1545],"autor":[1228],"class_list":["post-6630","post","type-post","status-publish","format-standard","has-post-thumbnail","hentry","category-entidades-con-corazon","tag-ampa","tag-barcelona","tag-caritas-es","tag-colegio-claret","tag-enredades","tag-mobilidad-sostenible","tag-paidos","tag-ponte-las-pilas","tag-proyecto","tag-sant-jordi","tag-socializzacion-de-los-disfraces","tag-tejemos-en-familia","autor-albert-escuder-es"],"aioseo_notices":[],"_links":{"self":[{"href":"https:\/\/blog.caritas.barcelona\/es\/wp-json\/wp\/v2\/posts\/6630","targetHints":{"allow":["GET"]}}],"collection":[{"href":"https:\/\/blog.caritas.barcelona\/es\/wp-json\/wp\/v2\/posts"}],"about":[{"href":"https:\/\/blog.caritas.barcelona\/es\/wp-json\/wp\/v2\/types\/post"}],"author":[{"embeddable":true,"href":"https:\/\/blog.caritas.barcelona\/es\/wp-json\/wp\/v2\/users\/5"}],"replies":[{"embeddable":true,"href":"https:\/\/blog.caritas.barcelona\/es\/wp-json\/wp\/v2\/comments?post=6630"}],"version-history":[{"count":4,"href":"https:\/\/blog.caritas.barcelona\/es\/wp-json\/wp\/v2\/posts\/6630\/revisions"}],"predecessor-version":[{"id":6639,"href":"https:\/\/blog.caritas.barcelona\/es\/wp-json\/wp\/v2\/posts\/6630\/revisions\/6639"}],"wp:featuredmedia":[{"embeddable":true,"href":"https:\/\/blog.caritas.barcelona\/es\/wp-json\/wp\/v2\/media\/6616"}],"wp:attachment":[{"href":"https:\/\/blog.caritas.barcelona\/es\/wp-json\/wp\/v2\/media?parent=6630"}],"wp:term":[{"taxonomy":"category","embeddable":true,"href":"https:\/\/blog.caritas.barcelona\/es\/wp-json\/wp\/v2\/categories?post=6630"},{"taxonomy":"post_tag","embeddable":true,"href":"https:\/\/blog.caritas.barcelona\/es\/wp-json\/wp\/v2\/tags?post=6630"},{"taxonomy":"autor","embeddable":true,"href":"https:\/\/blog.caritas.barcelona\/es\/wp-json\/wp\/v2\/autor?post=6630"}],"curies":[{"name":"wp","href":"https:\/\/api.w.org\/{rel}","templated":true}]}}