{"id":6551,"date":"2018-04-10T10:46:18","date_gmt":"2018-04-10T08:46:18","guid":{"rendered":"https:\/\/blog.caritas.barcelona\/?p=6551"},"modified":"2018-04-10T12:24:09","modified_gmt":"2018-04-10T10:24:09","slug":"una-carrera-para-evitar-la-transmision-de-la-pobreza","status":"publish","type":"post","link":"https:\/\/blog.caritas.barcelona\/es\/familia-e-infancia\/una-carrera-para-evitar-la-transmision-de-la-pobreza\/","title":{"rendered":"Una \u201ccarrera\u201d para evitar la transmisi\u00f3n de la pobreza"},"content":{"rendered":"<p>En la \u201ccarrera\u201d de la vida cada uno partimos de una posici\u00f3n diferente. Las caracter\u00edsticas personales y familiares nos sit\u00faan en un lugar m\u00e1s o menos adelantado de la l\u00ednea de salida. Mientras que no hagamos nada para remediarlo, la desigualdad de origen seguir\u00e1 marcando y condicionando nuestro desarrollo<\/p>\n<p><img loading=\"lazy\" decoding=\"async\" class=\"size-full wp-image-6552 aligncenter\" src=\"https:\/\/blog.caritas.barcelona\/wp-content\/uploads\/sites\/2\/2018\/04\/IMG_0610-2.jpg\" alt=\"familias-pobreza-desigualdad-crianza\" width=\"512\" height=\"404\" srcset=\"https:\/\/blog.caritas.barcelona\/wp-content\/uploads\/sites\/2\/2018\/04\/IMG_0610-2.jpg 512w, https:\/\/blog.caritas.barcelona\/wp-content\/uploads\/sites\/2\/2018\/04\/IMG_0610-2-300x237.jpg 300w\" sizes=\"auto, (max-width: 512px) 100vw, 512px\" \/><\/p>\n<p>Muchas personas inician su \u201ccarrera\u201d bastantes metros por delante de las otras, pero en C\u00e1ritas nuestra misi\u00f3n es mirar y acompa\u00f1ar a aquellas que salen \u00faltimos. Es com\u00fan que quienes parten m\u00e1s rezagados, son los que no han crecido en un hogar con los dos padres, cuyos padres no nacieron en nuestro pa\u00eds, o no ten\u00edan estudios m\u00e1s all\u00e1 de la primaria; personas que no fueron motivadas para esforzarse en el colegio, o que sus padres no pudieron apoyarlos en los \u201cdeberes de clase\u201d, ya fuera acompa\u00f1ando o pagando un refuerzo educativo.<\/p>\n<h4><strong>Juntos para evitar la transmisi\u00f3n de la pobreza<\/strong><\/h4>\n<p>Estas situaciones de desventaja, adem\u00e1s de encontrase relacionadas con las caracter\u00edsticas familiares y con el proceso educativo, tienen que ver mucho con la relaci\u00f3n que los hogares de origen ten\u00edan con el trabajo y con la situaci\u00f3n econ\u00f3mica. En este sentido, la desventaja se centra especialmente en quienes vivieron graves dificultades econ\u00f3micas, con padres desempleados durante largos periodos o con ocupaciones menos cualificadas, y aquellos sin una red social de amigos o familiares con capacidad de ayudarles.<\/p>\n<p>Las ventajas o desventajas que nos afectan poco tienen que ver con nuestras decisiones o nuestras acciones, sino que se configuran a trav\u00e9s del contexto y las caracter\u00edsticas de nuestra familia de origen. A estas dificultades a las que se enfrentan las personas que vivieron su infancia y adolescencia en un hogar en pobreza, para prosperar econ\u00f3mica y socialmente, es a lo que llamamos \u201ctransmisi\u00f3n intergeneracional de la pobreza\u201d.<\/p>\n<h4><strong>Un ascensor que no para en las plantas m\u00e1s bajas<\/strong><\/h4>\n<p>Nos enfrentamos, por tanto, a una din\u00e1mica de movilidad social imperfecta e injusta para los m\u00e1s desfavorecidos. Imaginemos esta movilidad social, como un \u201cascensor social\u201d, que nos permite mejorar el nivel socioecon\u00f3mico de nuestros padres. Este ascensor no funciona correctamente, ya que no tiene parada en las \u201cplantas sociales m\u00e1s bajas\u201d y, por ende, no da oportunidad de recoger y mover a aquellas personas que habitan en situaciones desfavorecidas.<\/p>\n<p>En nuestra sociedad, las familias con hijos menores son el prototipo con mayores dificultades econ\u00f3micas y es donde m\u00e1s se vive la pobreza. Estos ni\u00f1os en etapa de crianza crecen desprotegidos y vulnerables. La pobreza se multiplica por dos en hogares con menores y casi por tres en familias numerosas.<\/p>\n<p>Las familias aportan al bienestar de la sociedad por partida doble: apoyan el presente con su trabajo, y el futuro con su esfuerzo reproductivo, que realizan con poco apoyo del Estado de bienestar. Sin embargo, la inversi\u00f3n que el Estado espa\u00f1ol realiza en pol\u00edticas p\u00fablicas destinadas a la familia y la infancia es insuficiente. Y, lejos de reforzarse, se han debilitado en los \u00faltimos a\u00f1os.<\/p>\n","protected":false},"excerpt":{"rendered":"<p>En la \u201ccarrera\u201d de la vida cada uno partimos de una posici\u00f3n diferente. Las caracter\u00edsticas personales y familiares nos sit\u00faan en un lugar m\u00e1s o menos adelantado de la l\u00ednea de salida. Mientras que no hagamos nada para remediarlo, la desigualdad de origen seguir\u00e1 marcando y condicionando nuestro desarrollo Muchas personas inician su \u201ccarrera\u201d bastantes [&hellip;]<\/p>\n","protected":false},"author":4,"featured_media":6553,"comment_status":"open","ping_status":"open","sticky":false,"template":"","format":"standard","meta":{"footnotes":""},"categories":[28],"tags":[1504,1518,730,1517,1038,1382],"autor":[1533],"class_list":["post-6551","post","type-post","status-publish","format-standard","has-post-thumbnail","hentry","category-familia-e-infancia","tag-crianza","tag-desarrollo","tag-familia","tag-pobres","tag-pobreza","tag-vulnerables","autor-raul-flores-esp"],"aioseo_notices":[],"_links":{"self":[{"href":"https:\/\/blog.caritas.barcelona\/es\/wp-json\/wp\/v2\/posts\/6551","targetHints":{"allow":["GET"]}}],"collection":[{"href":"https:\/\/blog.caritas.barcelona\/es\/wp-json\/wp\/v2\/posts"}],"about":[{"href":"https:\/\/blog.caritas.barcelona\/es\/wp-json\/wp\/v2\/types\/post"}],"author":[{"embeddable":true,"href":"https:\/\/blog.caritas.barcelona\/es\/wp-json\/wp\/v2\/users\/4"}],"replies":[{"embeddable":true,"href":"https:\/\/blog.caritas.barcelona\/es\/wp-json\/wp\/v2\/comments?post=6551"}],"version-history":[{"count":7,"href":"https:\/\/blog.caritas.barcelona\/es\/wp-json\/wp\/v2\/posts\/6551\/revisions"}],"predecessor-version":[{"id":6591,"href":"https:\/\/blog.caritas.barcelona\/es\/wp-json\/wp\/v2\/posts\/6551\/revisions\/6591"}],"wp:featuredmedia":[{"embeddable":true,"href":"https:\/\/blog.caritas.barcelona\/es\/wp-json\/wp\/v2\/media\/6553"}],"wp:attachment":[{"href":"https:\/\/blog.caritas.barcelona\/es\/wp-json\/wp\/v2\/media?parent=6551"}],"wp:term":[{"taxonomy":"category","embeddable":true,"href":"https:\/\/blog.caritas.barcelona\/es\/wp-json\/wp\/v2\/categories?post=6551"},{"taxonomy":"post_tag","embeddable":true,"href":"https:\/\/blog.caritas.barcelona\/es\/wp-json\/wp\/v2\/tags?post=6551"},{"taxonomy":"autor","embeddable":true,"href":"https:\/\/blog.caritas.barcelona\/es\/wp-json\/wp\/v2\/autor?post=6551"}],"curies":[{"name":"wp","href":"https:\/\/api.w.org\/{rel}","templated":true}]}}