{"id":6510,"date":"2019-10-02T12:57:56","date_gmt":"2019-10-02T10:57:56","guid":{"rendered":"https:\/\/blog.caritas.barcelona\/?p=6510"},"modified":"2019-10-17T16:33:42","modified_gmt":"2019-10-17T14:33:42","slug":"8-consejos-de-personas-mayores-para-conseguir-la-felicidad","status":"publish","type":"post","link":"https:\/\/blog.caritas.barcelona\/es\/personas-mayores\/8-consejos-de-personas-mayores-para-conseguir-la-felicidad\/","title":{"rendered":"8 consejos de personas mayores para conseguir la felicidad"},"content":{"rendered":"<p>Los ancianos que participan en el grupo de personas mayores de la parroquia de San Antonio de Llefi\u00e0 han escrito una carta ofreciendo valiosos consejos para vivir la vida con felicidad<\/p>\n<p><img loading=\"lazy\" decoding=\"async\" class=\"wp-image-6498 aligncenter\" src=\"https:\/\/blog.caritas.barcelona\/wp-content\/uploads\/sites\/2\/2017\/06\/collage-avis.png\" alt=\"avis-tramats-de-vida-llefia-badalona-caritas\" width=\"780\" height=\"636\" srcset=\"https:\/\/blog.caritas.barcelona\/wp-content\/uploads\/sites\/2\/2017\/06\/collage-avis.png 818w, https:\/\/blog.caritas.barcelona\/wp-content\/uploads\/sites\/2\/2017\/06\/collage-avis-300x245.png 300w, https:\/\/blog.caritas.barcelona\/wp-content\/uploads\/sites\/2\/2017\/06\/collage-avis-768x627.png 768w, https:\/\/blog.caritas.barcelona\/wp-content\/uploads\/sites\/2\/2017\/06\/collage-avis-600x490.png 600w\" sizes=\"auto, (max-width: 780px) 100vw, 780px\" \/><\/p>\n<p>&#8220;Estimada jovencita o jovencito,<\/p>\n<p>Aunque no nos conocemos, nos dirigimos a ti para darte algunos consejos y desearte que la vida que te queda por delante sea muy grata y feliz.<\/p>\n<ol>\n<li>Ver\u00e1s, somos EL GRUPO DE LA AMISTAD, de la Parroquia de St. Antonio de Padua de Badalona, \u200b\u200bun grupo de\u00a0<a href=\"https:\/\/caritas.barcelona\/es\/personas-mayores\/tramats-de-vida\/\" target=\"_blank\" rel=\"noopener noreferrer\">Tramats de vida<\/a>. Somos todas personas m\u00e1s mayores que t\u00fa y nos reunimos para realizar diferentes actividades que nos ayudan a soportar mejor y m\u00e1s dignamente esta etapa de nuestras vidas. De ah\u00ed surge el primer consejo que te damos: <strong>te invitamos a que vengas a conocernos personalment<\/strong>e y poderte dar algunas pautas para ayudar a que tu futura vida profesional, personal y familiar te resulte maravillosa en todos los aspectos.<\/li>\n<li>A todas nosotras, <strong>la vida nos ha dado una serie de alegr\u00edas, pero tambi\u00e9n hemos pasado por muchas calamidades<\/strong>. As\u00ed es. Pero con esp\u00edritu positivista todo se supera y las vivencias son m\u00e1s enriquecedoras. Este es otro de los consejos que te damos.<\/li>\n<li>Tienes que prepararte muy bien a nivel formativo: estudios, cursos,&#8230; As\u00ed estar\u00e1s en mejores condiciones para aspirar a un trabajo. Pero <strong>mucho m\u00e1s importante es que seas una muy buena persona, respetuosa, cumplidora, responsable, humilde, sencilla, que sepas escuchar, sobre todo a los que te quieren<\/strong>. Lo consideramos fundamental.<\/li>\n<li>Aunque en esta \u00e9poca que te ha tocado vivir es dif\u00edcil encontrar trabajo, cuando llegues a conseguirlo, <strong>ten paciencia: no seas muy exigente, defiende tus derechos, ad\u00e1ptate a las condiciones, sigue recicl\u00e1ndote para tener mejor preparaci\u00f3n<\/strong>,&#8230; Esto te ayudar\u00e1 a mejorar y sentirte m\u00e1s valorado\/a y querido\/a.<\/li>\n<li>No olvides nunca tus ra\u00edces, te han ayudado a ser lo que hoy eres. Si\u00e9ntete apoyado\/a y aconsejado\/a por tus padres, familiares y personas que te quieren. Ten confianza, entr\u00e9gate a ellos: nunca te defraudar\u00e1n porque te adoran.<\/li>\n<li>Procura cambiar esas viejas conductas-costumbres que no llevan a ninguna parte, trata de cambiarlas y te sentir\u00e1s mejor.<\/li>\n<li>Tienes que saber y tener claro el camino que m\u00e1s te interesa y tienes que aprovecharlo, dedicarte plenamente a ello, ser constante, defenderlo y seguir adelante.<\/li>\n<li><strong>A nivel econ\u00f3mico, debes ser como una &#8220;hormiguita&#8221;, siempre que puedas intenta ir guardando alg\u00fan dinerito<\/strong>. As\u00ed tendr\u00e1s una hucha para tu futuro. No olvides las dificultades por las que seguramente tus padres han pasado para sacar la familia adelante.<\/li>\n<\/ol>\n<p>En fin, estamos orgullosas de haber llegado a vivir lo que hemos vivido y ser lo que ahora somos: <strong>unas abuelitas muy felices<\/strong>.<\/p>\n<p>Deseamos que la vida te sonr\u00eda como nosotros. Siempre tendr\u00e1s a tu lado estas amigas.&#8221;<\/p>\n<p style=\"text-align: right\">Badalona, \u200b\u200bMarzo 2018<br \/>\nGRUPO DE LA AMISTAD<\/p>\n<p>&nbsp;<\/p>\n<p><img loading=\"lazy\" decoding=\"async\" class=\"size-full wp-image-6511 aligncenter\" src=\"https:\/\/blog.caritas.barcelona\/wp-content\/uploads\/sites\/2\/2018\/03\/ponte-en-la-piel-de-los-abuelos-algun-dia-tu-seras-uno.png\" alt=\"ponte-en-la-piel-de-los-abuelos-algun-dia-tu-seras-uno\" width=\"780\" height=\"56\" srcset=\"https:\/\/blog.caritas.barcelona\/wp-content\/uploads\/sites\/2\/2018\/03\/ponte-en-la-piel-de-los-abuelos-algun-dia-tu-seras-uno.png 780w, https:\/\/blog.caritas.barcelona\/wp-content\/uploads\/sites\/2\/2018\/03\/ponte-en-la-piel-de-los-abuelos-algun-dia-tu-seras-uno-300x22.png 300w, https:\/\/blog.caritas.barcelona\/wp-content\/uploads\/sites\/2\/2018\/03\/ponte-en-la-piel-de-los-abuelos-algun-dia-tu-seras-uno-768x55.png 768w, https:\/\/blog.caritas.barcelona\/wp-content\/uploads\/sites\/2\/2018\/03\/ponte-en-la-piel-de-los-abuelos-algun-dia-tu-seras-uno-600x43.png 600w\" sizes=\"auto, (max-width: 780px) 100vw, 780px\" \/><\/p>\n","protected":false},"excerpt":{"rendered":"<p>Los ancianos que participan en el grupo de personas mayores de la parroquia de San Antonio de Llefi\u00e0 han escrito una carta ofreciendo valiosos consejos para vivir la vida con felicidad &#8220;Estimada jovencita o jovencito, Aunque no nos conocemos, nos dirigimos a ti para darte algunos consejos y desearte que la vida que te queda [&hellip;]<\/p>\n","protected":false},"author":4,"featured_media":6508,"comment_status":"open","ping_status":"open","sticky":false,"template":"","format":"standard","meta":{"footnotes":""},"categories":[26],"tags":[1492,1493,1490,1970,1491,891],"autor":[36],"class_list":["post-6510","post","type-post","status-publish","format-standard","has-post-thumbnail","hentry","category-personas-mayores","tag-abuelas","tag-abuelos","tag-aprendizaje","tag-badalona-es","tag-felicidad","tag-personas-mayores","autor-caritas-diocesana-de-barcelona-es"],"aioseo_notices":[],"_links":{"self":[{"href":"https:\/\/blog.caritas.barcelona\/es\/wp-json\/wp\/v2\/posts\/6510","targetHints":{"allow":["GET"]}}],"collection":[{"href":"https:\/\/blog.caritas.barcelona\/es\/wp-json\/wp\/v2\/posts"}],"about":[{"href":"https:\/\/blog.caritas.barcelona\/es\/wp-json\/wp\/v2\/types\/post"}],"author":[{"embeddable":true,"href":"https:\/\/blog.caritas.barcelona\/es\/wp-json\/wp\/v2\/users\/4"}],"replies":[{"embeddable":true,"href":"https:\/\/blog.caritas.barcelona\/es\/wp-json\/wp\/v2\/comments?post=6510"}],"version-history":[{"count":5,"href":"https:\/\/blog.caritas.barcelona\/es\/wp-json\/wp\/v2\/posts\/6510\/revisions"}],"predecessor-version":[{"id":8498,"href":"https:\/\/blog.caritas.barcelona\/es\/wp-json\/wp\/v2\/posts\/6510\/revisions\/8498"}],"wp:featuredmedia":[{"embeddable":true,"href":"https:\/\/blog.caritas.barcelona\/es\/wp-json\/wp\/v2\/media\/6508"}],"wp:attachment":[{"href":"https:\/\/blog.caritas.barcelona\/es\/wp-json\/wp\/v2\/media?parent=6510"}],"wp:term":[{"taxonomy":"category","embeddable":true,"href":"https:\/\/blog.caritas.barcelona\/es\/wp-json\/wp\/v2\/categories?post=6510"},{"taxonomy":"post_tag","embeddable":true,"href":"https:\/\/blog.caritas.barcelona\/es\/wp-json\/wp\/v2\/tags?post=6510"},{"taxonomy":"autor","embeddable":true,"href":"https:\/\/blog.caritas.barcelona\/es\/wp-json\/wp\/v2\/autor?post=6510"}],"curies":[{"name":"wp","href":"https:\/\/api.w.org\/{rel}","templated":true}]}}