{"id":6420,"date":"2018-03-19T10:23:49","date_gmt":"2018-03-19T09:23:49","guid":{"rendered":"https:\/\/blog.caritas.barcelona\/?p=6420"},"modified":"2018-03-19T10:23:49","modified_gmt":"2018-03-19T09:23:49","slug":"antidoto-contra-la-soledad-de-las-personas-mayores-en-lhospitalet","status":"publish","type":"post","link":"https:\/\/blog.caritas.barcelona\/es\/personas-mayores\/antidoto-contra-la-soledad-de-las-personas-mayores-en-lhospitalet\/","title":{"rendered":"Ant\u00eddoto contra la soledad de las personas mayores en L&#8217;Hospitalet"},"content":{"rendered":"<p>El 3% del total de poblaci\u00f3n mayor de 85 a\u00f1os recibir\u00e1 apoyo y acompa\u00f1amiento gracias al proyecto Gesguard, que pone en marcha un camino de colaboraci\u00f3n entre la Fundaci\u00f3n Santa Eulalia y C\u00e1ritas Barcelona<\/p>\n<figure id=\"attachment_6415\" aria-describedby=\"caption-attachment-6415\" style=\"width: 780px\" class=\"wp-caption aligncenter\"><img loading=\"lazy\" decoding=\"async\" class=\"size-full wp-image-6415\" src=\"https:\/\/blog.caritas.barcelona\/wp-content\/uploads\/sites\/2\/2018\/03\/Conveni-gesguard-Fundaci\u00f3-SantaEul\u00e0lia-y-C\u00e1ritas.jpg\" alt=\"C\u00e0ritas-signa-conveni-gesguard-amb-fundaci\u00f3-santa-eulalia\" width=\"780\" height=\"520\" srcset=\"https:\/\/blog.caritas.barcelona\/wp-content\/uploads\/sites\/2\/2018\/03\/Conveni-gesguard-Fundaci\u00f3-SantaEul\u00e0lia-y-C\u00e1ritas.jpg 780w, https:\/\/blog.caritas.barcelona\/wp-content\/uploads\/sites\/2\/2018\/03\/Conveni-gesguard-Fundaci\u00f3-SantaEul\u00e0lia-y-C\u00e1ritas-300x200.jpg 300w, https:\/\/blog.caritas.barcelona\/wp-content\/uploads\/sites\/2\/2018\/03\/Conveni-gesguard-Fundaci\u00f3-SantaEul\u00e0lia-y-C\u00e1ritas-768x512.jpg 768w, https:\/\/blog.caritas.barcelona\/wp-content\/uploads\/sites\/2\/2018\/03\/Conveni-gesguard-Fundaci\u00f3-SantaEul\u00e0lia-y-C\u00e1ritas-600x400.jpg 600w\" sizes=\"auto, (max-width: 780px) 100vw, 780px\" \/><figcaption id=\"caption-attachment-6415\" class=\"wp-caption-text\">Foto: Fundaci\u00f3 Santa Eul\u00e0lia<\/figcaption><\/figure>\n<p>Una llamada telef\u00f3nica, una visita a domicilio o un paseo por las calles de la ciudad pueden acabar con la soledad que viven las personas mayores. Con el objetivo de que<strong> 250 abuelos y abuelas<\/strong> -el 3% de los hospitalencs mayores de 85 a\u00f1os- <strong>puedan disfrutar de un acompa\u00f1amiento y apoyo emocional<\/strong> as\u00ed como de protecci\u00f3n y tutor\u00eda en caso de una situaci\u00f3n de desamparo, C\u00e1ritas ha firmado un convenio de colaboraci\u00f3n con la <a href=\"http:\/\/www.fsantaeulalia.org\/\" target=\"_blank\" rel=\"noopener\">Fundaci\u00f3n Santa Eul\u00e0lia<\/a>.<\/p>\n<p>Esta colaboraci\u00f3n permitir\u00e1 que las personas mayores puedan tener <strong>m\u00e1s acompa\u00f1amiento<\/strong> por parte de voluntarios y, sobre todo, <strong>de manera m\u00e1s regular<\/strong>. La Fundaci\u00f3n Santa Eulalia conoce de primera mano a las personas que necesitan compa\u00f1\u00eda, ya que forman parte del proyecto Gesguard que ya tiene en marcha la entidad, y C\u00e1ritas aportar\u00e1 los voluntarios necesarios que los profesionales del proyecto pidan.<\/p>\n<h3>Voluntarios para acabar con la soledad<\/h3>\n<p>&nbsp;<\/p>\n<figure id=\"attachment_6417\" aria-describedby=\"caption-attachment-6417\" style=\"width: 780px\" class=\"wp-caption aligncenter\"><img loading=\"lazy\" decoding=\"async\" class=\"size-full wp-image-6417\" src=\"https:\/\/blog.caritas.barcelona\/wp-content\/uploads\/sites\/2\/2018\/03\/Signatura-conveni-gesguard-fundaci\u00f3-santa-eulalia-caritas.jpg\" alt=\"Busquets-i-jofre-signen-conveni-caritas-fundaci\u00f3-santa-eulalia-gesguard\" width=\"780\" height=\"520\" srcset=\"https:\/\/blog.caritas.barcelona\/wp-content\/uploads\/sites\/2\/2018\/03\/Signatura-conveni-gesguard-fundaci\u00f3-santa-eulalia-caritas.jpg 780w, https:\/\/blog.caritas.barcelona\/wp-content\/uploads\/sites\/2\/2018\/03\/Signatura-conveni-gesguard-fundaci\u00f3-santa-eulalia-caritas-300x200.jpg 300w, https:\/\/blog.caritas.barcelona\/wp-content\/uploads\/sites\/2\/2018\/03\/Signatura-conveni-gesguard-fundaci\u00f3-santa-eulalia-caritas-768x512.jpg 768w, https:\/\/blog.caritas.barcelona\/wp-content\/uploads\/sites\/2\/2018\/03\/Signatura-conveni-gesguard-fundaci\u00f3-santa-eulalia-caritas-600x400.jpg 600w\" sizes=\"auto, (max-width: 780px) 100vw, 780px\" \/><figcaption id=\"caption-attachment-6417\" class=\"wp-caption-text\">Foto: Fundaci\u00f3 Santa Eul\u00e0lia<\/figcaption><\/figure>\n<p>A afectos pr\u00e1cticos, supone poder<strong> llegar a m\u00e1s personas mayores que vivan solas<\/strong> y tengan v\u00ednculos relacionales d\u00e9biles, y ofrecerles un acompa\u00f1amiento m\u00e1s intensivo. Una de las acciones que se llevar\u00e1n a cabo es una llamada telef\u00f3nica en la que se ofrezca una escucha emp\u00e1tica y cari\u00f1osa. Al menos una vez por semana, los voluntarios llamar\u00e1n durante 10 minutos a las personas mayores que participen en este proyecto.<\/p>\n<p>Adem\u00e1s, una vez cada quince d\u00edas, les har\u00e1n una visita personal al domicilio de forma que los voluntarios puedan pasar un rato hablando con el abuelo o abuela. Y, una vez al mes, pasear\u00e1n juntos durante dos horas por las calles del barrio. As\u00ed, las personas mayores podr\u00e1n pasar un buen rato, conocer otros abuelos del barrio y ejercitar las piernas.<\/p>\n<p>Para la gente mayor que no tenga familia, se llevar\u00e1 a cabo una intervenci\u00f3n especial: se las acompa\u00f1ar\u00e1 para ir al m\u00e9dico o por otras gestiones necesarias en su d\u00eda a d\u00eda.<\/p>\n","protected":false},"excerpt":{"rendered":"<p>El 3% del total de poblaci\u00f3n mayor de 85 a\u00f1os recibir\u00e1 apoyo y acompa\u00f1amiento gracias al proyecto Gesguard, que pone en marcha un camino de colaboraci\u00f3n entre la Fundaci\u00f3n Santa Eulalia y C\u00e1ritas Barcelona Una llamada telef\u00f3nica, una visita a domicilio o un paseo por las calles de la ciudad pueden acabar con la soledad [&hellip;]<\/p>\n","protected":false},"author":4,"featured_media":6418,"comment_status":"open","ping_status":"open","sticky":false,"template":"","format":"standard","meta":{"footnotes":""},"categories":[26],"tags":[883,1475,1476,891,1474],"autor":[36],"class_list":["post-6420","post","type-post","status-publish","format-standard","has-post-thumbnail","hentry","category-personas-mayores","tag-convenio","tag-fundacion-santa-eulalia","tag-hospitalet-de-llobregat","tag-personas-mayores","tag-soledad","autor-caritas-diocesana-de-barcelona-es"],"aioseo_notices":[],"_links":{"self":[{"href":"https:\/\/blog.caritas.barcelona\/es\/wp-json\/wp\/v2\/posts\/6420","targetHints":{"allow":["GET"]}}],"collection":[{"href":"https:\/\/blog.caritas.barcelona\/es\/wp-json\/wp\/v2\/posts"}],"about":[{"href":"https:\/\/blog.caritas.barcelona\/es\/wp-json\/wp\/v2\/types\/post"}],"author":[{"embeddable":true,"href":"https:\/\/blog.caritas.barcelona\/es\/wp-json\/wp\/v2\/users\/4"}],"replies":[{"embeddable":true,"href":"https:\/\/blog.caritas.barcelona\/es\/wp-json\/wp\/v2\/comments?post=6420"}],"version-history":[{"count":1,"href":"https:\/\/blog.caritas.barcelona\/es\/wp-json\/wp\/v2\/posts\/6420\/revisions"}],"predecessor-version":[{"id":6421,"href":"https:\/\/blog.caritas.barcelona\/es\/wp-json\/wp\/v2\/posts\/6420\/revisions\/6421"}],"wp:featuredmedia":[{"embeddable":true,"href":"https:\/\/blog.caritas.barcelona\/es\/wp-json\/wp\/v2\/media\/6418"}],"wp:attachment":[{"href":"https:\/\/blog.caritas.barcelona\/es\/wp-json\/wp\/v2\/media?parent=6420"}],"wp:term":[{"taxonomy":"category","embeddable":true,"href":"https:\/\/blog.caritas.barcelona\/es\/wp-json\/wp\/v2\/categories?post=6420"},{"taxonomy":"post_tag","embeddable":true,"href":"https:\/\/blog.caritas.barcelona\/es\/wp-json\/wp\/v2\/tags?post=6420"},{"taxonomy":"autor","embeddable":true,"href":"https:\/\/blog.caritas.barcelona\/es\/wp-json\/wp\/v2\/autor?post=6420"}],"curies":[{"name":"wp","href":"https:\/\/api.w.org\/{rel}","templated":true}]}}