{"id":6376,"date":"2018-02-22T12:28:02","date_gmt":"2018-02-22T11:28:02","guid":{"rendered":"https:\/\/blog.caritas.barcelona\/?p=6376"},"modified":"2018-02-22T12:28:02","modified_gmt":"2018-02-22T11:28:02","slug":"3000-ilusiones-lanzate","status":"publish","type":"post","link":"https:\/\/blog.caritas.barcelona\/es\/formacion-e-insercion-laboral\/3000-ilusiones-lanzate\/","title":{"rendered":"3.000 ilusiones&#8230; \u00a1L\u00e1nzate!"},"content":{"rendered":"<p>En Feina amb Cor queremos poner en valor el esfuerzo de todas las personas que con su tenacidad, su perseverancia y su capacidad para no darse por vencidos han logrado su objetivo<\/p>\n<p>&#8220;Caes al suelo muy abajo, crees que no vas a salir, pero con los meses te das cuenta que vuelves a empezar&#8230;&#8221;. Este es el texto de una canci\u00f3n, s\u00ed, a veces una canci\u00f3n ha servido para animar a alguien antes de entrar a una entrevista de trabajo. O quiz\u00e1s ha sido enviar una imagen, o una frase con un mensaje de \u00e1nimo. Quiz\u00e1s ha sido una sonrisa, una llamada de coraje o una recordando que T\u00da eres el mejor profesional del planeta y que realmente si te lo propones lo puedes conseguir y&#8230; que nosotros, el proyecto <a href=\"https:\/\/caritas.barcelona\/es\/formacion-e-insercion-laboral\/servicio-de-ocupacion-feina-amb-cor\/\" target=\"_blank\" rel=\"noopener\">Feina amb Cor<\/a>, siempre estaremos aqu\u00ed para acompa\u00f1arte y para recordarte que eres el protagonista de tu historia, y esta historia la podemos escribir juntos.<\/p>\n<p><img loading=\"lazy\" decoding=\"async\" class=\"alignnone size-full wp-image-6353\" src=\"https:\/\/blog.caritas.barcelona\/wp-content\/uploads\/sites\/2\/2018\/02\/20160726_feina_amb_cor-25.jpg\" alt=\"trobar-treball-treballar-treball-digne\" width=\"768\" height=\"505\" srcset=\"https:\/\/blog.caritas.barcelona\/wp-content\/uploads\/sites\/2\/2018\/02\/20160726_feina_amb_cor-25.jpg 768w, https:\/\/blog.caritas.barcelona\/wp-content\/uploads\/sites\/2\/2018\/02\/20160726_feina_amb_cor-25-300x197.jpg 300w, https:\/\/blog.caritas.barcelona\/wp-content\/uploads\/sites\/2\/2018\/02\/20160726_feina_amb_cor-25-600x395.jpg 600w\" sizes=\"auto, (max-width: 768px) 100vw, 768px\" \/><\/p>\n<p>&nbsp;<\/p>\n<p>Ya han sido 3.000 historias, 3.000 sentimientos encontrados, 3.000 maneras de ver y de vivir la vida, 3.000 dificultades vencidas, 3.000 sue\u00f1os, 3.000 esfuerzos y 3.000 felicitaciones por 3.000 personas que han encontrado trabajo.<\/p>\n<h4>La esencia de Feina amb Cor<\/h4>\n<p>Acompa\u00f1ar es acoger, es generar confianza, es explorar en compa\u00f1\u00eda, es construir juntos, es apoderarse. Acompa\u00f1ar es quedarse cuando todo el mundo se ha ido, es estar all\u00ed cuando todo va mal, es alentar sin tregua.<\/p>\n<p>Acompa\u00f1ar es caminar juntos, es compartir energ\u00eda, es coger impulso detr\u00e1s de cada revuelo. Acompa\u00f1ar es una responsabilidad compartida, es un placer y, al mismo tiempo, un gran compromiso. Acompa\u00f1ar es mostrar caminos y respetar cada decisi\u00f3n como si fuera nuestra&#8230; Acompa\u00f1ar es prepararnos para enfrentarnos juntos al fracaso y ser creativos para vencerlo.<\/p>\n<p>Acompa\u00f1ar tambi\u00e9n es recibir, es alegr\u00eda, son logros, son nervios antes de una entrevista y sonrisas despu\u00e9s de cada contrataci\u00f3n. Son risas de nervios y l\u00e1grimas de alegr\u00eda. Son sentimientos encontrados y, a menudo, un buen pu\u00f1ado de sentimientos descubiertos con el trabajo de cada d\u00eda.<\/p>\n<p>En Feina amb Cor queremos poner en valor el esfuerzo de todas las personas que con su tenacidad, su perseverancia y su capacidad para no darse por vencidos han logrado su objetivo. Ya son m\u00e1s de 3.000 inserciones, 3.000 ilusiones cumplidas y juntos, desde C\u00e1ritas, trabajaremos incansables para que pronto sean muchos miles m\u00e1s.<\/p>\n<p>\u00a1Muchas felicidades!<\/p>\n","protected":false},"excerpt":{"rendered":"<p>En Feina amb Cor queremos poner en valor el esfuerzo de todas las personas que con su tenacidad, su perseverancia y su capacidad para no darse por vencidos han logrado su objetivo &#8220;Caes al suelo muy abajo, crees que no vas a salir, pero con los meses te das cuenta que vuelves a empezar&#8230;&#8221;. Este [&hellip;]<\/p>\n","protected":false},"author":4,"featured_media":6364,"comment_status":"open","ping_status":"open","sticky":false,"template":"","format":"standard","meta":{"footnotes":""},"categories":[27],"tags":[1446,124,828,945],"autor":[1445],"class_list":["post-6376","post","type-post","status-publish","format-standard","has-post-thumbnail","hentry","category-formacion-e-insercion-laboral","tag-encontrar-trabajo","tag-feina-amb-cor","tag-insercion-laboral","tag-trabajo","autor-montserrat-roger-es"],"aioseo_notices":[],"_links":{"self":[{"href":"https:\/\/blog.caritas.barcelona\/es\/wp-json\/wp\/v2\/posts\/6376","targetHints":{"allow":["GET"]}}],"collection":[{"href":"https:\/\/blog.caritas.barcelona\/es\/wp-json\/wp\/v2\/posts"}],"about":[{"href":"https:\/\/blog.caritas.barcelona\/es\/wp-json\/wp\/v2\/types\/post"}],"author":[{"embeddable":true,"href":"https:\/\/blog.caritas.barcelona\/es\/wp-json\/wp\/v2\/users\/4"}],"replies":[{"embeddable":true,"href":"https:\/\/blog.caritas.barcelona\/es\/wp-json\/wp\/v2\/comments?post=6376"}],"version-history":[{"count":1,"href":"https:\/\/blog.caritas.barcelona\/es\/wp-json\/wp\/v2\/posts\/6376\/revisions"}],"predecessor-version":[{"id":6378,"href":"https:\/\/blog.caritas.barcelona\/es\/wp-json\/wp\/v2\/posts\/6376\/revisions\/6378"}],"wp:featuredmedia":[{"embeddable":true,"href":"https:\/\/blog.caritas.barcelona\/es\/wp-json\/wp\/v2\/media\/6364"}],"wp:attachment":[{"href":"https:\/\/blog.caritas.barcelona\/es\/wp-json\/wp\/v2\/media?parent=6376"}],"wp:term":[{"taxonomy":"category","embeddable":true,"href":"https:\/\/blog.caritas.barcelona\/es\/wp-json\/wp\/v2\/categories?post=6376"},{"taxonomy":"post_tag","embeddable":true,"href":"https:\/\/blog.caritas.barcelona\/es\/wp-json\/wp\/v2\/tags?post=6376"},{"taxonomy":"autor","embeddable":true,"href":"https:\/\/blog.caritas.barcelona\/es\/wp-json\/wp\/v2\/autor?post=6376"}],"curies":[{"name":"wp","href":"https:\/\/api.w.org\/{rel}","templated":true}]}}