{"id":6321,"date":"2018-02-19T10:58:25","date_gmt":"2018-02-19T09:58:25","guid":{"rendered":"https:\/\/blog.caritas.barcelona\/?p=6321"},"modified":"2018-02-19T10:58:25","modified_gmt":"2018-02-19T09:58:25","slug":"la-orientadora-de-los-desempleados","status":"publish","type":"post","link":"https:\/\/blog.caritas.barcelona\/es\/formacion-e-insercion-laboral\/la-orientadora-de-los-desempleados\/","title":{"rendered":"La orientadora de los desempleados"},"content":{"rendered":"<p>Desde el programa de formaci\u00f3n e inserci\u00f3n laboral, la vasca Mar\u00eda del Coro Querejeta, de 76 a\u00f1os, se ha encargado de orientar, capacitar y ubicar en puestos de trabajo a gente del pa\u00eds y de diferentes partes del mundo. Hoy, en retiro, comparte su aprendizaje<\/p>\n<p>&nbsp;<\/p>\n<p>Volver a empezar. Como por ejemplo, en la b\u00fasqueda de trabajo y en la recuperaci\u00f3n de la dignidad con la esperanza de que todos tengamos los mismos derechos de inclusi\u00f3n y oportunidades en la sociedad. Desde las personas de nacionalidad espa\u00f1ola hasta los inmigrantes. Imag\u00ednate empezar, pero acompa\u00f1ado. Eso pretende el <a href=\"https:\/\/caritas.barcelona\/formacio-i-insercio-laboral\/\">programa de formaci\u00f3n e inserci\u00f3n laboral<\/a>, donde Mar\u00eda del Coro Querejeta fue voluntaria durante 13 a\u00f1os.<\/p>\n<h4><strong>Camino al andar<\/strong><\/h4>\n<p>Coro sabe bien lo que es empezar. Lo hizo hace cincuenta a\u00f1os cuando dej\u00f3 su natal San Sebasti\u00e1n para residir en Barcelona. Despu\u00e9s de su separaci\u00f3n y, con un hijo, supo que volver\u00eda a comenzar, pero como voluntaria. Ser psic\u00f3loga de profesi\u00f3n la ayud\u00f3 en este prop\u00f3sito. Primero lo hizo con su voz en el Tel\u00e9fono de la Esperanza, luego se acerc\u00f3 a C\u00e1ritas y emprendi\u00f3 la tarea de dar clases de cocina espa\u00f1ola en Sagrada Familia.<\/p>\n<p>Ya en el programa de formaci\u00f3n e inserci\u00f3n laboral, no ten\u00eda horario, pero estaba siempre conectada al ordenador y al m\u00f3vil para responder a las demandas del mercado. Atend\u00eda las ofertas laborales y entrevistas. As\u00ed conoci\u00f3 el perfil de \u201csus chicas\u201d, como las llama con cari\u00f1o, para asignar a las personas m\u00e1s aptas en servicio dom\u00e9stico.<\/p>\n<p>\u201c\u00a1La experiencia con C\u00e1ritas ha sido buen\u00edsima! Atend\u00eda a personas llegadas, principalmente, de Sudam\u00e9rica. Cuando empec\u00e9, casi todos eran bolivianos de Cochabamba y Santa Cruz. Yo siempre dec\u00eda de broma: \u00a1esos lugares deben de estar vac\u00edos!\u201d, sonr\u00ede escuetamente.<\/p>\n<p><img loading=\"lazy\" decoding=\"async\" class=\"alignnone size-full wp-image-6324\" src=\"https:\/\/blog.caritas.barcelona\/wp-content\/uploads\/sites\/2\/2018\/02\/IMG_0301_edited1.jpg\" alt=\"voluntariado-formaci\u00f3n-inserci\u00f3n-laboral-inclusi\u00f3n-social-trabajo-digno\" width=\"768\" height=\"521\" srcset=\"https:\/\/blog.caritas.barcelona\/wp-content\/uploads\/sites\/2\/2018\/02\/IMG_0301_edited1.jpg 768w, https:\/\/blog.caritas.barcelona\/wp-content\/uploads\/sites\/2\/2018\/02\/IMG_0301_edited1-300x204.jpg 300w, https:\/\/blog.caritas.barcelona\/wp-content\/uploads\/sites\/2\/2018\/02\/IMG_0301_edited1-600x407.jpg 600w\" sizes=\"auto, (max-width: 768px) 100vw, 768px\" \/><\/p>\n<h4><strong>Inclusi\u00f3n social<\/strong><\/h4>\n<p>En la \u00e9poca de crisis, adem\u00e1s de los inmigrantes, se sumaban los parados del pa\u00eds. La diferencia es que, en algunos casos, no estaban dispuestos a realizar ciertos oficios. La actual precariedad ha democratizado esa realidad. \u201cNing\u00fan trabajo es m\u00e1s que otro. El servicio dom\u00e9stico profesionalizado es digno y bien remunerado\u201d, afirma la ex voluntaria.<\/p>\n<p>A Coro le toc\u00f3 conocer gente con problemas psicol\u00f3gicos, fruto del choque cultural y el tener que alejarse de su tierra y familia. Pero tambi\u00e9n reconoci\u00f3 el esp\u00edritu de lucha y poder de resiliencia. La misi\u00f3n de hoy es regularizar los papeles de las personas migradas y crear redes m\u00e1s solidarias entre los ciudadanos de un mismo pa\u00eds.<\/p>\n<p>Despu\u00e9s de la experiencia con C\u00e1ritas, el 31 de julio de 2017, Coro decidi\u00f3 empezar de nuevo. Su d\u00eda a d\u00eda transcurre entre un curso de historia del arte y el apoyo escolar que ofrece en el Raval. Ni ella misma se lo cree cuando ense\u00f1a o corrige oralmente en catal\u00e1n, pues aunque lo entiende y lee perfectamente, los idiomas nunca fueron su fuerte.<\/p>\n<p>&#8211; \u00bfTe ves siendo atendida por una de \u201ctus chicas\u201d cuando seas m\u00e1s mayor?<\/p>\n<p>&#8211; \u00a1\u00a1\u00a1Nooo!!! Aprecio y admiro su trabajo, pero soy demasiado sociable para estar sola y solo con una persona. Me veo, si se puede, en una residencia conversando con todos y jugando a las cartas.<\/p>\n","protected":false},"excerpt":{"rendered":"<p>Desde el programa de formaci\u00f3n e inserci\u00f3n laboral, la vasca Mar\u00eda del Coro Querejeta, de 76 a\u00f1os, se ha encargado de orientar, capacitar y ubicar en puestos de trabajo a gente del pa\u00eds y de diferentes partes del mundo. Hoy, en retiro, comparte su aprendizaje &nbsp; Volver a empezar. Como por ejemplo, en la b\u00fasqueda [&hellip;]<\/p>\n","protected":false},"author":4,"featured_media":6322,"comment_status":"open","ping_status":"open","sticky":false,"template":"","format":"standard","meta":{"footnotes":""},"categories":[27],"tags":[1427,1425,1423,1413,1424,828,1426,1336],"autor":[36],"class_list":["post-6321","post","type-post","status-publish","format-standard","has-post-thumbnail","hentry","category-formacion-e-insercion-laboral","tag-acompanamiento","tag-espanoles","tag-formacion-laboral","tag-inclusion-social","tag-inmigrantes","tag-insercion-laboral","tag-orientacion","tag-trabajo-digno","autor-caritas-diocesana-de-barcelona-es"],"aioseo_notices":[],"_links":{"self":[{"href":"https:\/\/blog.caritas.barcelona\/es\/wp-json\/wp\/v2\/posts\/6321","targetHints":{"allow":["GET"]}}],"collection":[{"href":"https:\/\/blog.caritas.barcelona\/es\/wp-json\/wp\/v2\/posts"}],"about":[{"href":"https:\/\/blog.caritas.barcelona\/es\/wp-json\/wp\/v2\/types\/post"}],"author":[{"embeddable":true,"href":"https:\/\/blog.caritas.barcelona\/es\/wp-json\/wp\/v2\/users\/4"}],"replies":[{"embeddable":true,"href":"https:\/\/blog.caritas.barcelona\/es\/wp-json\/wp\/v2\/comments?post=6321"}],"version-history":[{"count":1,"href":"https:\/\/blog.caritas.barcelona\/es\/wp-json\/wp\/v2\/posts\/6321\/revisions"}],"predecessor-version":[{"id":6326,"href":"https:\/\/blog.caritas.barcelona\/es\/wp-json\/wp\/v2\/posts\/6321\/revisions\/6326"}],"wp:featuredmedia":[{"embeddable":true,"href":"https:\/\/blog.caritas.barcelona\/es\/wp-json\/wp\/v2\/media\/6322"}],"wp:attachment":[{"href":"https:\/\/blog.caritas.barcelona\/es\/wp-json\/wp\/v2\/media?parent=6321"}],"wp:term":[{"taxonomy":"category","embeddable":true,"href":"https:\/\/blog.caritas.barcelona\/es\/wp-json\/wp\/v2\/categories?post=6321"},{"taxonomy":"post_tag","embeddable":true,"href":"https:\/\/blog.caritas.barcelona\/es\/wp-json\/wp\/v2\/tags?post=6321"},{"taxonomy":"autor","embeddable":true,"href":"https:\/\/blog.caritas.barcelona\/es\/wp-json\/wp\/v2\/autor?post=6321"}],"curies":[{"name":"wp","href":"https:\/\/api.w.org\/{rel}","templated":true}]}}