{"id":6302,"date":"2018-02-13T11:47:17","date_gmt":"2018-02-13T10:47:17","guid":{"rendered":"https:\/\/blog.caritas.barcelona\/?p=6302"},"modified":"2018-02-13T11:58:24","modified_gmt":"2018-02-13T10:58:24","slug":"arquitectos-tecnicos-aparejadores-e-ingenieros-de-edificacion-comprometidos-con-caritas","status":"publish","type":"post","link":"https:\/\/blog.caritas.barcelona\/es\/entidades-con-corazon\/arquitectos-tecnicos-aparejadores-e-ingenieros-de-edificacion-comprometidos-con-caritas\/","title":{"rendered":"Arquitectos t\u00e9cnicos, aparejadores e ingenieros de edificaci\u00f3n comprometidos con C\u00e1ritas"},"content":{"rendered":"<p><strong>El colegio de Aparejadores, Arquitectos T\u00e9cnicos e Ingenieros de Edificaci\u00f3n de Barcelona (CAATEEB) visita la Escuela Social de Hospitalet de Llobregat de C\u00e1ritas Diocesana de Barcelona<\/strong><\/p>\n<p>&nbsp;<\/p>\n<p><img loading=\"lazy\" decoding=\"async\" class=\"alignnone size-large wp-image-6294\" src=\"https:\/\/blog.caritas.barcelona\/wp-content\/uploads\/sites\/2\/2018\/02\/20180131_Firma_conveni_aparelladors_caritas-3-1024x768.jpg\" alt=\"\" width=\"1024\" height=\"768\" \/><\/p>\n<p>El pasado 31 de enero, el presidente del <a href=\"https:\/\/www.apabcn.cat\/ca_es\/Pagines\/inici.aspx\" target=\"_blank\" rel=\"noopener\">colegio de Aparejadores, Arquitectos T\u00e9cnicos e Ingenieros de Edificaci\u00f3n de Barcelona<\/a>, \u200b\u200bJordi Gosalves y varios miembros de la junta de gobierno del CAATEEB visitaron la Escuela Social de Hospitalet de Llobregat junto al Director de C\u00e1ritas Diocesana de Barcelona, \u200b\u200bSalvador Busquets.<\/p>\n<p>La Escuela Social es un proyecto de C\u00e1ritas Diocesana de Barcelona que <strong>ofrece inserci\u00f3n laboral a todas aquellas personas que se encuentran sin trabajo<\/strong>. Por medio de un itinerario laboral, las personas realizan diferente actividades que ofrece el centro para conseguir un trabajo. Los alumnos de la escuela aprenden a hacer b\u00fasqueda de ofertas laborales, a mejorar el aprendizaje de la lengua, a formarse en el \u00e1mbito relacional e incluso a hacer costura, entre otras actividades. <strong>El proyecto hace m\u00e1s de 25 a\u00f1os que est\u00e1 situado en el barrio de Pubilla Casas, y cuenta con m\u00e1s de 80 personas voluntarias que colaboran con los profesionales de la entidad.<\/strong><\/p>\n<p><img loading=\"lazy\" decoding=\"async\" class=\"alignnone size-large wp-image-6298\" src=\"https:\/\/blog.caritas.barcelona\/wp-content\/uploads\/sites\/2\/2018\/02\/20180131_Firma_conveni_aparelladors_caritas-29-1024x768.jpg\" alt=\"\" width=\"1024\" height=\"768\" \/><\/p>\n<p>Gracias a la colaboraci\u00f3n del colegio de Aparejadores, Arquitectos T\u00e9cnicos e Ingenieros de Edificaci\u00f3n de Barcelona, <strong>\u200b\u200b<\/strong><strong>el centro cuenta con una nueva instalaci\u00f3n de radiadores. Adem\u00e1s, los profesionales del colegio ayudan a C\u00e1ritas Diocesana de Barcelona tramitado las licencias de actividad de espacios como la Escuela Social de forma totalmente altruista.<\/strong><\/p>\n<p>Durante la visita de la Escuela, el presidente del CAATEEB Jordi Gosalves agradeci\u00f3 la labor de CDB con las personas vulnerables que est\u00e1n m\u00e1s cerca. Asimismo se mostr\u00f3 muy satisfecho de la colaboraci\u00f3n con C\u00e1ritas<strong>. &#8220;Ayudar a C\u00e1ritas es una recompensa. Nos sentimos integrados con la filosof\u00eda de la entidad y nos gusta que tengamos intereses compartidos en favor de aquellos que m\u00e1s lo necesitan&#8221;<\/strong>, afirm\u00f3 Gosalves. La Escuela Social de Hospitalet forma a unas setenta personas al d\u00eda, <strong>y a lo largo del a\u00f1o pueden llegar a pasar unas 900 personas.<\/strong><\/p>\n<p><img loading=\"lazy\" decoding=\"async\" class=\"alignnone size-large wp-image-6296\" src=\"https:\/\/blog.caritas.barcelona\/wp-content\/uploads\/sites\/2\/2018\/02\/20180131_Firma_conveni_aparelladors_caritas-12-1024x768.jpg\" alt=\"\" width=\"1024\" height=\"768\" \/><\/p>\n<p>Por parte de C\u00e1ritas Diocesana de Barcelona, \u200b\u200bel Director de la entidad, Salvador Busquets, agradeci\u00f3 la colaboraci\u00f3n del CAATEEB, destacando la importancia de crear nuevas vinculaciones con colegios profesionales<strong>. &#8220;Es muy importante contar con el conocimiento de los profesionales del CAATEEB, y poderlos aplicar en los espacios de C\u00e1ritas es todo un lujo&#8221;<\/strong>, destac\u00f3 Busquets.<\/p>\n<p>El presidente del CAATEEB remarc\u00f3 que hay que hacer bien las cosas para construir una sociedad m\u00e1s justa, y que con entidades como C\u00e1ritas esto es posible. <strong>&#8220;C\u00e1ritas ayuda a las personas que est\u00e1n al lado de casa, sean como sean y vengan de donde vengan. Queremos que C\u00e1ritas saque jugo de todos los profesionales del CAATEEB&#8221;<\/strong>, expres\u00f3 Gosalves.<\/p>\n<p>&nbsp;<\/p>\n<p><iframe loading=\"lazy\" title=\"Visita del col\u00b7legi d&#039;aparelladors de Barcelona a C\u00e0ritas Diocesana de Barcelona\" width=\"500\" height=\"281\" src=\"https:\/\/www.youtube.com\/embed\/TZXBzXV_e5U?feature=oembed\" frameborder=\"0\" allow=\"accelerometer; autoplay; clipboard-write; encrypted-media; gyroscope; picture-in-picture; web-share\" referrerpolicy=\"strict-origin-when-cross-origin\" allowfullscreen><\/iframe><\/p>\n<p>&nbsp;<\/p>\n<p><strong>Si eres una empresa y tambi\u00e9n quieres ser una Entidad con Coraz\u00f3n, puede hacerlo en\u00a0<a href=\"https:\/\/caritas.barcelona\/es\/entidades-con-corazon\/\" target=\"_blank\" rel=\"noopener\">https:\/\/caritas.barcelona\/es\/entidades-con-corazon\/<\/a><\/strong><\/p>\n","protected":false},"excerpt":{"rendered":"<p>El colegio de Aparejadores, Arquitectos T\u00e9cnicos e Ingenieros de Edificaci\u00f3n de Barcelona (CAATEEB) visita la Escuela Social de Hospitalet de Llobregat de C\u00e1ritas Diocesana de Barcelona &nbsp; El pasado 31 de enero, el presidente del colegio de Aparejadores, Arquitectos T\u00e9cnicos e Ingenieros de Edificaci\u00f3n de Barcelona, \u200b\u200bJordi Gosalves y varios miembros de la junta de [&hellip;]<\/p>\n","protected":false},"author":4,"featured_media":6297,"comment_status":"open","ping_status":"open","sticky":false,"template":"","format":"standard","meta":{"footnotes":""},"categories":[22],"tags":[62,1421,1224,54,192,850,85,223,945],"autor":[1212],"class_list":["post-6302","post","type-post","status-publish","format-standard","has-post-thumbnail","hentry","category-entidades-con-corazon","tag-barcelona","tag-caateeb","tag-caritas-es","tag-caritas-diocesana-de-barcelona","tag-conveni","tag-hospitalet","tag-rsc","tag-solidari","tag-trabajo","autor-jordi-julia-es"],"aioseo_notices":[],"_links":{"self":[{"href":"https:\/\/blog.caritas.barcelona\/es\/wp-json\/wp\/v2\/posts\/6302","targetHints":{"allow":["GET"]}}],"collection":[{"href":"https:\/\/blog.caritas.barcelona\/es\/wp-json\/wp\/v2\/posts"}],"about":[{"href":"https:\/\/blog.caritas.barcelona\/es\/wp-json\/wp\/v2\/types\/post"}],"author":[{"embeddable":true,"href":"https:\/\/blog.caritas.barcelona\/es\/wp-json\/wp\/v2\/users\/4"}],"replies":[{"embeddable":true,"href":"https:\/\/blog.caritas.barcelona\/es\/wp-json\/wp\/v2\/comments?post=6302"}],"version-history":[{"count":4,"href":"https:\/\/blog.caritas.barcelona\/es\/wp-json\/wp\/v2\/posts\/6302\/revisions"}],"predecessor-version":[{"id":6307,"href":"https:\/\/blog.caritas.barcelona\/es\/wp-json\/wp\/v2\/posts\/6302\/revisions\/6307"}],"wp:featuredmedia":[{"embeddable":true,"href":"https:\/\/blog.caritas.barcelona\/es\/wp-json\/wp\/v2\/media\/6297"}],"wp:attachment":[{"href":"https:\/\/blog.caritas.barcelona\/es\/wp-json\/wp\/v2\/media?parent=6302"}],"wp:term":[{"taxonomy":"category","embeddable":true,"href":"https:\/\/blog.caritas.barcelona\/es\/wp-json\/wp\/v2\/categories?post=6302"},{"taxonomy":"post_tag","embeddable":true,"href":"https:\/\/blog.caritas.barcelona\/es\/wp-json\/wp\/v2\/tags?post=6302"},{"taxonomy":"autor","embeddable":true,"href":"https:\/\/blog.caritas.barcelona\/es\/wp-json\/wp\/v2\/autor?post=6302"}],"curies":[{"name":"wp","href":"https:\/\/api.w.org\/{rel}","templated":true}]}}