{"id":6280,"date":"2017-12-28T19:36:09","date_gmt":"2017-12-28T18:36:09","guid":{"rendered":"https:\/\/blog.caritas.barcelona\/?p=6280"},"modified":"2018-02-07T19:37:41","modified_gmt":"2018-02-07T18:37:41","slug":"ferrero-fa-una-donacio-de-material-a-caritas","status":"publish","type":"post","link":"https:\/\/blog.caritas.barcelona\/es\/entidades-con-corazon\/ferrero-fa-una-donacio-de-material-a-caritas\/","title":{"rendered":"Ferrero fa una donaci\u00f3 de material a C\u00e0ritas"},"content":{"rendered":"<p>Ferrero nos ha hecho una donaci\u00f3n de mochilas por el Centro Abierto Torre Bar\u00f3.<\/p>\n<p>Este centros da respuesta a las familias que sufren situaciones sociales y familiares m\u00e1s desfavorables con ni\u00f1os y ni\u00f1as de entre 4 y 16 a\u00f1os.<\/p>\n<p><img loading=\"lazy\" decoding=\"async\" class=\"aligncenter wp-image-6277 size-full\" src=\"https:\/\/blog.caritas.barcelona\/wp-content\/uploads\/sites\/2\/2018\/02\/ferrero.png\" alt=\"\" width=\"500\" height=\"320\" srcset=\"https:\/\/blog.caritas.barcelona\/wp-content\/uploads\/sites\/2\/2018\/02\/ferrero.png 500w, https:\/\/blog.caritas.barcelona\/wp-content\/uploads\/sites\/2\/2018\/02\/ferrero-300x192.png 300w\" sizes=\"auto, (max-width: 500px) 100vw, 500px\" \/><\/p>\n<p>En el Centro Abierto Torre Bar\u00f3 atienden a unos 30 ni\u00f1os y ni\u00f1as. Y en Navidad, como cada a\u00f1o, recibimos la donaci\u00f3n de chocolate y bombones que se encargan de endulzar todos los centros donde atem Ni\u00f1os y J\u00f3venes como son los maternos, los Paid\u00f3s, los Centros Abiertos, Marialar &#8230;<\/p>\n<p>Muchas gracias de todo coraz\u00f3n a Ferrero !!!<\/p>\n","protected":false},"excerpt":{"rendered":"<p>Ferrero nos ha hecho una donaci\u00f3n de mochilas por el Centro Abierto Torre Bar\u00f3. Este centros da respuesta a las familias que sufren situaciones sociales y familiares m\u00e1s desfavorables con ni\u00f1os y ni\u00f1as de entre 4 y 16 a\u00f1os. En el Centro Abierto Torre Bar\u00f3 atienden a unos 30 ni\u00f1os y ni\u00f1as. Y en Navidad, [&hellip;]<\/p>\n","protected":false},"author":5,"featured_media":6278,"comment_status":"open","ping_status":"open","sticky":false,"template":"","format":"standard","meta":{"footnotes":""},"categories":[22],"tags":[1224,974,829,398,205],"autor":[1228],"class_list":["post-6280","post","type-post","status-publish","format-standard","has-post-thumbnail","hentry","category-entidades-con-corazon","tag-caritas-es","tag-centro-abierto-de-torre-baro","tag-donacion","tag-ferrero","tag-material","autor-albert-escuder-es"],"aioseo_notices":[],"_links":{"self":[{"href":"https:\/\/blog.caritas.barcelona\/es\/wp-json\/wp\/v2\/posts\/6280","targetHints":{"allow":["GET"]}}],"collection":[{"href":"https:\/\/blog.caritas.barcelona\/es\/wp-json\/wp\/v2\/posts"}],"about":[{"href":"https:\/\/blog.caritas.barcelona\/es\/wp-json\/wp\/v2\/types\/post"}],"author":[{"embeddable":true,"href":"https:\/\/blog.caritas.barcelona\/es\/wp-json\/wp\/v2\/users\/5"}],"replies":[{"embeddable":true,"href":"https:\/\/blog.caritas.barcelona\/es\/wp-json\/wp\/v2\/comments?post=6280"}],"version-history":[{"count":1,"href":"https:\/\/blog.caritas.barcelona\/es\/wp-json\/wp\/v2\/posts\/6280\/revisions"}],"predecessor-version":[{"id":6281,"href":"https:\/\/blog.caritas.barcelona\/es\/wp-json\/wp\/v2\/posts\/6280\/revisions\/6281"}],"wp:featuredmedia":[{"embeddable":true,"href":"https:\/\/blog.caritas.barcelona\/es\/wp-json\/wp\/v2\/media\/6278"}],"wp:attachment":[{"href":"https:\/\/blog.caritas.barcelona\/es\/wp-json\/wp\/v2\/media?parent=6280"}],"wp:term":[{"taxonomy":"category","embeddable":true,"href":"https:\/\/blog.caritas.barcelona\/es\/wp-json\/wp\/v2\/categories?post=6280"},{"taxonomy":"post_tag","embeddable":true,"href":"https:\/\/blog.caritas.barcelona\/es\/wp-json\/wp\/v2\/tags?post=6280"},{"taxonomy":"autor","embeddable":true,"href":"https:\/\/blog.caritas.barcelona\/es\/wp-json\/wp\/v2\/autor?post=6280"}],"curies":[{"name":"wp","href":"https:\/\/api.w.org\/{rel}","templated":true}]}}