{"id":6231,"date":"2018-02-02T10:57:48","date_gmt":"2018-02-02T09:57:48","guid":{"rendered":"https:\/\/blog.caritas.barcelona\/?p=6231"},"modified":"2018-02-02T09:19:58","modified_gmt":"2018-02-02T08:19:58","slug":"tres-anos-de-clandestinidad-para-vivir-y-trabajar-en-nuestro-pais","status":"publish","type":"post","link":"https:\/\/blog.caritas.barcelona\/es\/formacion-e-insercion-laboral\/tres-anos-de-clandestinidad-para-vivir-y-trabajar-en-nuestro-pais\/","title":{"rendered":"Tres a\u00f1os de clandestinidad para vivir y trabajar en nuestro pa\u00eds"},"content":{"rendered":"<p>La situaci\u00f3n irregular de los migrantes y las duras condiciones legales a las que se enfrentan, retrasan su inclusi\u00f3n social. Impide, adem\u00e1s, que personas mayores y solas, cuenten con los cuidados necesarios<\/p>\n<p><strong>Pepita<\/strong> hace 20 a\u00f1os que <strong>es viuda<\/strong>, <strong>vive sola<\/strong>, y le gusta. Vive en su piso desde que se cas\u00f3, a los 22 a\u00f1os, y es feliz. <strong>No ha tenido hijos<\/strong>, pero tiene muchos sobrinos que la adoran. Hace tiempo que sus sobrinos est\u00e1n preocupados porque consideran que, a sus <strong>89 a\u00f1os<\/strong>, <strong>no deber\u00eda estar sola<\/strong>. Le han ofrecido vivir con ellos, pero no lo quiere de ninguna manera, y cuando le dicen para buscarle una <strong>cuidadora,<\/strong> frunce el ce\u00f1o.<\/p>\n<p>Una noche, <strong>Pepita se cay\u00f3<\/strong> y no se pudo levantar hasta el d\u00eda siguiente, cuando pas\u00f3 a verla uno de sus sobrinos. Estaba clar\u00edsimo: hab\u00eda que encontrarle una persona, al menos desde la cena hasta la ma\u00f1ana siguiente, y el resto del d\u00eda ya se organizar\u00edan entre toda la familia. Finalmente, Pepita acept\u00f3 una cuidadora.<\/p>\n<p>Varias chicas interesadas por el trabajo la han ido a ver. Todas son <strong>extranjeras<\/strong> y <strong>ninguna tiene autorizaci\u00f3n de residencia o de trabajo en Espa\u00f1a<\/strong>. Es muy dif\u00edcil encontrar a alguien que est\u00e9 dispuesta a dejar su casa para ir a dormir en otra; la mayor\u00eda de veces quien realiza estos oficios son personas en <strong>situaci\u00f3n administrativa irregular<\/strong>.<\/p>\n<figure id=\"attachment_6239\" aria-describedby=\"caption-attachment-6239\" style=\"width: 768px\" class=\"wp-caption alignnone\"><img loading=\"lazy\" decoding=\"async\" class=\"wp-image-6239 size-full\" src=\"https:\/\/blog.caritas.barcelona\/wp-content\/uploads\/sites\/2\/2018\/02\/20171225-Informe-precarietat-laboral-@MingoVenero-10.jpg\" alt=\"migrantes, migraci\u00f3n, trabajo ilegal, cuidadoras, salario m\u00ednimo interprofesional\" width=\"768\" height=\"512\" srcset=\"https:\/\/blog.caritas.barcelona\/wp-content\/uploads\/sites\/2\/2018\/02\/20171225-Informe-precarietat-laboral-@MingoVenero-10.jpg 768w, https:\/\/blog.caritas.barcelona\/wp-content\/uploads\/sites\/2\/2018\/02\/20171225-Informe-precarietat-laboral-@MingoVenero-10-300x200.jpg 300w, https:\/\/blog.caritas.barcelona\/wp-content\/uploads\/sites\/2\/2018\/02\/20171225-Informe-precarietat-laboral-@MingoVenero-10-600x400.jpg 600w\" sizes=\"auto, (max-width: 768px) 100vw, 768px\" \/><figcaption id=\"caption-attachment-6239\" class=\"wp-caption-text\">Foto: Mingo Venero<\/figcaption><\/figure>\n<h3>De leyes y tiempo<\/h3>\n<p>Despu\u00e9s de todas las entrevistas, Pepita cree que coger\u00e1 a <strong>Jasmin.<\/strong> As\u00ed que un sobrino ha contactado, r\u00e1pidamente, con una <strong>asesor\u00eda jur\u00eddica de extranjer\u00eda<\/strong>, para que les indiquen c\u00f3mo conseguir la<strong> autorizaci\u00f3n de trabajo<\/strong> y Jasmin pueda <strong>trabajar legalmente<\/strong> en nuestro pa\u00eds.<\/p>\n<p>Pero para sorpresa de todos, le han dicho que para Jasmin debe <strong>esperar \u00a1un a\u00f1o y medio! para trabajar regularmente<\/strong>. Si la cogen en su situaci\u00f3n actual, ella les podr\u00eda denunciar para obtener su autorizaci\u00f3n de residencia y trabajo.<\/p>\n<p>Jasmin vive en Espa\u00f1a hace un a\u00f1o y medio: para cambiar de estatus necesita <strong>demostrar que lleva m\u00e1s de 3 a\u00f1os en el pa\u00eds<\/strong>, que se ha esforzado para <strong>arraigarse<\/strong> y que tiene un <strong>contrato de trabajo de un a\u00f1o<\/strong> con un <strong>sueldo superior al m\u00ednimo interprofesional<\/strong>. A los 2 a\u00f1os, si logra demostrar que ha trabajado m\u00e1s de 6 meses en la econom\u00eda informal, porque ha denunciado a sus empleadores, tambi\u00e9n podr\u00eda obtener la autorizaci\u00f3n.<\/p>\n<p>Este contexto hizo que los sobrinos de Pepita se echasen atr\u00e1s\u00a0y Jasmin se qued\u00f3 sin la posibilidad de trabajar legalmente, con contrato y cotizando a la <strong>Seguridad Social<\/strong>. Ella consigui\u00f3 lo m\u00e1s dif\u00edcil: un contrato de trabajo de un a\u00f1o con un sueldo digno, pero esto no es suficiente, tiene que estar 3 a\u00f1os en la <strong>clandestinidad<\/strong> para <strong>tener derecho<\/strong>.<\/p>\n","protected":false},"excerpt":{"rendered":"<p>La situaci\u00f3n irregular de los migrantes y las duras condiciones legales a las que se enfrentan, retrasan su inclusi\u00f3n social. Impide, adem\u00e1s, que personas mayores y solas, cuenten con los cuidados necesarios Pepita hace 20 a\u00f1os que es viuda, vive sola, y le gusta. Vive en su piso desde que se cas\u00f3, a los 22 [&hellip;]<\/p>\n","protected":false},"author":4,"featured_media":6236,"comment_status":"open","ping_status":"open","sticky":false,"template":"","format":"standard","meta":{"footnotes":""},"categories":[27],"tags":[1411,1415,1413,1414,1360,891,1412],"autor":[1132],"class_list":["post-6231","post","type-post","status-publish","format-standard","has-post-thumbnail","hentry","category-formacion-e-insercion-laboral","tag-clandestinidad","tag-ilegales","tag-inclusion-social","tag-irregularidad","tag-migrantes","tag-personas-mayores","tag-trabajo-ilegal","autor-imma-mata-es"],"aioseo_notices":[],"_links":{"self":[{"href":"https:\/\/blog.caritas.barcelona\/es\/wp-json\/wp\/v2\/posts\/6231","targetHints":{"allow":["GET"]}}],"collection":[{"href":"https:\/\/blog.caritas.barcelona\/es\/wp-json\/wp\/v2\/posts"}],"about":[{"href":"https:\/\/blog.caritas.barcelona\/es\/wp-json\/wp\/v2\/types\/post"}],"author":[{"embeddable":true,"href":"https:\/\/blog.caritas.barcelona\/es\/wp-json\/wp\/v2\/users\/4"}],"replies":[{"embeddable":true,"href":"https:\/\/blog.caritas.barcelona\/es\/wp-json\/wp\/v2\/comments?post=6231"}],"version-history":[{"count":8,"href":"https:\/\/blog.caritas.barcelona\/es\/wp-json\/wp\/v2\/posts\/6231\/revisions"}],"predecessor-version":[{"id":6257,"href":"https:\/\/blog.caritas.barcelona\/es\/wp-json\/wp\/v2\/posts\/6231\/revisions\/6257"}],"wp:featuredmedia":[{"embeddable":true,"href":"https:\/\/blog.caritas.barcelona\/es\/wp-json\/wp\/v2\/media\/6236"}],"wp:attachment":[{"href":"https:\/\/blog.caritas.barcelona\/es\/wp-json\/wp\/v2\/media?parent=6231"}],"wp:term":[{"taxonomy":"category","embeddable":true,"href":"https:\/\/blog.caritas.barcelona\/es\/wp-json\/wp\/v2\/categories?post=6231"},{"taxonomy":"post_tag","embeddable":true,"href":"https:\/\/blog.caritas.barcelona\/es\/wp-json\/wp\/v2\/tags?post=6231"},{"taxonomy":"autor","embeddable":true,"href":"https:\/\/blog.caritas.barcelona\/es\/wp-json\/wp\/v2\/autor?post=6231"}],"curies":[{"name":"wp","href":"https:\/\/api.w.org\/{rel}","templated":true}]}}