{"id":6109,"date":"2018-01-26T08:40:01","date_gmt":"2018-01-26T07:40:01","guid":{"rendered":"https:\/\/blog.caritas.barcelona\/?p=6109"},"modified":"2018-01-26T08:54:25","modified_gmt":"2018-01-26T07:54:25","slug":"han-sabido-los-sindicatos-espanoles-adaptarse-a-la-precariedad-laboral","status":"publish","type":"post","link":"https:\/\/blog.caritas.barcelona\/es\/formacion-e-insercion-laboral\/han-sabido-los-sindicatos-espanoles-adaptarse-a-la-precariedad-laboral\/","title":{"rendered":"\u00bfHan sabido los sindicatos espa\u00f1oles adaptarse a la precariedad laboral?"},"content":{"rendered":"<p>Guy Standing, autor del libro <em>El Precariado, una nueva clase social<\/em>, analiza el movimiento sindical en el contexto actual en el que la inestabilidad, la inseguridad y la inmediatez caracterizan el mercado laboral<\/p>\n<figure id=\"attachment_6110\" aria-describedby=\"caption-attachment-6110\" style=\"width: 680px\" class=\"wp-caption aligncenter\"><img loading=\"lazy\" decoding=\"async\" class=\"size-full wp-image-6110\" src=\"https:\/\/blog.caritas.barcelona\/wp-content\/uploads\/sites\/2\/2018\/01\/sobotna__delo_foto_20150423.2_hires.jpeg0_large.jpeg\" alt=\"guy-standing-precariedad-laboral.-sindicatos\" width=\"680\" height=\"461\" srcset=\"https:\/\/blog.caritas.barcelona\/wp-content\/uploads\/sites\/2\/2018\/01\/sobotna__delo_foto_20150423.2_hires.jpeg0_large.jpeg 680w, https:\/\/blog.caritas.barcelona\/wp-content\/uploads\/sites\/2\/2018\/01\/sobotna__delo_foto_20150423.2_hires.jpeg0_large-300x203.jpeg 300w, https:\/\/blog.caritas.barcelona\/wp-content\/uploads\/sites\/2\/2018\/01\/sobotna__delo_foto_20150423.2_hires.jpeg0_large-600x407.jpeg 600w\" sizes=\"auto, (max-width: 680px) 100vw, 680px\" \/><figcaption id=\"caption-attachment-6110\" class=\"wp-caption-text\">Foto: Idealog.co<\/figcaption><\/figure>\n<p>La precariedad es, para Guy Standing, un proceso por el que cualquier persona puede transitar, independientemente del momento vital en el que est\u00e9. En este contexto, y teniendo en cuenta la desprotecci\u00f3n del marco laboral, se mueven y act\u00faan los sindicatos, unas estructuras que seg\u00fan Standing <strong>han quedado obsoletas a causa de su rigidez<\/strong>.<\/p>\n<p>El autor de<em> El Precariado, una nueva clase social<\/em> sostiene que el movimiento sindicalista no ha entendido ni ha sabido como apelar al precariado ya que les falta, aparte de l\u00e9xico, una agenda progresista. Por ejemplo, mientras el precariado, en general, apoya el movimiento medioambiental, a los sindicatos les interesa poco. Para el antiguo proletariado, caracterizado por un trabajo pagado en la industria tradicional, el antagonista era el jefe. <strong>Para el precariado, el antagonista principal es el Estado<\/strong>.<\/p>\n<h3>Adaptarse al mercado laboral<\/h3>\n<p>\u201cLo que los sindicatos buscan para sus miembros son empleos estables y permanentes, lo cual no es necesariamente lo que el precariado quiere\u201d dice. \u201c<strong>Los sindicatos no defienden el valor del trabajo, defienden los preceptos de un trabajo pagado y hecho para un jefe<\/strong>. Pero hay trabajos que no encajan en esos par\u00e1metros \u2013trabajos de cuidados, desarrollo de habilidades o pasiones, trabajos creativos\u2013 y el precariado tiene que hacer mucho trabajo que no es contabilizado como tal, por ejemplo, el <em>networking<\/em> y la formaci\u00f3n. Efectivamente, los sindicatos representan a los privilegiados de dentro contra los de afuera\u201d.<\/p>\n<p>\u201cLos sindicatos espa\u00f1oles solo se ocupaban del precariado como cuesti\u00f3n pol\u00edtica, tratando de limitar el n\u00famero de empleados temporales, oponi\u00e9ndose a las agencias de empleo privadas y <strong>pretendiendo que los empleos temporales se parezcan m\u00e1s a los fijos en lugar de reorientar sus t\u00e1cticas negociadoras<\/strong> o de desarrollar servicios apropiados para el precariado\u201d, opina Standing.<\/p>\n<figure id=\"attachment_6112\" aria-describedby=\"caption-attachment-6112\" style=\"width: 780px\" class=\"wp-caption aligncenter\"><img loading=\"lazy\" decoding=\"async\" class=\"size-full wp-image-6112\" src=\"https:\/\/blog.caritas.barcelona\/wp-content\/uploads\/sites\/2\/2018\/01\/03.jpg\" alt=\"treballador-pobre-precarietat-laboral\" width=\"780\" height=\"519\" srcset=\"https:\/\/blog.caritas.barcelona\/wp-content\/uploads\/sites\/2\/2018\/01\/03.jpg 780w, https:\/\/blog.caritas.barcelona\/wp-content\/uploads\/sites\/2\/2018\/01\/03-300x200.jpg 300w, https:\/\/blog.caritas.barcelona\/wp-content\/uploads\/sites\/2\/2018\/01\/03-768x511.jpg 768w, https:\/\/blog.caritas.barcelona\/wp-content\/uploads\/sites\/2\/2018\/01\/03-600x399.jpg 600w\" sizes=\"auto, (max-width: 780px) 100vw, 780px\" \/><figcaption id=\"caption-attachment-6112\" class=\"wp-caption-text\">Foto: Mingo Venero<\/figcaption><\/figure>\n<h3>La Renta B\u00e1sica: la esperanza del precariado<\/h3>\n<p>A pesar de todo esto, \u00e9l se mantiene optimista. Standing cree que la renta b\u00e1sica forma parte de esta nueva estrategia. \u201cYo he estado trabajando en el tema de la renta b\u00e1sica durante 30 a\u00f1os, y, de golpe, en los \u00faltimos dos a\u00f1os, mucha gente muy respetable y de todo el espectro pol\u00edtico ha empezado a apoyar la idea\u201d, dice. La renta b\u00e1sica es una suma de dinero sin condiciones que el gobierno da a todos los ciudadanos regularmente\u00a0adem\u00e1s de cualquier ingreso recibido de otros lugares.<\/p>\n<p>Insiste en que <strong>no hay indicios de que la renta b\u00e1sica lleve a la pereza<\/strong>. Al contrario, todo se\u00f1ala que la gente con una renta b\u00e1sica tiene m\u00e1s energ\u00eda, y m\u00e1s confianza en s\u00ed misma, y as\u00ed, logran evitar las trampas de pobreza de un sistema de seguridad social basado en el control de los recursos econ\u00f3micos del solicitante. La gente con una renta b\u00e1sica trabaja m\u00e1s, no menos.<\/p>\n<p>Y termina as\u00ed: \u201c<strong>El sistema de distribuci\u00f3n de los sueldos del siglo XX se ha desmoronado<\/strong>. Ya no podemos esperar incrementos importantes de sueldos por ahora y si queremos que suba el nivel de la vida de los precarios, hace falta buscar otros mecanismos. Avanzar hacia una renta b\u00e1sica ser\u00eda una manera eficaz de conseguirlo.\u201d<\/p>\n","protected":false},"excerpt":{"rendered":"<p>Guy Standing, autor del libro El Precariado, una nueva clase social, analiza el movimiento sindical en el contexto actual en el que la inestabilidad, la inseguridad y la inmediatez caracterizan el mercado laboral La precariedad es, para Guy Standing, un proceso por el que cualquier persona puede transitar, independientemente del momento vital en el que [&hellip;]<\/p>\n","protected":false},"author":4,"featured_media":6112,"comment_status":"open","ping_status":"open","sticky":false,"template":"","format":"standard","meta":{"footnotes":""},"categories":[27],"tags":[1374,1379,1376,1380,1373,945],"autor":[1324],"class_list":["post-6109","post","type-post","status-publish","format-standard","has-post-thumbnail","hentry","category-formacion-e-insercion-laboral","tag-precariado","tag-precarios","tag-reforma-laboral","tag-sindicatos","tag-trabajadores-pobres","tag-trabajo","autor-stephen-burgen-es"],"aioseo_notices":[],"_links":{"self":[{"href":"https:\/\/blog.caritas.barcelona\/es\/wp-json\/wp\/v2\/posts\/6109","targetHints":{"allow":["GET"]}}],"collection":[{"href":"https:\/\/blog.caritas.barcelona\/es\/wp-json\/wp\/v2\/posts"}],"about":[{"href":"https:\/\/blog.caritas.barcelona\/es\/wp-json\/wp\/v2\/types\/post"}],"author":[{"embeddable":true,"href":"https:\/\/blog.caritas.barcelona\/es\/wp-json\/wp\/v2\/users\/4"}],"replies":[{"embeddable":true,"href":"https:\/\/blog.caritas.barcelona\/es\/wp-json\/wp\/v2\/comments?post=6109"}],"version-history":[{"count":3,"href":"https:\/\/blog.caritas.barcelona\/es\/wp-json\/wp\/v2\/posts\/6109\/revisions"}],"predecessor-version":[{"id":6117,"href":"https:\/\/blog.caritas.barcelona\/es\/wp-json\/wp\/v2\/posts\/6109\/revisions\/6117"}],"wp:featuredmedia":[{"embeddable":true,"href":"https:\/\/blog.caritas.barcelona\/es\/wp-json\/wp\/v2\/media\/6112"}],"wp:attachment":[{"href":"https:\/\/blog.caritas.barcelona\/es\/wp-json\/wp\/v2\/media?parent=6109"}],"wp:term":[{"taxonomy":"category","embeddable":true,"href":"https:\/\/blog.caritas.barcelona\/es\/wp-json\/wp\/v2\/categories?post=6109"},{"taxonomy":"post_tag","embeddable":true,"href":"https:\/\/blog.caritas.barcelona\/es\/wp-json\/wp\/v2\/tags?post=6109"},{"taxonomy":"autor","embeddable":true,"href":"https:\/\/blog.caritas.barcelona\/es\/wp-json\/wp\/v2\/autor?post=6109"}],"curies":[{"name":"wp","href":"https:\/\/api.w.org\/{rel}","templated":true}]}}