{"id":6071,"date":"2018-01-23T15:46:55","date_gmt":"2018-01-23T14:46:55","guid":{"rendered":"https:\/\/blog.caritas.barcelona\/?p=6071"},"modified":"2018-01-23T15:56:31","modified_gmt":"2018-01-23T14:56:31","slug":"guy-standing-el-precariado-no-es-ni-victima-ni-villano-ni-heroe-somos-la-mayoria-de-nosotros","status":"publish","type":"post","link":"https:\/\/blog.caritas.barcelona\/es\/formacion-e-insercion-laboral\/guy-standing-el-precariado-no-es-ni-victima-ni-villano-ni-heroe-somos-la-mayoria-de-nosotros\/","title":{"rendered":"Guy Standing: \u201cEl precariado no es ni v\u00edctima, ni villano, ni h\u00e9roe. Somos la mayor\u00eda de nosotros\u201d"},"content":{"rendered":"<p>En el contexto actual donde la seguridad laboral se est\u00e1 volviendo gradualmente inexistente, el voluntario de C\u00e1ritas y periodista de <em>The Guardian<\/em>, Stephen Burgen, habla con Guy Standing, autor del libro <em>El Precariado, una nueva clase social<\/em>, sobre el futuro del empleo y la renta b\u00e1sica, concepto \u00e9ste \u00faltimo que est\u00e1 ganando cada vez m\u00e1s adeptos<\/p>\n<figure id=\"attachment_6072\" aria-describedby=\"caption-attachment-6072\" style=\"width: 780px\" class=\"wp-caption aligncenter\"><img loading=\"lazy\" decoding=\"async\" class=\"size-full wp-image-6072\" src=\"https:\/\/blog.caritas.barcelona\/wp-content\/uploads\/sites\/2\/2018\/01\/guy-standing.jpg\" alt=\"guy-standing\" width=\"780\" height=\"520\" srcset=\"https:\/\/blog.caritas.barcelona\/wp-content\/uploads\/sites\/2\/2018\/01\/guy-standing.jpg 780w, https:\/\/blog.caritas.barcelona\/wp-content\/uploads\/sites\/2\/2018\/01\/guy-standing-300x200.jpg 300w, https:\/\/blog.caritas.barcelona\/wp-content\/uploads\/sites\/2\/2018\/01\/guy-standing-768x512.jpg 768w, https:\/\/blog.caritas.barcelona\/wp-content\/uploads\/sites\/2\/2018\/01\/guy-standing-600x400.jpg 600w\" sizes=\"auto, (max-width: 780px) 100vw, 780px\" \/><figcaption id=\"caption-attachment-6072\" class=\"wp-caption-text\">Foto: Ara.cat<\/figcaption><\/figure>\n<p>Aunque el paro en Espa\u00f1a ha ca\u00eddo hasta el 16% desde un m\u00e1ximo de 26% en 2012, todav\u00eda es el doble de la media de la Uni\u00f3n Europea. En el caso de la franja de los 18-25 a\u00f1os, el paro roza el 40%, el m\u00e1s alto de la UE despu\u00e9s de Grecia. Adem\u00e1s, <strong>m\u00e1s del 90% de los puestos de trabajo creados desde la reforma de la ley laboral en 2012 han sido temporales o a tiempo parcial<\/strong>, incluso algunos contratos son solo de unos pocos d\u00edas.<\/p>\n<p>\u201cEl rechazo al estado de bienestar empez\u00f3 en los 1980\u201d, dice Guy Standing autor del libro<em> El Precariado, una nueva clase social<\/em>. \u201cEn la postguerra, la idea era aumentar la seguridad laboral. Cuando el capitalismo se convirti\u00f3 en la ideolog\u00eda dominante en los Estados Unidos bajo la presidencia de Ronald Reagan y en el Reino Unido con Margaret Thatcher, esas seguridades fueron rechazadas por su presunta rigidez y falta de flexibilidad. Empezaba, as\u00ed, el desmontaje del \u2018salario social\u2019 y la estructura del empleo se orientaba hacia trabajos a tiempo parcial o temporales y tambi\u00e9n hacia la externalizaci\u00f3n\u201d.<\/p>\n<h3>El trabajo, sin\u00f3nimo de coste<\/h3>\n<p>Los neo-liberales, afirma Standing, ven el trabajo simplemente como un coste y el objetivo siempre es bajar costes. Si la gente est\u00e1 preocupada por la seguridad de su trabajo, trabajar\u00e1 m\u00e1s por menos dinero y para conseguir llegar a esta situaci\u00f3n, se necesita un mercado laboral muy \u2018flexible\u2019. Si la gente tiene miedo, trabajar\u00e1n duro. \u201cEl resultado ha sido la creaci\u00f3n de un <strong>precariado global, consistente en cientos de millones de personas sin un anclaje estable en su trabajo<\/strong>\u201d.<\/p>\n<p>Standing explica como en Espa\u00f1a y en otros pa\u00edses las empresas conservan un n\u00facleo duro de asalariados que s\u00ed gozan de seguridad, beneficios y pensiones y, paralelamente, tienen a los <strong>precarios, que salen m\u00e1s baratos y son f\u00e1ciles de sustituir<\/strong>. Adem\u00e1s, las empresas externalizan trabajo a empresas m\u00e1s peque\u00f1as, las cuales deben afrontar los costes y los riesgos. El resultado es una fuerza laboral muy fragmentada, y <strong>el \u00fanico sector que est\u00e1 creciendo es el del precariado<\/strong>.<\/p>\n<h3>Precariado, una nueva clase social<\/h3>\n<p>\u201c<strong>El precariado est\u00e1 obligado a suplicar<\/strong>\u201d, dice Standing. \u201cHay que pedir favores y depender de la discreci\u00f3n de las empresas y de los bur\u00f3cratas. Pero lo peor es que el precariado est\u00e1 perdiendo derechos sociales debido a la erosi\u00f3n del estado de bienestar y pierde tambi\u00e9n derechos econ\u00f3micos porque no puede encontrar un trabajo que corresponda a sus calificaciones. Estas personas viven al borde de una deuda insostenible. Y f\u00e1cilmente pueden quedar fuera de la sociedad convencional, perder su hogar y tener problemas de salud mental\u201d.<\/p>\n<p>A pesar de las similitudes, Standing insiste en que existen diferencias fundamentales entre las primeras fases de capitalismo industrial y la fase donde estamos actualmente. Una de las diferencias principales es que en la mayor\u00eda de los casos <strong>el precariado tiene un nivel de formaci\u00f3n superior al trabajo que puede esperar conseguir<\/strong>. Para el antiguo proletariado con un trabajo pagado en la industria tradicional, el antagonista era el jefe. Para el precariado, el antagonista principal es el Estado.<\/p>\n<p>A pesar de todo esto, \u00e9l se mantiene optimista. Cree que acontecimientos como la primavera \u00e1rabe, los indignados y el movimiento Occupy fueron pasos muy importantes. \u201cFue una fase de reconocimiento durante el cual millones de personas, en lugar de considerarse a s\u00ed mismas como fracasados, de repente, se reconocieron como una clase emergente. Hist\u00f3ricamente, llegados a este punto de reconocimiento, se tarda bastante tiempo en forjar una nueva estrategia, una conciencia colectiva y las capacidades institucionales para llegar a la pr\u00f3xima fase, que es el compromiso pol\u00edtico\u201d.<\/p>\n<p>Para Guy Standing, la conclusi\u00f3n est\u00e1 clara: \u201cLo que tenemos que tener en cuenta es que <strong>el precariado no es ni v\u00edctima, ni villano, ni h\u00e9roe; el precariado somos la mayor\u00eda de nosotros<\/strong>\u201d.<\/p>\n<p>&nbsp;<\/p>\n","protected":false},"excerpt":{"rendered":"<p>En el contexto actual donde la seguridad laboral se est\u00e1 volviendo gradualmente inexistente, el voluntario de C\u00e1ritas y periodista de The Guardian, Stephen Burgen, habla con Guy Standing, autor del libro El Precariado, una nueva clase social, sobre el futuro del empleo y la renta b\u00e1sica, concepto \u00e9ste \u00faltimo que est\u00e1 ganando cada vez m\u00e1s [&hellip;]<\/p>\n","protected":false},"author":4,"featured_media":6072,"comment_status":"open","ping_status":"open","sticky":false,"template":"","format":"standard","meta":{"footnotes":""},"categories":[27],"tags":[1375,1374,1372,1376,1373,945],"autor":[1324],"class_list":["post-6071","post","type-post","status-publish","format-standard","has-post-thumbnail","hentry","category-formacion-e-insercion-laboral","tag-guy-standing","tag-precariado","tag-precario","tag-reforma-laboral","tag-trabajadores-pobres","tag-trabajo","autor-stephen-burgen-es"],"aioseo_notices":[],"_links":{"self":[{"href":"https:\/\/blog.caritas.barcelona\/es\/wp-json\/wp\/v2\/posts\/6071","targetHints":{"allow":["GET"]}}],"collection":[{"href":"https:\/\/blog.caritas.barcelona\/es\/wp-json\/wp\/v2\/posts"}],"about":[{"href":"https:\/\/blog.caritas.barcelona\/es\/wp-json\/wp\/v2\/types\/post"}],"author":[{"embeddable":true,"href":"https:\/\/blog.caritas.barcelona\/es\/wp-json\/wp\/v2\/users\/4"}],"replies":[{"embeddable":true,"href":"https:\/\/blog.caritas.barcelona\/es\/wp-json\/wp\/v2\/comments?post=6071"}],"version-history":[{"count":3,"href":"https:\/\/blog.caritas.barcelona\/es\/wp-json\/wp\/v2\/posts\/6071\/revisions"}],"predecessor-version":[{"id":6078,"href":"https:\/\/blog.caritas.barcelona\/es\/wp-json\/wp\/v2\/posts\/6071\/revisions\/6078"}],"wp:featuredmedia":[{"embeddable":true,"href":"https:\/\/blog.caritas.barcelona\/es\/wp-json\/wp\/v2\/media\/6072"}],"wp:attachment":[{"href":"https:\/\/blog.caritas.barcelona\/es\/wp-json\/wp\/v2\/media?parent=6071"}],"wp:term":[{"taxonomy":"category","embeddable":true,"href":"https:\/\/blog.caritas.barcelona\/es\/wp-json\/wp\/v2\/categories?post=6071"},{"taxonomy":"post_tag","embeddable":true,"href":"https:\/\/blog.caritas.barcelona\/es\/wp-json\/wp\/v2\/tags?post=6071"},{"taxonomy":"autor","embeddable":true,"href":"https:\/\/blog.caritas.barcelona\/es\/wp-json\/wp\/v2\/autor?post=6071"}],"curies":[{"name":"wp","href":"https:\/\/api.w.org\/{rel}","templated":true}]}}