{"id":6055,"date":"2018-01-17T13:01:56","date_gmt":"2018-01-17T12:01:56","guid":{"rendered":"https:\/\/blog.caritas.barcelona\/?p=6055"},"modified":"2018-01-17T13:03:03","modified_gmt":"2018-01-17T12:03:03","slug":"una-medalla-de-honor-entre-el-voluntariado-de-caritas","status":"publish","type":"post","link":"https:\/\/blog.caritas.barcelona\/es\/voluntariado\/una-medalla-de-honor-entre-el-voluntariado-de-caritas\/","title":{"rendered":"Una Medalla de Honor entre el voluntariado de C\u00e1ritas"},"content":{"rendered":"<p>A Mar\u00eda Mart\u00ednez Trill se le otorg\u00f3 la Medalla de Honor de Barcelona 2017 por su trabajo de voluntaria a tiempo completo, que emprendi\u00f3 por sorpresa del destino, hace 25 a\u00f1os. Conozcamos la historia de transformaci\u00f3n y solidaridad de esta abuela que cuida abuelas.<\/p>\n<figure id=\"attachment_6056\" aria-describedby=\"caption-attachment-6056\" style=\"width: 780px\" class=\"wp-caption aligncenter\"><img loading=\"lazy\" decoding=\"async\" class=\"size-full wp-image-6056\" src=\"https:\/\/blog.caritas.barcelona\/wp-content\/uploads\/sites\/2\/2018\/01\/medalla-honor-voluntaria-caritas.jpg\" alt=\"medalla-honor-voluntaria-caritas\" width=\"780\" height=\"520\" srcset=\"https:\/\/blog.caritas.barcelona\/wp-content\/uploads\/sites\/2\/2018\/01\/medalla-honor-voluntaria-caritas.jpg 780w, https:\/\/blog.caritas.barcelona\/wp-content\/uploads\/sites\/2\/2018\/01\/medalla-honor-voluntaria-caritas-300x200.jpg 300w, https:\/\/blog.caritas.barcelona\/wp-content\/uploads\/sites\/2\/2018\/01\/medalla-honor-voluntaria-caritas-768x512.jpg 768w, https:\/\/blog.caritas.barcelona\/wp-content\/uploads\/sites\/2\/2018\/01\/medalla-honor-voluntaria-caritas-600x400.jpg 600w\" sizes=\"auto, (max-width: 780px) 100vw, 780px\" \/><figcaption id=\"caption-attachment-6056\" class=\"wp-caption-text\">Mar\u00eda Mart\u00ednez galardonada con la Medalla de Honor de Barcelona.<\/figcaption><\/figure>\n<p>Se reconoce la hiperactividad en sus ojos verdes r\u00edo. De ah\u00ed que sea normal que hable mucho con la mirada, mientras su voz relata, sin pausa, sus m\u00e1s importantes vivencias. Mar\u00eda Mart\u00ednez Trill vivi\u00f3 una vida hasta los 42 a\u00f1os; desde entonces a hoy (67), le toc\u00f3 vivir otra, jam\u00e1s pensada: ni cuando creci\u00f3 en el seno de una familia de clase media acomodada o cuando de adolescente fue actriz de teatro, menos cuando se cas\u00f3 a los 22 y vest\u00eda siempre a la moda.<\/p>\n<p>Para entonces, el mundo de Mar\u00eda era diferente. Trabaj\u00f3 desde los 15 como dependienta en una tienda de regalos. Le gustaba conversar y atender al p\u00fablico, y aunque siempre apoy\u00f3 a su familia nuclear, lo que parec\u00eda importarle m\u00e1s eran los viajes de fin de semana. A\u00fan viajaba con los ojos cerrados.<\/p>\n<p>Mar\u00eda reconoce que se \u201colvid\u00f3\u201d de su fe y del valor de la solidaridad al vivir de espaldas a la realidad. \u201cMe dediqu\u00e9 a sumar experiencias de ocio y de una vida algo f\u00e1cil y ego\u00edsta: me acordaba de vivir solo yo\u201d, afirma.<br \/>\nLos golpes que le ten\u00eda guardados la vida, le sucedieron uno tras otro. No pod\u00eda concebir, su sue\u00f1o de ser madre se desvanec\u00eda; a esta pena, se sumar\u00eda la muerte de sus padres, en menos de dos a\u00f1os. Era 1982, tambi\u00e9n perdi\u00f3 a su cu\u00f1ada. En 1990, la tragedia sell\u00f3 una d\u00e9cada con la muerte repentina de sus cu\u00f1ados en un accidente de tr\u00e1nsito, dejando hu\u00e9rfanos a Juan (14) y David (11).<\/p>\n<h3>Madre por vocaci\u00f3n<\/h3>\n<p>Mar\u00eda empez\u00f3 a ser madre la noche del accidente, cuando asumi\u00f3 junto con su marido, la tutor\u00eda de los ni\u00f1os. Reacomodar su rutina para darle prioridad a la crianza, fue dif\u00edcil, sobre todo el primer a\u00f1o, tal como recuerda: \u201cme afect\u00f3 un poco los nervios, no pod\u00eda dormir, quer\u00eda hacer lo mejor posible con mis hijos mayores\u201d.<\/p>\n<p>Cuando Mar\u00eda cumpli\u00f3 los 42 a\u00f1os nunca m\u00e1s volvi\u00f3 a trabajar. Cosa del destino o la divinidad, se cerraron esas puertas, pero con el tiempo, se dio cuenta que por la ventana, descubrir\u00eda su verdadera vocaci\u00f3n, la de servicio. Empez\u00f3 por casa y luego como voluntaria social.<\/p>\n<p>A trav\u00e9s de la Parroquia de San Mart\u00ed de Provenzal, lleg\u00f3 a C\u00e1ritas Diocesana de Barcelona. El trabajo en red de los m\u00faltiples programas, hizo que eligiera dedicarse exclusivamente a los adultos mayores. \u201cLa ayuda social que brinda C\u00e1ritas me impact\u00f3. Est\u00e1 creciendo y abri\u00e9ndose a diferentes necesidades. Por ejemplo, la labor de las monitoras trasciende los talleres, visitamos hospitales y casas, creamos redes de solidaridad\u201d.<\/p>\n<figure id=\"attachment_6058\" aria-describedby=\"caption-attachment-6058\" style=\"width: 780px\" class=\"wp-caption aligncenter\"><img loading=\"lazy\" decoding=\"async\" class=\"size-full wp-image-6058\" src=\"https:\/\/blog.caritas.barcelona\/wp-content\/uploads\/sites\/2\/2018\/01\/medalla-honor-voluntaria-mar\u00eda-caritas.jpg\" alt=\"medalla-honor-maria-caritas\" width=\"780\" height=\"585\" srcset=\"https:\/\/blog.caritas.barcelona\/wp-content\/uploads\/sites\/2\/2018\/01\/medalla-honor-voluntaria-mar\u00eda-caritas.jpg 780w, https:\/\/blog.caritas.barcelona\/wp-content\/uploads\/sites\/2\/2018\/01\/medalla-honor-voluntaria-mar\u00eda-caritas-300x225.jpg 300w, https:\/\/blog.caritas.barcelona\/wp-content\/uploads\/sites\/2\/2018\/01\/medalla-honor-voluntaria-mar\u00eda-caritas-768x576.jpg 768w, https:\/\/blog.caritas.barcelona\/wp-content\/uploads\/sites\/2\/2018\/01\/medalla-honor-voluntaria-mar\u00eda-caritas-600x450.jpg 600w\" sizes=\"auto, (max-width: 780px) 100vw, 780px\" \/><figcaption id=\"caption-attachment-6058\" class=\"wp-caption-text\">Mar\u00eda en plena actividad con las voluntarias.<\/figcaption><\/figure>\n<p>Mar\u00eda, adem\u00e1s, apoya en el Centro Andaluz de la Comarca de Estepa y el ayuntamiento. Siempre se prepara y actualiza para el cuidado y acompa\u00f1amiento de sus abuelas. Veinte a\u00f1os despu\u00e9s, el teatro le sirve en los momentos l\u00fadicos y de empat\u00eda, sobre todo, los mi\u00e9rcoles de 5 p.m. a 7 p.m., con sus 35 abuelas (algunas mayores de 90) para olvidar las quejas y tristezas y re\u00edr, sin querer parar.<\/p>\n<p>Mar\u00eda es una abuela feliz. Gracias a sus nietos supo lo que es dar papilla y cambiar pa\u00f1ales. Para ella no existe gran diferencia entre la experiencia de criar a sus hijos y acompa\u00f1ar en la \u00faltima etapa de vida a ancianos, ya que \u201cnecesitan de cuidado y afecto \u00a1Los ni\u00f1os como los abuelos requieren de ser escuchados\u2026\u00a1Tambi\u00e9n son muy celosos!\u201d. Ahora, Mar\u00eda es la que r\u00ede, y mucho.<\/p>\n<h3>Dato<\/h3>\n<ul>\n<li>9 de cada 10 ancianos cobran menos de 520 euros mensuales y, 7 de cada 10, viven solos. Muchos no cuentan con ninguna red social ni familiar.<\/li>\n<li>En C\u00e1ritas existen 47 proyectos y 739 servicios prestados para personas mayores.<\/li>\n<\/ul>\n<p style=\"text-align: center\">\u00a0 \u00a0 \u00a0 <strong>Transforma tu vida como Mar\u00eda. <a href=\"https:\/\/caritas.barcelona\/es\/hazte-voluntario\/\" target=\"_blank\" rel=\"noopener\">Hazte de C\u00e1ritas<\/a><\/strong><\/p>\n","protected":false},"excerpt":{"rendered":"<p>A Mar\u00eda Mart\u00ednez Trill se le otorg\u00f3 la Medalla de Honor de Barcelona 2017 por su trabajo de voluntaria a tiempo completo, que emprendi\u00f3 por sorpresa del destino, hace 25 a\u00f1os. Conozcamos la historia de transformaci\u00f3n y solidaridad de esta abuela que cuida abuelas. Se reconoce la hiperactividad en sus ojos verdes r\u00edo. De ah\u00ed [&hellip;]<\/p>\n","protected":false},"author":4,"featured_media":6060,"comment_status":"open","ping_status":"open","sticky":false,"template":"","format":"standard","meta":{"footnotes":""},"categories":[23],"tags":[1370,1369,891,994],"autor":[36],"class_list":["post-6055","post","type-post","status-publish","format-standard","has-post-thumbnail","hentry","category-voluntariado","tag-ayuntamiento-de-barcelona","tag-medalla-de-honor","tag-personas-mayores","tag-voluntariado","autor-caritas-diocesana-de-barcelona-es"],"aioseo_notices":[],"_links":{"self":[{"href":"https:\/\/blog.caritas.barcelona\/es\/wp-json\/wp\/v2\/posts\/6055","targetHints":{"allow":["GET"]}}],"collection":[{"href":"https:\/\/blog.caritas.barcelona\/es\/wp-json\/wp\/v2\/posts"}],"about":[{"href":"https:\/\/blog.caritas.barcelona\/es\/wp-json\/wp\/v2\/types\/post"}],"author":[{"embeddable":true,"href":"https:\/\/blog.caritas.barcelona\/es\/wp-json\/wp\/v2\/users\/4"}],"replies":[{"embeddable":true,"href":"https:\/\/blog.caritas.barcelona\/es\/wp-json\/wp\/v2\/comments?post=6055"}],"version-history":[{"count":2,"href":"https:\/\/blog.caritas.barcelona\/es\/wp-json\/wp\/v2\/posts\/6055\/revisions"}],"predecessor-version":[{"id":6063,"href":"https:\/\/blog.caritas.barcelona\/es\/wp-json\/wp\/v2\/posts\/6055\/revisions\/6063"}],"wp:featuredmedia":[{"embeddable":true,"href":"https:\/\/blog.caritas.barcelona\/es\/wp-json\/wp\/v2\/media\/6060"}],"wp:attachment":[{"href":"https:\/\/blog.caritas.barcelona\/es\/wp-json\/wp\/v2\/media?parent=6055"}],"wp:term":[{"taxonomy":"category","embeddable":true,"href":"https:\/\/blog.caritas.barcelona\/es\/wp-json\/wp\/v2\/categories?post=6055"},{"taxonomy":"post_tag","embeddable":true,"href":"https:\/\/blog.caritas.barcelona\/es\/wp-json\/wp\/v2\/tags?post=6055"},{"taxonomy":"autor","embeddable":true,"href":"https:\/\/blog.caritas.barcelona\/es\/wp-json\/wp\/v2\/autor?post=6055"}],"curies":[{"name":"wp","href":"https:\/\/api.w.org\/{rel}","templated":true}]}}