{"id":5935,"date":"2017-12-12T13:42:11","date_gmt":"2017-12-12T12:42:11","guid":{"rendered":"https:\/\/blog.caritas.barcelona\/?p=5935"},"modified":"2017-12-12T13:42:11","modified_gmt":"2017-12-12T12:42:11","slug":"la-soledad-y-las-bajas-pensiones-impiden-a-las-personas-mayores-tener-una-vida-digna","status":"publish","type":"post","link":"https:\/\/blog.caritas.barcelona\/es\/personas-mayores\/la-soledad-y-las-bajas-pensiones-impiden-a-las-personas-mayores-tener-una-vida-digna\/","title":{"rendered":"La soledad y las bajas pensiones impiden a las personas mayores tener una vida digna"},"content":{"rendered":"<p>9 de cada 10 personas mayores que cuentan con el apoyo de C\u00e1ritas Diocesana de Barcelona tienen una pensi\u00f3n igual o inferior a 502\u20ac<\/p>\n<p><iframe loading=\"lazy\" title=\"Viure la vellesa en soledat \u00e9s molt dur\" width=\"500\" height=\"281\" src=\"https:\/\/www.youtube.com\/embed\/aVADj-R9Ess?feature=oembed\" frameborder=\"0\" allow=\"accelerometer; autoplay; clipboard-write; encrypted-media; gyroscope; picture-in-picture; web-share\" referrerpolicy=\"strict-origin-when-cross-origin\" allowfullscreen><\/iframe><\/p>\n<p>La poblaci\u00f3n catalana de 65 a\u00f1os o m\u00e1s ha aumentado de manera progresiva y constante en las \u00faltimas d\u00e9cadas y lo seguir\u00e1 haciendo en el futuro. Se trata de un proceso vinculado al aumento de la esperanza de vida que sucede en la mayor\u00eda de los pa\u00edses desarrollados. En 2016, casi 1,4 millones de personas ten\u00edan 65 a\u00f1os o m\u00e1s en Catalunya. De estas, <strong>un 16% estaban en riesgo de pobreza o exclusi\u00f3n social<\/strong> (tasa AROPE), seg\u00fan datos del <a href=\"https:\/\/www.idescat.cat\/?lang=es\" target=\"_blank\" rel=\"noopener\">IDESCAT<\/a>. La mayor\u00eda de las personas mayores que reciben el apoyo de C\u00e1ritas Diocesana de Barcelona se encuentran en esta situaci\u00f3n de pobreza, y esta Navidad queremos acercarnos a un <strong>colectivo que muy a menudo es invisible<\/strong>.<\/p>\n<p>Durante 2016 <strong>acompa\u00f1amos a 1.312 personas de m\u00e1s de 65 a\u00f1os, un 11% m\u00e1s que en 2015<\/strong>. El 70% de estas personas mayores viven solas, cifra que contrasta con el 17,6% que se encuentran en esta situaci\u00f3n en Catalunya (300.000 personas, 175.000 de las cuales viven solas sin desearlo, seg\u00fan el \u00faltimo informe INSOCAT de ECAS). En materia econ\u00f3mica, <strong>9 de cada 10 personas mayores a las que apoyamos tienen una pensi\u00f3n igual o inferior a 502\u20ac<\/strong>, y tambi\u00e9n destaca la feminizaci\u00f3n de la pobreza en las personas mayores, ya que 7 de cada 10 son mujeres. <strong>Las mujeres tienen mayor riesgo de pobreza que los hombres<\/strong>, ya que cuentan con pensiones m\u00e1s bajas por el hecho de no haber cotizado o haber tenido trayectorias laborales m\u00e1s cortas, intermitentes y salarios m\u00e1s bajos.<\/p>\n<p>Cuando las personas mayores ya no pueden estar en casa correctamente atendidas, la espera de plaza en residencia puede generar mucho malestar y angustia. <strong>Hay que garantizar y ampliar las plazas de calidad en residencias<\/strong> para dar cabida al creciente n\u00famero de personas mayores, que en muchos casos tienen ingresos bajos.<\/p>\n<p>Denunciamos los largos tiempos de espera de muchas personas para ser valoradas y por reconocerles el grado de dependencia, per\u00edodo durante el cual su salud se agrava. Lo mismo ocurre con las personas que solicitan revisi\u00f3n de grado: algunas veces, cuando les llega la resoluci\u00f3n, ya est\u00e1n muertas. Las valoraciones de la administraci\u00f3n solo miden la dependencia, y no tienen en cuenta los factores sociales o de salud (enfermedades mentales, etc.)<\/p>\n<p>Por \u00faltimo, <strong>pedimos revisar la PNC (pensi\u00f3n no contributiva) al alza<\/strong>, que actualmente se sit\u00faa en 368,90\u20ac por 14 mensualidades al a\u00f1o. Es necesario que esta se otorgue como un derecho individual y no en funci\u00f3n de la convivencia. No podemos aceptar que si dos personas de una unidad familiar son perceptoras de la PNC, eso las penalice.<\/p>\n<p>Las personas mayores nos aportan sus vivencias y experiencias, y tenemos que acompa\u00f1arlas en el \u00faltimo tramo de su vida. <strong>El deseo de esta Navidad es que las personas mayores vivan con esperanza y cuenten con una mano a la que cogerse y hacer camino en compa\u00f1\u00eda<\/strong>. La soledad es un problema muy acusado en nuestra sociedad, y es responsabilidad de todos hacerle frente.<\/p>\n","protected":false},"excerpt":{"rendered":"<p>9 de cada 10 personas mayores que cuentan con el apoyo de C\u00e1ritas Diocesana de Barcelona tienen una pensi\u00f3n igual o inferior a 502\u20ac La poblaci\u00f3n catalana de 65 a\u00f1os o m\u00e1s ha aumentado de manera progresiva y constante en las \u00faltimas d\u00e9cadas y lo seguir\u00e1 haciendo en el futuro. Se trata de un proceso [&hellip;]<\/p>\n","protected":false},"author":4,"featured_media":5931,"comment_status":"open","ping_status":"open","sticky":false,"template":"","format":"standard","meta":{"footnotes":""},"categories":[26],"tags":[891,1329],"autor":[36],"class_list":["post-5935","post","type-post","status-publish","format-standard","has-post-thumbnail","hentry","category-personas-mayores","tag-personas-mayores","tag-pnc","autor-caritas-diocesana-de-barcelona-es"],"aioseo_notices":[],"_links":{"self":[{"href":"https:\/\/blog.caritas.barcelona\/es\/wp-json\/wp\/v2\/posts\/5935","targetHints":{"allow":["GET"]}}],"collection":[{"href":"https:\/\/blog.caritas.barcelona\/es\/wp-json\/wp\/v2\/posts"}],"about":[{"href":"https:\/\/blog.caritas.barcelona\/es\/wp-json\/wp\/v2\/types\/post"}],"author":[{"embeddable":true,"href":"https:\/\/blog.caritas.barcelona\/es\/wp-json\/wp\/v2\/users\/4"}],"replies":[{"embeddable":true,"href":"https:\/\/blog.caritas.barcelona\/es\/wp-json\/wp\/v2\/comments?post=5935"}],"version-history":[{"count":1,"href":"https:\/\/blog.caritas.barcelona\/es\/wp-json\/wp\/v2\/posts\/5935\/revisions"}],"predecessor-version":[{"id":5936,"href":"https:\/\/blog.caritas.barcelona\/es\/wp-json\/wp\/v2\/posts\/5935\/revisions\/5936"}],"wp:featuredmedia":[{"embeddable":true,"href":"https:\/\/blog.caritas.barcelona\/es\/wp-json\/wp\/v2\/media\/5931"}],"wp:attachment":[{"href":"https:\/\/blog.caritas.barcelona\/es\/wp-json\/wp\/v2\/media?parent=5935"}],"wp:term":[{"taxonomy":"category","embeddable":true,"href":"https:\/\/blog.caritas.barcelona\/es\/wp-json\/wp\/v2\/categories?post=5935"},{"taxonomy":"post_tag","embeddable":true,"href":"https:\/\/blog.caritas.barcelona\/es\/wp-json\/wp\/v2\/tags?post=5935"},{"taxonomy":"autor","embeddable":true,"href":"https:\/\/blog.caritas.barcelona\/es\/wp-json\/wp\/v2\/autor?post=5935"}],"curies":[{"name":"wp","href":"https:\/\/api.w.org\/{rel}","templated":true}]}}