{"id":5809,"date":"2017-11-22T13:15:56","date_gmt":"2017-11-22T12:15:56","guid":{"rendered":"https:\/\/blog.caritas.barcelona\/?p=5809"},"modified":"2017-12-12T13:42:55","modified_gmt":"2017-12-12T12:42:55","slug":"en-la-calle-pasas-miedo-por-eso-ahora-valoro-mucho-el-sofa","status":"publish","type":"post","link":"https:\/\/blog.caritas.barcelona\/es\/sin-hogar-y-vivienda\/en-la-calle-pasas-miedo-por-eso-ahora-valoro-mucho-el-sofa\/","title":{"rendered":"\u201cEn la calle pasas miedo. Por eso, ahora, valoro mucho el sof\u00e1\u201d"},"content":{"rendered":"<p>Entrevista a Mar\u00eda Luisa Aledo, participante del programa sin hogar y voluntaria de la entidad<\/p>\n<p><img loading=\"lazy\" decoding=\"async\" class=\"size-full wp-image-5810 aligncenter\" src=\"https:\/\/blog.caritas.barcelona\/wp-content\/uploads\/sites\/2\/2017\/11\/20170614_camils_fotosdedues_persones-5.jpg\" alt=\"Marisa Aledo C\u00e0ritas Barcelona\" width=\"780\" height=\"520\" srcset=\"https:\/\/blog.caritas.barcelona\/wp-content\/uploads\/sites\/2\/2017\/11\/20170614_camils_fotosdedues_persones-5.jpg 780w, https:\/\/blog.caritas.barcelona\/wp-content\/uploads\/sites\/2\/2017\/11\/20170614_camils_fotosdedues_persones-5-300x200.jpg 300w, https:\/\/blog.caritas.barcelona\/wp-content\/uploads\/sites\/2\/2017\/11\/20170614_camils_fotosdedues_persones-5-768x512.jpg 768w, https:\/\/blog.caritas.barcelona\/wp-content\/uploads\/sites\/2\/2017\/11\/20170614_camils_fotosdedues_persones-5-600x400.jpg 600w\" sizes=\"auto, (max-width: 780px) 100vw, 780px\" \/><\/p>\n<p><strong>\u00bfC\u00f3mo acabaste en la calle?<\/strong><\/p>\n<p>Me pas\u00f3 a m\u00ed, a m\u00ed me pas\u00f3. Ten\u00eda ya cuarenta a\u00f1os y muchos traumas graves sobre mi cabeza. Me empez\u00f3 a fallar la cabeza\u2026 y empec\u00e9 a gastar m\u00e1s de lo que pod\u00eda. No sab\u00eda qu\u00e9 hacer. Acab\u00e9 encontr\u00e1ndome sin dinero y con mucho dolor dentro de m\u00ed.<\/p>\n<p>Un d\u00eda, cerr\u00e9 la puerta de mi casa, la que no pod\u00eda pagar, y sal\u00ed a caminar\u2026 Con lo puesto, sin rumbo. No sab\u00eda d\u00f3nde ir. Las amistades me hab\u00edan fallado. La familia, tambi\u00e9n.<\/p>\n<p>Camin\u00e9 y camin\u00e9 hasta que el agotamiento se apoder\u00f3 de m\u00ed. Me daba verg\u00fcenza, me daba miedo, pero tuve que dormir en la calle.<\/p>\n<p><strong>\u00bfQu\u00e9 te falta cuando est\u00e1s en la calle?<\/strong><\/p>\n<p>Cuando est\u00e1s en la calle te falta todo.<\/p>\n<p>No hay intimidad. No ves un lugar c\u00f3modo donde pasar un rato. No tienes comida. No tienes dinero, porque si te queda algo hay personas pendientes\u2026 eres una presa f\u00e1cil para quit\u00e1rtelo.<\/p>\n<p>Puedes conversar con alguien, pero te miran con desconfianza.<\/p>\n<p><strong>\u00bfQu\u00e9 tienes en la calle?<\/strong><\/p>\n<p>Miedo, sobretodo miedo.<\/p>\n<p>Miedo a que tu salud se deteriore. Miedo a que alguien te ataque.<\/p>\n<p>Cuando llueve acabas completamente mojada y, a veces, la ropa se me ha secado puesta encima.<\/p>\n<p>Te duelen todos los huesos porque no descansas en un sitio c\u00f3modo.<\/p>\n<p>Los \u201camigos\u201d que se te acercan son un peligro, pues la mayor\u00eda lo hacen para conseguir algo de ti.<\/p>\n<p>Tienes hambre y no tienes dinero para comprar comida. Tienes que pedirla y no siempre te la dan.<\/p>\n<p><strong>\u00bfPor qu\u00e9 es tan importante para ti el sof\u00e1?<\/strong><\/p>\n<p>Afortunadamente hace cuatro a\u00f1os que disfruto de un piso para mi sola. Tengo mi sof\u00e1, \u00a1mi sof\u00e1!, que me sirve para disfrutar de la tranquilidad del espacio. Cuando llego a casa me pongo ropa c\u00f3moda y me siento en \u00e9l valorando todo lo que la vida me ofrece.<\/p>\n<p>Es sentada en mi sof\u00e1 como puedo recordar mi vida pasada, caminando por las calles, sin rumbo, con la cabeza perdida\u2026 y disfrutar de mi presente, caminando por el camino que yo misma he escogido.<\/p>\n<p>Soy voluntaria de C\u00e1ritas, y mi deseo es cada vez hacerlo mejor.<\/p>\n<p>Yo no tendr\u00eda vida, no ser\u00eda quien soy, no estar\u00eda hoy sentada aqu\u00ed si no fuera por mi querido centro Sara, de Sabadell, del cual tambi\u00e9n soy voluntaria.<br \/>\nHace diez a\u00f1os que yo aparec\u00ed all\u00ed, sin nada material pero con una carga emocional muy pesada y dolorosa. El equipo del Sara ha sabido curar todas mis heridas. Han conseguido que yo sea feliz, que mi salud mejore y que mi manera de actuar genere bienestar para m\u00ed misma y para los dem\u00e1s.<\/p>\n","protected":false},"excerpt":{"rendered":"<p>Entrevista a Mar\u00eda Luisa Aledo, participante del programa sin hogar y voluntaria de la entidad \u00bfC\u00f3mo acabaste en la calle? Me pas\u00f3 a m\u00ed, a m\u00ed me pas\u00f3. Ten\u00eda ya cuarenta a\u00f1os y muchos traumas graves sobre mi cabeza. Me empez\u00f3 a fallar la cabeza\u2026 y empec\u00e9 a gastar m\u00e1s de lo que pod\u00eda. No [&hellip;]<\/p>\n","protected":false},"author":4,"featured_media":5819,"comment_status":"open","ping_status":"open","sticky":false,"template":"","format":"standard","meta":{"footnotes":""},"categories":[24],"tags":[1315,1145,1179,994],"autor":[36],"class_list":["post-5809","post","type-post","status-publish","format-standard","has-post-thumbnail","hentry","category-sin-hogar-y-vivienda","tag-nadie-sin-hogar","tag-personas-sin-hogar","tag-sin-hogar","tag-voluntariado","autor-caritas-diocesana-de-barcelona-es"],"aioseo_notices":[],"_links":{"self":[{"href":"https:\/\/blog.caritas.barcelona\/es\/wp-json\/wp\/v2\/posts\/5809","targetHints":{"allow":["GET"]}}],"collection":[{"href":"https:\/\/blog.caritas.barcelona\/es\/wp-json\/wp\/v2\/posts"}],"about":[{"href":"https:\/\/blog.caritas.barcelona\/es\/wp-json\/wp\/v2\/types\/post"}],"author":[{"embeddable":true,"href":"https:\/\/blog.caritas.barcelona\/es\/wp-json\/wp\/v2\/users\/4"}],"replies":[{"embeddable":true,"href":"https:\/\/blog.caritas.barcelona\/es\/wp-json\/wp\/v2\/comments?post=5809"}],"version-history":[{"count":1,"href":"https:\/\/blog.caritas.barcelona\/es\/wp-json\/wp\/v2\/posts\/5809\/revisions"}],"predecessor-version":[{"id":5812,"href":"https:\/\/blog.caritas.barcelona\/es\/wp-json\/wp\/v2\/posts\/5809\/revisions\/5812"}],"wp:featuredmedia":[{"embeddable":true,"href":"https:\/\/blog.caritas.barcelona\/es\/wp-json\/wp\/v2\/media\/5819"}],"wp:attachment":[{"href":"https:\/\/blog.caritas.barcelona\/es\/wp-json\/wp\/v2\/media?parent=5809"}],"wp:term":[{"taxonomy":"category","embeddable":true,"href":"https:\/\/blog.caritas.barcelona\/es\/wp-json\/wp\/v2\/categories?post=5809"},{"taxonomy":"post_tag","embeddable":true,"href":"https:\/\/blog.caritas.barcelona\/es\/wp-json\/wp\/v2\/tags?post=5809"},{"taxonomy":"autor","embeddable":true,"href":"https:\/\/blog.caritas.barcelona\/es\/wp-json\/wp\/v2\/autor?post=5809"}],"curies":[{"name":"wp","href":"https:\/\/api.w.org\/{rel}","templated":true}]}}