{"id":5742,"date":"2017-11-06T14:50:36","date_gmt":"2017-11-06T13:50:36","guid":{"rendered":"https:\/\/blog.caritas.barcelona\/?p=5742"},"modified":"2017-11-15T14:53:19","modified_gmt":"2017-11-15T13:53:19","slug":"la-pena-motorista-llega-los-1500-kg-de-alimentos-solidarios","status":"publish","type":"post","link":"https:\/\/blog.caritas.barcelona\/es\/entidades-con-corazon\/la-pena-motorista-llega-los-1500-kg-de-alimentos-solidarios\/","title":{"rendered":"La Pe\u00f1a Motorista llega los 1500 Kg de alimentos solidarios"},"content":{"rendered":"<p>El d\u00eda 4 de noviembre en Calafat, se corre la \u00faltima carrera de la temporada de la <strong>Pe\u00f1a Motorista Barcelona<\/strong>.<\/p>\n<p><!--more--><\/p>\n<p>Al principio de la temporada se propusieron llegar a recoger &#8220;la tonelada&#8221; de alimentos y gracias a todas las personas que asistieron y participaron en la carrera de Calafat, no s\u00f3lo han llegado si no que se han superado: <strong>\u00a1Recogieron 1.500kg de alimentos!<\/strong><\/p>\n<p><img loading=\"lazy\" decoding=\"async\" class=\"aligncenter wp-image-5739 size-large\" src=\"https:\/\/blog.caritas.barcelona\/wp-content\/uploads\/sites\/2\/2017\/11\/IMG_20171104_105932-1024x768.jpg\" alt=\"\" width=\"1024\" height=\"768\" srcset=\"https:\/\/blog.caritas.barcelona\/wp-content\/uploads\/sites\/2\/2017\/11\/IMG_20171104_105932-1024x768.jpg 1024w, https:\/\/blog.caritas.barcelona\/wp-content\/uploads\/sites\/2\/2017\/11\/IMG_20171104_105932-300x225.jpg 300w, https:\/\/blog.caritas.barcelona\/wp-content\/uploads\/sites\/2\/2017\/11\/IMG_20171104_105932-768x576.jpg 768w, https:\/\/blog.caritas.barcelona\/wp-content\/uploads\/sites\/2\/2017\/11\/IMG_20171104_105932-600x450.jpg 600w, https:\/\/blog.caritas.barcelona\/wp-content\/uploads\/sites\/2\/2017\/11\/IMG_20171104_105932.jpg 1440w\" sizes=\"auto, (max-width: 1024px) 100vw, 1024px\" \/><\/p>\n<p>Hicimos entrega de la placa de Entidad con Coraz\u00f3n como reconocimiento por su solidaridad a lo largo de todo el a\u00f1o con estas recogidas continuadas de alimentos a sus carreras, alimentos que est\u00e1n destinados a atender las necesidades b\u00e1sicas de las personas que m\u00e1s lo necesitan.<\/p>\n<p>\u00a1\u00a1\u00a1<strong>Muchas gracias<\/strong> Pe\u00f1a Motorista de Barcelona!!!<\/p>\n","protected":false},"excerpt":{"rendered":"<p>El d\u00eda 4 de noviembre en Calafat, se corre la \u00faltima carrera de la temporada de la Pe\u00f1a Motorista Barcelona.<\/p>\n","protected":false},"author":5,"featured_media":5740,"comment_status":"open","ping_status":"open","sticky":false,"template":"","format":"standard","meta":{"footnotes":""},"categories":[22],"tags":[1295,1296,436,1294,1282],"autor":[1228],"class_list":["post-5742","post","type-post","status-publish","format-standard","has-post-thumbnail","hentry","category-entidades-con-corazon","tag-1-tonelada","tag-1500-kg","tag-alimentos","tag-pena-motorista-de-barcelona","tag-recogida-de-alimentos","autor-albert-escuder-es"],"aioseo_notices":[],"_links":{"self":[{"href":"https:\/\/blog.caritas.barcelona\/es\/wp-json\/wp\/v2\/posts\/5742","targetHints":{"allow":["GET"]}}],"collection":[{"href":"https:\/\/blog.caritas.barcelona\/es\/wp-json\/wp\/v2\/posts"}],"about":[{"href":"https:\/\/blog.caritas.barcelona\/es\/wp-json\/wp\/v2\/types\/post"}],"author":[{"embeddable":true,"href":"https:\/\/blog.caritas.barcelona\/es\/wp-json\/wp\/v2\/users\/5"}],"replies":[{"embeddable":true,"href":"https:\/\/blog.caritas.barcelona\/es\/wp-json\/wp\/v2\/comments?post=5742"}],"version-history":[{"count":1,"href":"https:\/\/blog.caritas.barcelona\/es\/wp-json\/wp\/v2\/posts\/5742\/revisions"}],"predecessor-version":[{"id":5743,"href":"https:\/\/blog.caritas.barcelona\/es\/wp-json\/wp\/v2\/posts\/5742\/revisions\/5743"}],"wp:featuredmedia":[{"embeddable":true,"href":"https:\/\/blog.caritas.barcelona\/es\/wp-json\/wp\/v2\/media\/5740"}],"wp:attachment":[{"href":"https:\/\/blog.caritas.barcelona\/es\/wp-json\/wp\/v2\/media?parent=5742"}],"wp:term":[{"taxonomy":"category","embeddable":true,"href":"https:\/\/blog.caritas.barcelona\/es\/wp-json\/wp\/v2\/categories?post=5742"},{"taxonomy":"post_tag","embeddable":true,"href":"https:\/\/blog.caritas.barcelona\/es\/wp-json\/wp\/v2\/tags?post=5742"},{"taxonomy":"autor","embeddable":true,"href":"https:\/\/blog.caritas.barcelona\/es\/wp-json\/wp\/v2\/autor?post=5742"}],"curies":[{"name":"wp","href":"https:\/\/api.w.org\/{rel}","templated":true}]}}