{"id":5649,"date":"2016-12-15T10:19:49","date_gmt":"2016-12-15T09:19:49","guid":{"rendered":"https:\/\/blog.caritas.barcelona\/?p=5649"},"modified":"2017-11-02T10:28:08","modified_gmt":"2017-11-02T09:28:08","slug":"entrega-de-la-placa-distintiva-de-clubes-con-corazon-en-bonaesport","status":"publish","type":"post","link":"https:\/\/blog.caritas.barcelona\/es\/entidades-con-corazon\/entrega-de-la-placa-distintiva-de-clubes-con-corazon-en-bonaesport\/","title":{"rendered":"Entrega de la placa distintiva de Clubes con Coraz\u00f3n en Bonaesport"},"content":{"rendered":"<p class=\"p1\">El pasado d\u00eda 13 de diciembre, Bonaesport recibi\u00f3 la placa distintiva de Clubes con Coraz\u00f3n.<\/p>\n<p class=\"p1\"><!--more--><\/p>\n<p class=\"p1\">Los Voluntarios de Clubes con Coraz\u00f3n, Montserrat Navarro, Luis Correa y Albert Espa\u00f1ol, entregaron la placa distintiva al Se\u00f1or Eduard Cabr\u00e9 Mir\u00f3, Director General del Bonasport.<\/p>\n<p class=\"p1\"><a href=\"https:\/\/blog.caritas.barcelona\/wp-content\/uploads\/sites\/2\/2017\/04\/Captura-de-pantalla-2017-04-22-a-las-19.55.59.png\"><img loading=\"lazy\" decoding=\"async\" class=\"aligncenter size-full wp-image-12401\" src=\"https:\/\/blog.caritas.barcelona\/wp-content\/uploads\/sites\/2\/2017\/04\/Captura-de-pantalla-2017-04-22-a-las-19.55.59.png\" alt=\"Captura de pantalla 2017-04-22 a las 19.55.59\" width=\"427\" height=\"318\" \/><\/a><\/p>\n<p>Esta entrega quiere demostrar el esp\u00edritu solidario del Club para ayudar a las personas m\u00e1s vulnerables de la sociedad, promoviendo diferentes acciones solidarias como las recogidas de alimentos, donaciones por parte de sus socios y la organizaci\u00f3n en 2011 de un Cycling Solidario .<\/p>\n<p>Muchas gracias con coraz\u00f3n !!!<\/p>\n","protected":false},"excerpt":{"rendered":"<p>El pasado d\u00eda 13 de diciembre, Bonaesport recibi\u00f3 la placa distintiva de Clubes con Coraz\u00f3n.<\/p>\n","protected":false},"author":5,"featured_media":0,"comment_status":"open","ping_status":"open","sticky":false,"template":"","format":"standard","meta":{"footnotes":""},"categories":[22],"tags":[800,1224,276,574],"autor":[36],"class_list":["post-5649","post","type-post","status-publish","format-standard","hentry","category-entidades-con-corazon","tag-bonaesport","tag-caritas-es","tag-entrega","tag-placa-distintiva","autor-caritas-diocesana-de-barcelona-es"],"aioseo_notices":[],"_links":{"self":[{"href":"https:\/\/blog.caritas.barcelona\/es\/wp-json\/wp\/v2\/posts\/5649","targetHints":{"allow":["GET"]}}],"collection":[{"href":"https:\/\/blog.caritas.barcelona\/es\/wp-json\/wp\/v2\/posts"}],"about":[{"href":"https:\/\/blog.caritas.barcelona\/es\/wp-json\/wp\/v2\/types\/post"}],"author":[{"embeddable":true,"href":"https:\/\/blog.caritas.barcelona\/es\/wp-json\/wp\/v2\/users\/5"}],"replies":[{"embeddable":true,"href":"https:\/\/blog.caritas.barcelona\/es\/wp-json\/wp\/v2\/comments?post=5649"}],"version-history":[{"count":1,"href":"https:\/\/blog.caritas.barcelona\/es\/wp-json\/wp\/v2\/posts\/5649\/revisions"}],"predecessor-version":[{"id":5650,"href":"https:\/\/blog.caritas.barcelona\/es\/wp-json\/wp\/v2\/posts\/5649\/revisions\/5650"}],"wp:attachment":[{"href":"https:\/\/blog.caritas.barcelona\/es\/wp-json\/wp\/v2\/media?parent=5649"}],"wp:term":[{"taxonomy":"category","embeddable":true,"href":"https:\/\/blog.caritas.barcelona\/es\/wp-json\/wp\/v2\/categories?post=5649"},{"taxonomy":"post_tag","embeddable":true,"href":"https:\/\/blog.caritas.barcelona\/es\/wp-json\/wp\/v2\/tags?post=5649"},{"taxonomy":"autor","embeddable":true,"href":"https:\/\/blog.caritas.barcelona\/es\/wp-json\/wp\/v2\/autor?post=5649"}],"curies":[{"name":"wp","href":"https:\/\/api.w.org\/{rel}","templated":true}]}}