{"id":5634,"date":"2016-12-17T14:56:36","date_gmt":"2016-12-17T13:56:36","guid":{"rendered":"https:\/\/blog.caritas.barcelona\/?p=5634"},"modified":"2017-11-01T14:58:00","modified_gmt":"2017-11-01T13:58:00","slug":"firma-del-acuerdo-de-colaboracion-de-fundacion-privada-grupo-calidad-con-caritas","status":"publish","type":"post","link":"https:\/\/blog.caritas.barcelona\/es\/entidades-con-corazon\/firma-del-acuerdo-de-colaboracion-de-fundacion-privada-grupo-calidad-con-caritas\/","title":{"rendered":"Firma del Acuerdo de Colaboraci\u00f3n de Fundaci\u00f3n Privada Grupo Calidad con C\u00e1ritas"},"content":{"rendered":"<p class=\"p1\">El pasado 15 de diciembre, se recogi\u00f3 la firma de la Sra. Marina Gallego, Presidenta de la Fundaci\u00f3n Privada Grupo Calidad en el quinto Acuerdo de Colaboraci\u00f3n con C\u00e1ritas Diocesana de Barcelona.<\/p>\n<p class=\"p1\"><!--more--><\/p>\n<p class=\"p1\"><a href=\"https:\/\/blog.caritas.barcelona\/wp-content\/uploads\/sites\/2\/2017\/04\/Captura-de-pantalla-2017-04-22-a-las-20.22.14.png\"><img loading=\"lazy\" decoding=\"async\" class=\"aligncenter size-full wp-image-12409\" src=\"https:\/\/blog.caritas.barcelona\/wp-content\/uploads\/sites\/2\/2017\/04\/Captura-de-pantalla-2017-04-22-a-las-20.22.14.png\" alt=\"Captura de pantalla 2017-04-22 a las 20.22.14\" width=\"448\" height=\"80\" \/><\/a><\/p>\n<p>Conxita Ribas, Coordinadora de Entidades con Coraz\u00f3n de C\u00e1ritas Diocesana de Barcelona, y Fernando Porta, voluntario referente, visitaron a la Presidenta de la Fundaci\u00f3n, la Sra. Gallego, y al Director del Grupo Calidad, Sr. Eduard Brull.<\/p>\n<p>El acuerdo firmado es de periodicidad anual y el dinero ir\u00e1n destinados, como los otros a\u00f1os, el Servicio de Mediaci\u00f3n de la Vivienda.<\/p>\n<p>Muchas gracias de todo coraz\u00f3n !!!<\/p>\n","protected":false},"excerpt":{"rendered":"<p>El pasado 15 de diciembre, se recogi\u00f3 la firma de la Sra. Marina Gallego, Presidenta de la Fundaci\u00f3n Privada Grupo Calidad en el quinto Acuerdo de Colaboraci\u00f3n con C\u00e1ritas Diocesana de Barcelona.<\/p>\n","protected":false},"author":5,"featured_media":0,"comment_status":"open","ping_status":"open","sticky":false,"template":"","format":"standard","meta":{"footnotes":""},"categories":[22],"tags":[870,1042,1224,884,312],"autor":[36],"class_list":["post-5634","post","type-post","status-publish","format-standard","hentry","category-entidades-con-corazon","tag-acuerdo","tag-acuerdo-colaboracion","tag-caritas-es","tag-firma","tag-grup-qualitat","autor-caritas-diocesana-de-barcelona-es"],"aioseo_notices":[],"_links":{"self":[{"href":"https:\/\/blog.caritas.barcelona\/es\/wp-json\/wp\/v2\/posts\/5634","targetHints":{"allow":["GET"]}}],"collection":[{"href":"https:\/\/blog.caritas.barcelona\/es\/wp-json\/wp\/v2\/posts"}],"about":[{"href":"https:\/\/blog.caritas.barcelona\/es\/wp-json\/wp\/v2\/types\/post"}],"author":[{"embeddable":true,"href":"https:\/\/blog.caritas.barcelona\/es\/wp-json\/wp\/v2\/users\/5"}],"replies":[{"embeddable":true,"href":"https:\/\/blog.caritas.barcelona\/es\/wp-json\/wp\/v2\/comments?post=5634"}],"version-history":[{"count":1,"href":"https:\/\/blog.caritas.barcelona\/es\/wp-json\/wp\/v2\/posts\/5634\/revisions"}],"predecessor-version":[{"id":5635,"href":"https:\/\/blog.caritas.barcelona\/es\/wp-json\/wp\/v2\/posts\/5634\/revisions\/5635"}],"wp:attachment":[{"href":"https:\/\/blog.caritas.barcelona\/es\/wp-json\/wp\/v2\/media?parent=5634"}],"wp:term":[{"taxonomy":"category","embeddable":true,"href":"https:\/\/blog.caritas.barcelona\/es\/wp-json\/wp\/v2\/categories?post=5634"},{"taxonomy":"post_tag","embeddable":true,"href":"https:\/\/blog.caritas.barcelona\/es\/wp-json\/wp\/v2\/tags?post=5634"},{"taxonomy":"autor","embeddable":true,"href":"https:\/\/blog.caritas.barcelona\/es\/wp-json\/wp\/v2\/autor?post=5634"}],"curies":[{"name":"wp","href":"https:\/\/api.w.org\/{rel}","templated":true}]}}